{"id":342508,"date":"2025-08-25T09:39:19","date_gmt":"2025-08-25T09:39:19","guid":{"rendered":"https:\/\/www.europesays.com\/fr\/342508\/"},"modified":"2025-08-25T09:39:19","modified_gmt":"2025-08-25T09:39:19","slug":"le-royaume-uni-deploie-la-reconnaissance-faciale-en-temps-reel-et-a-grande-echelle-24-08-2025-a-0957","status":"publish","type":"post","link":"https:\/\/www.europesays.com\/fr\/342508\/","title":{"rendered":"Le Royaume-Uni d\u00e9ploie la reconnaissance faciale en temps r\u00e9el et \u00e0 grande \u00e9chelle &#8211; 24\/08\/2025 \u00e0 09:57"},"content":{"rendered":"<p>        <img fetchpriority=\"high\" decoding=\"async\" src=\"https:\/\/www.europesays.com\/fr\/wp-content\/uploads\/2025\/08\/3c889ae83731e85b84010b59e1e79505-760x507.jpg\" alt=\"Un van de la police londonienne avec des cam\u00e9ras de reconnaissance faciale en temps r\u00e9el d\u00e9ploy\u00e9 dans les rues de Londres lors du couronnement du roi Charles III le 6 mai 2023 ( AFP \/ Will EDWARDS )\" loading=\"eager\" width=\"760\" height=\"507\" style=\"max-width: 100%!important; height: auto;\"\/><\/p>\n<p class=\"c-image-news__legend\">Un van de la police londonienne avec des cam\u00e9ras de reconnaissance faciale en temps r\u00e9el d\u00e9ploy\u00e9 dans les rues de Londres lors du couronnement du roi Charles III le 6 mai 2023 ( AFP \/ Will EDWARDS )<\/p>\n<p>\n A l&rsquo;entr\u00e9e d&rsquo;un supermarch\u00e9, dans la foule d&rsquo;un festival : des millions de Britanniques ont d\u00e9sormais le visage scann\u00e9 par des technologies de reconnaissance faciale en temps r\u00e9el, dans le seul pays europ\u00e9en \u00e0 les d\u00e9ployer \u00e0 grande \u00e9chelle.\n<\/p>\n<p>\n Au carnaval londonien de Notting Hill, o\u00f9 deux millions de personnes sont attendues dimanche et lundi pour c\u00e9l\u00e9brer la culture afro-carib\u00e9enne, des cam\u00e9ras utilisant ce proc\u00e9d\u00e9 ont \u00e9t\u00e9 install\u00e9es aux entr\u00e9es et sorties de la parade.\n<\/p>\n<p>\n L&rsquo;objectif, selon la police : \u00ab\u00a0identifier et intercepter\u00a0\u00bb en direct des personnes recherch\u00e9es, en scannant les visages et en les comparant aux milliers de suspects dans sa base de donn\u00e9es.\n<\/p>\n<p>\n \u00ab\u00a0La reconnaissance faciale en temps r\u00e9el est un outil efficace (&#8230;) qui a permis plus de 1.000 arrestations depuis d\u00e9but 2024\u00a0\u00bb, a assur\u00e9 Mark Rowley, le chef de la police de Londres, qui pr\u00e9voit de \u00ab\u00a0plus que doubler son usage\u00a0\u00bb \u00e0 l&rsquo;avenir.\n<\/p>\n<p>\n Le recours \u00e0 ces technologies a d\u00e9j\u00e0 consid\u00e9rablement augment\u00e9 depuis trois ans, passant de dix op\u00e9rations entre 2016 et 2019 \u00e0 une centaine depuis d\u00e9but 2025.\n<\/p>\n<p>\n Au total, les visages de 4,7 millions de personnes ont \u00e9t\u00e9 scann\u00e9s en 2024 au Royaume-Uni, note l&rsquo;ONG Liberty.\n<\/p>\n<p>\n Les cam\u00e9ras sont install\u00e9es sur le toit d&rsquo;un van, o\u00f9 op\u00e8rent des agents de police, et, lorsqu&rsquo;un suspect passe \u00e0 proximit\u00e9, le syst\u00e8me utilisant l&rsquo;intelligence artificielle d\u00e9clenche une alerte permettant d&rsquo;imm\u00e9diatement l&rsquo;interpeller.\n<\/p>\n<p>\n Son utilisation \u00ab\u00a0\u00e0 grande \u00e9chelle\u00a0\u00bb dans la capitale britannique, \u00e0 l&rsquo;occasion du couronnement de Charles III en 2023, ou \u00e0 Cardiff cette ann\u00e9e avant les concerts d&rsquo;Oasis et les matchs du tournoi des Six Nations, transforme le Royaume-Uni en \u00ab\u00a0un pays de suspects\u00a0\u00bb, s&rsquo;inqui\u00e8te l&rsquo;organisation Big Brother Watch.\n<\/p>\n<p>\n \u00ab\u00a0Il n&rsquo;y a pas de base l\u00e9gislative (&#8230;) donc la police a le champ libre pour \u00e9crire ses propres r\u00e8gles\u00a0\u00bb, d\u00e9clare \u00e0 l&rsquo;AFP Rebecca Vincent, sa directrice int\u00e9rimaire.\n<\/p>\n<p>\n Son usage priv\u00e9 par des supermarch\u00e9s ou des magasins d&rsquo;habillement pour lutter contre des vols \u00e0 l&rsquo;\u00e9talage en forte augmentation les pr\u00e9occupe particuli\u00e8rement, avec \u00ab\u00a0tr\u00e8s peu d&rsquo;informations\u00a0\u00bb sur leur collecte des donn\u00e9es.\n<\/p>\n<p>\n La plupart utilisent Facewatch, un prestataire qui constitue une liste de suspects d&rsquo;infractions dans les magasins qu&rsquo;il surveille, et donne l&rsquo;alerte d\u00e8s que l&rsquo;un d&rsquo;eux entre dans un de ces commerces.\n<\/p>\n<p>\n \u00ab\u00a0Ils devraient en informer clairement leurs clients\u00a0\u00bb, s&rsquo;\u00e9tonne, \u00ab\u00a0tr\u00e8s surprise\u00a0\u00bb, Abigail Bevon, une m\u00e9decin l\u00e9giste de 26 ans rencontr\u00e9e devant une cha\u00eene utilisant Facewatch \u00e0 Londres. Si elle comprend l&rsquo;utilit\u00e9 de cette technologie pour la police, elle juge \u00ab\u00a0invasif\u00a0\u00bb son usage par un commerce.\n<\/p>\n<p> &#8211; Interdit dans l&rsquo;UE &#8211;<\/p>\n<p>\n Dans l&rsquo;UE, la l\u00e9gislation encadrant depuis f\u00e9vrier l&rsquo;intelligence artificielle interdit le recours aux technologies de reconnaissance faciale en temps r\u00e9el, avec des exceptions notamment pour la lutte antiterroriste.\n<\/p>\n<p>\n Hormis quelques cas aux Etats-Unis, \u00ab\u00a0il n&rsquo;y a rien de comparable dans les pays europ\u00e9ens ou dans d&rsquo;autres d\u00e9mocraties, l&rsquo;usage de cette technologie (au Royaume-Uni) s&rsquo;apparentant davantage \u00e0 celui d&rsquo;Etats autoritaires comme la Chine\u00a0\u00bb, souligne Rebecca Vincent.\n<\/p>\n<p>\n \u00ab\u00a0Cela change la mani\u00e8re d&rsquo;habiter en ville en supprimant la possibilit\u00e9 de vivre dans l&rsquo;anonymat\u00a0\u00bb et peut d\u00e9courager la participation notamment aux manifestations, avertit Daragh Murray, ma\u00eetre de conf\u00e9rence \u00e0 l&rsquo;universit\u00e9 Queen Mary de Londres.\n<\/p>\n<p>        <img decoding=\"async\" src=\"https:\/\/www.europesays.com\/fr\/wp-content\/uploads\/2025\/08\/9d4a226ef975de46cc5ceab60c09b57b-760x506.jpg\" alt=\"Un van de la police londonienne avec des cam\u00e9ras de reconnaissance faciale en temps r\u00e9el d\u00e9ploy\u00e9 dans les rues de Londres lors du couronnement du roi Charles III le 6 mai 2023 ( AFP \/ Will EDWARDS )\" loading=\"eager\" width=\"760\" height=\"506\" style=\"max-width: 100%!important; height: auto;\"\/><\/p>\n<p class=\"c-image-news__legend\">Un van de la police londonienne avec des cam\u00e9ras de reconnaissance faciale en temps r\u00e9el d\u00e9ploy\u00e9 dans les rues de Londres lors du couronnement du roi Charles III le 6 mai 2023 ( AFP \/ Will EDWARDS )<\/p>\n<p>\n La ministre de l&rsquo;Int\u00e9rieur Yvette Cooper a r\u00e9cemment promis un \u00ab\u00a0cadre l\u00e9gal\u00a0\u00bb pour d\u00e9limiter son usage, mettant l&rsquo;accent sur la lutte contre les \u00ab\u00a0crimes graves\u00a0\u00bb.\n<\/p>\n<p>\n Sans attendre, le Home office vient d&rsquo;\u00e9tendre le recours \u00e0 ce proc\u00e9d\u00e9 \u00e0 sept nouvelles r\u00e9gions du Royaume-Uni.\n<\/p>\n<p>\n Apr\u00e8s les vans, des cam\u00e9ras permanentes doivent aussi \u00eatre install\u00e9es pour la premi\u00e8re fois en septembre \u00e0 Croydon, un quartier du sud de la capitale jug\u00e9 difficile.\n<\/p>\n<p>\n La police assure disposer de \u00ab\u00a0garanties robustes\u00a0\u00bb, promettant de supprimer les donn\u00e9es biom\u00e9triques des personnes n&rsquo;ayant rien \u00e0 se reprocher.\n<\/p>\n<p>\n Mais le r\u00e9gulateur britannique charg\u00e9 des droits humains a estim\u00e9 mercredi que l&rsquo;utilisation de cette technologie par les policiers londoniens \u00e9tait \u00ab\u00a0ill\u00e9gale\u00a0\u00bb car \u00ab\u00a0incompatible\u00a0\u00bb avec le respect de ces droits.\n<\/p>\n<p>\n Onze organisations, dont Human Rights Watch, avaient exhort\u00e9 la police \u00e0 renoncer \u00e0 l&rsquo;utiliser pendant le carnaval de Notting Hill, l&rsquo;accusant dans une lettre de \u00ab\u00a0cibler injustement\u00a0\u00bb cette communaut\u00e9 et insistant sur les biais raciaux de l&rsquo;IA.\n<\/p>\n<p>\n Elles citent le cas de Shaun Thompson, un homme noir arr\u00eat\u00e9 apr\u00e8s avoir \u00e9t\u00e9 identifi\u00e9 \u00e0 tort par l&rsquo;une de ces cam\u00e9ras, qui a d\u00e9pos\u00e9 un recours en justice contre la police londonienne.<\/p>\n","protected":false},"excerpt":{"rendered":"Un van de la police londonienne avec des cam\u00e9ras de reconnaissance faciale en temps r\u00e9el d\u00e9ploy\u00e9 dans les&hellip;\n","protected":false},"author":2,"featured_media":342509,"comment_status":"","ping_status":"","sticky":false,"template":"","format":"standard","meta":{"footnotes":""},"categories":[1588],"tags":[400,11,398,408,405,1777,674,403,402,399,404,12,473,1853,401,406,1851,1850,1852,407],"class_list":{"0":"post-342508","1":"post","2":"type-post","3":"status-publish","4":"format-standard","5":"has-post-thumbnail","7":"category-royaume-uni","8":"tag-action-cac-40","9":"tag-actualites","10":"tag-bourse-de-paris","11":"tag-boursorama","12":"tag-cotations","13":"tag-eu","14":"tag-europe","15":"tag-indices-devises","16":"tag-investir","17":"tag-investissement","18":"tag-marche-boursier","19":"tag-news","20":"tag-royaume-uni","21":"tag-royaume-uni-de-grande-bretagne-et-dirlande-du-nord","22":"tag-sicav","23":"tag-trackers","24":"tag-uk","25":"tag-united-kingdom","26":"tag-united-kingdom-of-great-britain-and-northern-ireland","27":"tag-warrants"},"share_on_mastodon":{"url":"https:\/\/pubeurope.com\/@fr\/115088743771710798","error":""},"_links":{"self":[{"href":"https:\/\/www.europesays.com\/fr\/wp-json\/wp\/v2\/posts\/342508","targetHints":{"allow":["GET"]}}],"collection":[{"href":"https:\/\/www.europesays.com\/fr\/wp-json\/wp\/v2\/posts"}],"about":[{"href":"https:\/\/www.europesays.com\/fr\/wp-json\/wp\/v2\/types\/post"}],"author":[{"embeddable":true,"href":"https:\/\/www.europesays.com\/fr\/wp-json\/wp\/v2\/users\/2"}],"replies":[{"embeddable":true,"href":"https:\/\/www.europesays.com\/fr\/wp-json\/wp\/v2\/comments?post=342508"}],"version-history":[{"count":0,"href":"https:\/\/www.europesays.com\/fr\/wp-json\/wp\/v2\/posts\/342508\/revisions"}],"wp:featuredmedia":[{"embeddable":true,"href":"https:\/\/www.europesays.com\/fr\/wp-json\/wp\/v2\/media\/342509"}],"wp:attachment":[{"href":"https:\/\/www.europesays.com\/fr\/wp-json\/wp\/v2\/media?parent=342508"}],"wp:term":[{"taxonomy":"category","embeddable":true,"href":"https:\/\/www.europesays.com\/fr\/wp-json\/wp\/v2\/categories?post=342508"},{"taxonomy":"post_tag","embeddable":true,"href":"https:\/\/www.europesays.com\/fr\/wp-json\/wp\/v2\/tags?post=342508"}],"curies":[{"name":"wp","href":"https:\/\/api.w.org\/{rel}","templated":true}]}}