{"id":342510,"date":"2025-08-25T09:40:12","date_gmt":"2025-08-25T09:40:12","guid":{"rendered":"https:\/\/www.europesays.com\/fr\/342510\/"},"modified":"2025-08-25T09:40:12","modified_gmt":"2025-08-25T09:40:12","slug":"allemagne-le-climat-des-affaires-atteint-son-plus-haut-niveau-depuis-plus-dun-an-en-aout-selon-lifo-25-08-2025-a-1120","status":"publish","type":"post","link":"https:\/\/www.europesays.com\/fr\/342510\/","title":{"rendered":"Allemagne: Le climat des affaires atteint son plus haut niveau depuis plus d&rsquo;un an en ao\u00fbt, selon l&rsquo;Ifo &#8211; 25\/08\/2025 \u00e0 11:20"},"content":{"rendered":"<p>        <img fetchpriority=\"high\" decoding=\"async\" src=\"https:\/\/www.europesays.com\/fr\/wp-content\/uploads\/2025\/08\/4f897faea1f111020b24b1be52905025-760x507.jpg\" alt=\"Un drapeau allemand flotte au sommet du b\u00e2timent du Reichstag \u00e0 Berlin\" loading=\"eager\" width=\"760\" height=\"507\" style=\"max-width: 100%!important; height: auto;\"\/><\/p>\n<p class=\"c-image-news__legend\">Un drapeau allemand flotte au sommet du b\u00e2timent du Reichstag \u00e0 Berlin<\/p>\n<p>\n Le moral des entrepreneurs allemands s&rsquo;est am\u00e9lior\u00e9 de fa\u00e7on inattendue en ao\u00fbt pour atteindre son plus haut niveau en 15 mois, montre une enqu\u00eate de l&rsquo;institut Ifo publi\u00e9e lundi, les analystes avertissant cependant que les perspectives \u00e9conomiques restent faibles.\n<\/p>\n<p>\n Son indice du climat des affaires a augment\u00e9 \u00e0 89,0 points en ao\u00fbt, son plus haut niveau depuis mai dernier, contre 88,6 en juillet.\n<\/p>\n<p>\n Les analystes interrog\u00e9s par Reuters pr\u00e9voyaient une stagnation de l&rsquo;indice \u00e0 88,6.\n<\/p>\n<p>\n Cette augmentation s&rsquo;explique par l&rsquo;am\u00e9lioration des pr\u00e9visions des entreprises. Toutefois, la situation actuelle a \u00e9t\u00e9 jug\u00e9e l\u00e9g\u00e8rement moins bonne, selon l&rsquo;Ifo.\n<\/p>\n<p>\n \u00ab\u00a0L&rsquo;am\u00e9lioration n&rsquo;est pas suffisante pour susciter de r\u00e9els espoirs de croissance\u00a0\u00bb, a affirm\u00e9 Alexander Krueger, \u00e9conomiste en chef chez Hauck Aufh\u00e4user Lampe. \u00ab\u00a0Beaucoup repose sur des attentes pour l&rsquo;avenir, dont la r\u00e9alisation est incertaine\u00a0\u00bb.\n<\/p>\n<p>\n \u00ab\u00a0La reprise de l&rsquo;\u00e9conomie allemande reste faible\u00a0\u00bb, estime Clemens Fuest, pr\u00e9sident de l&rsquo;Ifo.\n<\/p>\n<p>\n L&rsquo;\u00e9conomie allemande s&rsquo;est contract\u00e9e de 0,3% au deuxi\u00e8me trimestre, assombrissant encore les perspectives d&rsquo;une reprise durable de la plus grande \u00e9conomie europ\u00e9enne cette ann\u00e9e.\n<\/p>\n<p>\n Klaus Wohlrabe, directeur des \u00e9tudes \u00e0 l&rsquo;Ifo, table sur une croissance modeste au troisi\u00e8me trimestre, avec une progression du produit int\u00e9rieur brut (PIB) de seulement 0,1%.\n<\/p>\n<p>\n Il a ajout\u00e9 que les perspectives d&rsquo;exportation s&rsquo;\u00e9taient d\u00e9t\u00e9rior\u00e9es depuis que l&rsquo;Union europ\u00e9enne (UE) et les \u00c9tats-Unis ont conclu un accord commercial cadre fin juillet, pr\u00e9voyant des droits de douane de 15%.\n<\/p>\n<p>\n La hausse des droits de douane am\u00e9ricains freine la croissance, tandis que les baisses de taux d&rsquo;int\u00e9r\u00eat de la Banque centrale europ\u00e9enne (BCE) et les milliards de d\u00e9penses d&rsquo;infrastructure promis par le gouvernement allemand devraient favoriser une reprise mod\u00e9r\u00e9e, a d\u00e9clar\u00e9 Thomas Gitzel, \u00e9conomiste en chef de la VP Bank.\n<\/p>\n<p>\n \u00ab\u00a0La lente remont\u00e9e de l&rsquo;indice Ifo du climat des affaires peut donc \u00eatre transpos\u00e9e telle quelle \u00e0 l&rsquo;\u00e9conomie allemande\u00a0\u00bb, a d\u00e9clar\u00e9 Thomas Gitzel.\n<\/p>\n<p>\n (Miranda Murray, Reinhard Becker et Rene Wagner, r\u00e9dig\u00e9 par Mara V\u00eelcu, \u00e9dit\u00e9 par Blandine H\u00e9nault et Augustin Turpin)<\/p>\n","protected":false},"excerpt":{"rendered":"Un drapeau allemand flotte au sommet du b\u00e2timent du Reichstag \u00e0 Berlin Le moral des entrepreneurs allemands s&rsquo;est&hellip;\n","protected":false},"author":2,"featured_media":342511,"comment_status":"","ping_status":"","sticky":false,"template":"","format":"standard","meta":{"footnotes":""},"categories":[1587],"tags":[400,11,672,398,408,1804,405,1805,1803,1777,674,1801,403,402,399,404,12,1802,401,406,407],"class_list":{"0":"post-342510","1":"post","2":"type-post","3":"status-publish","4":"format-standard","5":"has-post-thumbnail","7":"category-allemagne","8":"tag-action-cac-40","9":"tag-actualites","10":"tag-allemagne","11":"tag-bourse-de-paris","12":"tag-boursorama","13":"tag-bundesrepublik-deutschland","14":"tag-cotations","15":"tag-de","16":"tag-deutschland","17":"tag-eu","18":"tag-europe","19":"tag-germany","20":"tag-indices-devises","21":"tag-investir","22":"tag-investissement","23":"tag-marche-boursier","24":"tag-news","25":"tag-republique-federale-dallemagne","26":"tag-sicav","27":"tag-trackers","28":"tag-warrants"},"share_on_mastodon":{"url":"https:\/\/pubeurope.com\/@fr\/115088747687008481","error":""},"_links":{"self":[{"href":"https:\/\/www.europesays.com\/fr\/wp-json\/wp\/v2\/posts\/342510","targetHints":{"allow":["GET"]}}],"collection":[{"href":"https:\/\/www.europesays.com\/fr\/wp-json\/wp\/v2\/posts"}],"about":[{"href":"https:\/\/www.europesays.com\/fr\/wp-json\/wp\/v2\/types\/post"}],"author":[{"embeddable":true,"href":"https:\/\/www.europesays.com\/fr\/wp-json\/wp\/v2\/users\/2"}],"replies":[{"embeddable":true,"href":"https:\/\/www.europesays.com\/fr\/wp-json\/wp\/v2\/comments?post=342510"}],"version-history":[{"count":0,"href":"https:\/\/www.europesays.com\/fr\/wp-json\/wp\/v2\/posts\/342510\/revisions"}],"wp:featuredmedia":[{"embeddable":true,"href":"https:\/\/www.europesays.com\/fr\/wp-json\/wp\/v2\/media\/342511"}],"wp:attachment":[{"href":"https:\/\/www.europesays.com\/fr\/wp-json\/wp\/v2\/media?parent=342510"}],"wp:term":[{"taxonomy":"category","embeddable":true,"href":"https:\/\/www.europesays.com\/fr\/wp-json\/wp\/v2\/categories?post=342510"},{"taxonomy":"post_tag","embeddable":true,"href":"https:\/\/www.europesays.com\/fr\/wp-json\/wp\/v2\/tags?post=342510"}],"curies":[{"name":"wp","href":"https:\/\/api.w.org\/{rel}","templated":true}]}}