{"id":342512,"date":"2025-08-25T09:41:11","date_gmt":"2025-08-25T09:41:11","guid":{"rendered":"https:\/\/www.europesays.com\/fr\/342512\/"},"modified":"2025-08-25T09:41:11","modified_gmt":"2025-08-25T09:41:11","slug":"les-negociations-nucleaires-avec-leurope-se-tiendront-a-geneve","status":"publish","type":"post","link":"https:\/\/www.europesays.com\/fr\/342512\/","title":{"rendered":"les n\u00e9gociations nucl\u00e9aires avec l\u2019Europe se tiendront \u00e0 Gen\u00e8ve"},"content":{"rendered":"<p>AA \/ T\u00e9h\u00e9ran \/ Ahmet Dursun <\/p>\n<p>Les n\u00e9gociations nucl\u00e9aires entre l\u2019Iran et le Royaume-Uni, la France et l\u2019Allemagne se tiendront le 26 ao\u00fbt \u00e0 Gen\u00e8ve, a rapport\u00e9 ce lundi l\u2019agence semi-officielle iranienne Tasnim.<\/p>\n<p>Les discussions auront lieu au niveau des vice-ministres des Affaires \u00e9trang\u00e8res. L\u2019Iran sera repr\u00e9sent\u00e9 par les vice-ministres Mecid Tahtrevanci et Kazim Garibabadi.<\/p>\n<p>&#8211; Accord de 2015 et m\u00e9canisme de \u00ab\u202fsnapback\u202f\u00bb<\/p>\n<p>Pour rappel, le 14 juillet 2015, l\u2019Iran avait sign\u00e9 un accord avec les cinq membres permanents du Conseil de s\u00e9curit\u00e9 de l\u2019ONU et l\u2019Allemagne, limitant ses activit\u00e9s nucl\u00e9aires en \u00e9change de la lev\u00e9e des sanctions. Cependant, en 2018, les \u00c9tats-Unis se sont retir\u00e9s unilat\u00e9ralement de l\u2019accord et ont r\u00e9tabli les sanctions contre T\u00e9h\u00e9ran. Apr\u00e8s ce retrait, l\u2019Iran a demand\u00e9 aux pays europ\u00e9ens de prendre des mesures pour compenser ces sanctions, mais ceux-ci, malgr\u00e9 leur d\u00e9saccord avec Washington, n\u2019ont pas agi concr\u00e8tement.<\/p>\n<p>Un an plus tard, l\u2019Iran a commenc\u00e9 \u00e0 suspendre progressivement ses engagements dans l\u2019accord et a ensuite d\u00e9velopp\u00e9 des activit\u00e9s d\u2019enrichissement d\u2019uranium \u00e0 un niveau \u00e9lev\u00e9.<\/p>\n<p>Le Royaume-Uni, la France et l\u2019Allemagne menacent d\u2019activer la clause de \u00ab\u202fsnapback\u202f\u00bb, qui permettrait de r\u00e9tablir les sanctions de l\u2019ONU contre l\u2019Iran en cas de violation de l\u2019accord.<\/p>\n<p>Le ministre iranien des Affaires \u00e9trang\u00e8res, Abbas Araqchi, a d\u00e9clar\u00e9 que les Europ\u00e9ens n\u2019avaient pas de base juridique pour activer ce m\u00e9canisme, estimant qu\u2019ils avaient \u00ab\u202fviol\u00e9 les principes de l\u2019accord\u202f\u00bb et \u00ab\u202fperdu leurs r\u00f4les de participants\u202f\u00bb.<\/p>\n<p>Avant cette nouvelle s\u00e9rie de discussions, les parties s\u2019\u00e9taient d\u00e9j\u00e0 rencontr\u00e9es \u00e0 Istanbul le 25 juillet pour aborder la question nucl\u00e9aire.<\/p>\n<p>* Traduit du turc par Seyma Erkul Dayanc<\/p>\n<p>                            &#13;<br \/>\n                                <a href=\"https:\/\/www.aa.com.tr\/fr\/p\/abonnement\/1001\" target=\"_blank\" style=\"font-size:12px; color:#444; text-decoration:none;\" rel=\"noopener\">&#13;<br \/>\n                                    Seulement une partie des d\u00e9p\u00eaches, que l&rsquo;Agence Anadolu diffuse \u00e0 ses abonn\u00e9s via le Syst\u00e8me de Diffusion interne (HAS), est diffus\u00e9e sur le site de l&rsquo;AA, de mani\u00e8re r\u00e9sum\u00e9e. <b style=\"color:#1897F7\">Contactez-nous s&rsquo;il vous pla\u00eet pour vous abonner.<\/b>&#13;<br \/>\n                                <\/a>&#13;<\/p>\n","protected":false},"excerpt":{"rendered":"AA \/ T\u00e9h\u00e9ran \/ Ahmet Dursun Les n\u00e9gociations nucl\u00e9aires entre l\u2019Iran et le Royaume-Uni, la France et l\u2019Allemagne&hellip;\n","protected":false},"author":2,"featured_media":342513,"comment_status":"","ping_status":"","sticky":false,"template":"","format":"standard","meta":{"footnotes":""},"categories":[1586],"tags":[11,1785,1777,674,1011,27,3019,12,25,47873],"class_list":{"0":"post-342512","1":"post","2":"type-post","3":"status-publish","4":"format-standard","5":"has-post-thumbnail","7":"category-europe","8":"tag-actualites","9":"tag-anadolu-ajansi","10":"tag-eu","11":"tag-europe","12":"tag-fr","13":"tag-france","14":"tag-iran","15":"tag-news","16":"tag-republique-francaise","17":"tag-snapback"},"share_on_mastodon":{"url":"https:\/\/pubeurope.com\/@fr\/115088751593458948","error":""},"_links":{"self":[{"href":"https:\/\/www.europesays.com\/fr\/wp-json\/wp\/v2\/posts\/342512","targetHints":{"allow":["GET"]}}],"collection":[{"href":"https:\/\/www.europesays.com\/fr\/wp-json\/wp\/v2\/posts"}],"about":[{"href":"https:\/\/www.europesays.com\/fr\/wp-json\/wp\/v2\/types\/post"}],"author":[{"embeddable":true,"href":"https:\/\/www.europesays.com\/fr\/wp-json\/wp\/v2\/users\/2"}],"replies":[{"embeddable":true,"href":"https:\/\/www.europesays.com\/fr\/wp-json\/wp\/v2\/comments?post=342512"}],"version-history":[{"count":0,"href":"https:\/\/www.europesays.com\/fr\/wp-json\/wp\/v2\/posts\/342512\/revisions"}],"wp:featuredmedia":[{"embeddable":true,"href":"https:\/\/www.europesays.com\/fr\/wp-json\/wp\/v2\/media\/342513"}],"wp:attachment":[{"href":"https:\/\/www.europesays.com\/fr\/wp-json\/wp\/v2\/media?parent=342512"}],"wp:term":[{"taxonomy":"category","embeddable":true,"href":"https:\/\/www.europesays.com\/fr\/wp-json\/wp\/v2\/categories?post=342512"},{"taxonomy":"post_tag","embeddable":true,"href":"https:\/\/www.europesays.com\/fr\/wp-json\/wp\/v2\/tags?post=342512"}],"curies":[{"name":"wp","href":"https:\/\/api.w.org\/{rel}","templated":true}]}}