{"id":342514,"date":"2025-08-25T09:42:22","date_gmt":"2025-08-25T09:42:22","guid":{"rendered":"https:\/\/www.europesays.com\/fr\/342514\/"},"modified":"2025-08-25T09:42:22","modified_gmt":"2025-08-25T09:42:22","slug":"daphne-burki-se-confie-comme-rarement-sur-la-mort-brutale-de-son-compagnon-david-hache","status":"publish","type":"post","link":"https:\/\/www.europesays.com\/fr\/342514\/","title":{"rendered":"Daphn\u00e9 B\u00fcrki se confie comme rarement sur la mort brutale de son compagnon David Hache"},"content":{"rendered":"<p>Dans les colonnes de La Tribune dimanche, ce 24\u00a0ao\u00fbt 2025, Daphn\u00e9 B\u00fcrki est revenue sur la disparition de son compagnon, le photographe David Hache, mort soudainement \u00e0 l&rsquo;\u00e2ge de 42 ans il y a plus d&rsquo;un an. L&rsquo;animatrice et styliste a notamment \u00e9voqu\u00e9 ce contrecoup qu&rsquo;elle a subi apr\u00e8s les Jeux de Paris 2024.<\/p>\n<p>Une perte douloureuse, un deuil impossible. Daphn\u00e9 B\u00fcrki, animatrice de Culturebox, a perdu en avril\u00a02024 son compagnon, le photographe David Hache, <a href=\"https:\/\/www.programme-tv.net\/news\/people\/352195-tu-resteras-ma-lumiere-daphne-burki-en-deuil-elle-annonce-la-disparition-de-son-amour-david\/\" data-api-deeplink=\"teleloisirs:\/\/news\/352195\" target=\"_blank\" rel=\"noopener\">mort soudainement \u00e0 l&rsquo;\u00e2ge de 42 ans<\/a>. Son d\u00e9c\u00e8s brutal est intervenu trois mois avant la c\u00e9r\u00e9monie d&rsquo;ouverture des Jeux Olympiques, organis\u00e9e \u00e0 Paris et dont la styliste de 45 ans \u00e9tait la directrice des costumes. \u00ab\u00a0Mon amour, Je t\u2019aime de toute mon \u00e2me. Merci de m\u2019avoir aim\u00e9 comme tu l\u2019as fait. Tu \u00e9tais si pr\u00e9cieux pour tes amis et ta famille. Tu peux marcher en moi, tu resteras ma lumi\u00e8re. David\u00a0\u00bb, avait-elle rendu hommage sur Instagram. Ce 24\u00a0ao\u00fbt 2025 dans les colonnes de La Tribune dimanche, <a href=\"https:\/\/www.programme-tv.net\/news\/tv\/303393-daphne-burki-drag-race-france-a-ete-lune-des-plus-belles-experiences-de-ma-vie\/\" data-api-deeplink=\"teleloisirs:\/\/news\/303393\" target=\"_blank\" rel=\"noopener\">celle qui est \u00e9galement jur\u00e9e de Drag Race France<\/a> est revenue sur sa peine immense, dont elle avait \u00ab\u00a0tr\u00e8s peu parl\u00e9 jusqu&rsquo;\u00e0 pr\u00e9sent\u00a0\u00bb. \u00ab\u00a0Probablement par peur d&rsquo;\u00eatre impudique\u00a0\u00bb, a-t-elle expliqu\u00e9 \u00e0 nos confr\u00e8res.<\/p>\n<p>                        Pour Daphn\u00e9 B\u00fcrki, on ne fait pas son deuil, \u00ab\u00a0c&rsquo;est une belle connerie\u00a0\u00bb<\/p>\n<p>\u00ab\u00a0Mon compagnon \u00e9tait encore plus motiv\u00e9 que moi pour ces JO. Il r\u00eavait tout en grand. Il tenait cette mentalit\u00e9 de ses origines am\u00e9ricaines. Il \u00e9tait persuad\u00e9 que les c\u00e9r\u00e9monies allaient \u00eatre extraordinaires. Lui, mes amis ainsi que des choses invisibles m&rsquo;ont fait tenir\u00a0\u00bb, a d\u00e9velopp\u00e9 Daphn\u00e9 B\u00fcrki, <a href=\"https:\/\/www.programme-tv.net\/news\/evenement\/jo-2024-jo-2024\/357732-david-c-etait-pour-toi-daphne-burki-en-larmes-a-la-fin-de-la-ceremonie-des-jo-2024-son-hommage-poignant-a-son-compagnon-decede\/\" data-api-deeplink=\"teleloisirs:\/\/news\/357732\" target=\"_blank\" rel=\"noopener\">toujours marqu\u00e9e par la perte de son compagnon<\/a>. Elle le reconna\u00eet\u00a0: \u00ab\u00a0Un an apr\u00e8s, je ne suis plus la m\u00eame et je vais d\u00e9sormais devoir me retrouver\u00a0\u00bb. \u00ab\u00a0C&rsquo;est un tr\u00e8s long travail qui commence comme pour tous ceux qui connaissent cet endroit si sombre. On m&rsquo;avait pr\u00e9dit un contrecoup et je l&rsquo;ai eu il y a deux mois. Avec une fatigue que je ne connaissais pas et que j&rsquo;ai accept\u00e9e\u00a0\u00bb, a-t-elle encore r\u00e9v\u00e9l\u00e9. M\u00e8re de famille, Daphn\u00e9 B\u00fcrki continue de s&rsquo;accrocher \u00e0 la vie pour le bien de sa famille. \u00ab\u00a0On ne fait pas son deuil, c&rsquo;est une belle connerie. On m&rsquo;a s\u00e9par\u00e9e d&rsquo;un des amours de ma vie, j&rsquo;en ai deux autres qui s&rsquo;appellent Suzanne et Hedda, mes deux filles. Pour elles, je n&rsquo;ai pas le droit de flancher\u00a0\u00bb, a-t-elle insist\u00e9.<\/p>\n<p>            Daphn\u00e9 B\u00fcrki, ce r\u00f4le de maman qu&rsquo;elle adore endosser avec ses deux filles<\/p>\n<p>En 2007, Daphn\u00e9 Burki est devenue m\u00e8re pour la premi\u00e8re fois \u00e0 la naissance de sa fille a\u00een\u00e9e Hedda, <a href=\"https:\/\/www.programme-tv.net\/news\/people\/280511-daphne-burki-cette-rare-video-de-ses-filles-hedda-et-suzanne-qui-enchante-les-internautes\/\" data-api-deeplink=\"teleloisirs:\/\/news\/280511\" target=\"_blank\" rel=\"noopener\">n\u00e9e de son union pass\u00e9e avec Patrick B\u00fcrki<\/a>. En couple avec Sylvain Quim\u00e8ne, alias <a href=\"https:\/\/www.programme-tv.net\/biographie\/146501-love-gunther\/\" data-link-people=\"dbff5b09-0a21-4517-949e-cdb147d98594\" target=\"_blank\" rel=\"noopener\">Gunther Love<\/a>, elle met au monde en 2013 sa seconde fille, Suzanne. \u00ab\u00a0J&rsquo;ai toujours voulu \u00eatre maman. J&rsquo;adore ce r\u00f4le. Avec mes filles, on forme une coloc de trois gonzesses. Quand je dois m&rsquo;absenter pour le travail, j&rsquo;ai la chance de compter sur l&rsquo;aide de ma maman Catherine, la Catiche, comme on l&rsquo;appelle\u00a0\u00bb, a-t-elle encore confi\u00e9 \u00e0 La Tribune dimanche.<\/p>\n","protected":false},"excerpt":{"rendered":"Dans les colonnes de La Tribune dimanche, ce 24\u00a0ao\u00fbt 2025, Daphn\u00e9 B\u00fcrki est revenue sur la disparition de&hellip;\n","protected":false},"author":2,"featured_media":342515,"comment_status":"","ping_status":"","sticky":false,"template":"","format":"standard","meta":{"footnotes":""},"categories":[1586],"tags":[11,244,6924,47874,1777,674,1779,1011,27,12,25,1778,364],"class_list":{"0":"post-342514","1":"post","2":"type-post","3":"status-publish","4":"format-standard","5":"has-post-thumbnail","7":"category-europe","8":"tag-actualites","9":"tag-commentaire","10":"tag-couples-de-stars","11":"tag-daphnu00e9-bu00fcrki","12":"tag-eu","13":"tag-europe","14":"tag-european-union","15":"tag-fr","16":"tag-france","17":"tag-news","18":"tag-republique-francaise","19":"tag-ue","20":"tag-union-europeenne"},"share_on_mastodon":{"url":"https:\/\/pubeurope.com\/@fr\/115088755563184644","error":""},"_links":{"self":[{"href":"https:\/\/www.europesays.com\/fr\/wp-json\/wp\/v2\/posts\/342514","targetHints":{"allow":["GET"]}}],"collection":[{"href":"https:\/\/www.europesays.com\/fr\/wp-json\/wp\/v2\/posts"}],"about":[{"href":"https:\/\/www.europesays.com\/fr\/wp-json\/wp\/v2\/types\/post"}],"author":[{"embeddable":true,"href":"https:\/\/www.europesays.com\/fr\/wp-json\/wp\/v2\/users\/2"}],"replies":[{"embeddable":true,"href":"https:\/\/www.europesays.com\/fr\/wp-json\/wp\/v2\/comments?post=342514"}],"version-history":[{"count":0,"href":"https:\/\/www.europesays.com\/fr\/wp-json\/wp\/v2\/posts\/342514\/revisions"}],"wp:featuredmedia":[{"embeddable":true,"href":"https:\/\/www.europesays.com\/fr\/wp-json\/wp\/v2\/media\/342515"}],"wp:attachment":[{"href":"https:\/\/www.europesays.com\/fr\/wp-json\/wp\/v2\/media?parent=342514"}],"wp:term":[{"taxonomy":"category","embeddable":true,"href":"https:\/\/www.europesays.com\/fr\/wp-json\/wp\/v2\/categories?post=342514"},{"taxonomy":"post_tag","embeddable":true,"href":"https:\/\/www.europesays.com\/fr\/wp-json\/wp\/v2\/tags?post=342514"}],"curies":[{"name":"wp","href":"https:\/\/api.w.org\/{rel}","templated":true}]}}