{"id":342518,"date":"2025-08-25T09:44:13","date_gmt":"2025-08-25T09:44:13","guid":{"rendered":"https:\/\/www.europesays.com\/fr\/342518\/"},"modified":"2025-08-25T09:44:13","modified_gmt":"2025-08-25T09:44:13","slug":"la-nouvelle-matinale-de-france-inter-imaginee-par-ceux-qui-vont-lanimer-faire-levenement-une-mission-perilleuse-je-casse-le-moule-anti-s","status":"publish","type":"post","link":"https:\/\/www.europesays.com\/fr\/342518\/","title":{"rendered":"La nouvelle matinale de France Inter imagin\u00e9e par ceux qui vont l\u2019animer: \u00abFaire l\u2019\u00e9v\u00e9nement\u00bb, \u00abune mission p\u00e9rilleuse\u00bb, \u00abje casse le moule\u00bb, \u00abanti-snobisme\u00bb\u2026 &#8211; Lib\u00e9ration"},"content":{"rendered":"<ol>\n<li><a href=\"https:\/\/news.google.com\/rss\/articles\/CBMixgJBVV95cUxQWEJGa3l3MV9nOWdZRVl3V3hoUDRRMFc2NXZEbThlX1pUR2luV2lGSlViU1hENUlGWW9xUnVWV0hzNEdSSktsYVJKZ0xUNVAwbFdCZTZrYS1SdG1nbTB0S3V2ZGh1eFdQRFJrbjUxd3plTjFGbk1QUk1KR1FweWp1ZkNwWFlDS0ZMUUZnUDBjb0tKNEw1WmUyN0VJNHhabm0xNlM2b0hGVHVqZFBWc0tNcFZZZlhZYktUOWRBTEk2Z3hkTWRKZFZHTnp4TnNTQVBTeVFiTl9wVmdBTms0Z0MwR2lheFdrSWVfdHFESzgxbEVUbEVoQy1vZnBWRlloOFFKY3EwdGFOdGYxeVhCb21EcjNQM2h0c2pNLWpRRjhpNk0wSFBpR3dkc3BJSEJIQjV1YWtsdW9HZllZZ0x5SjVCamJWRjljUQ?oc=5\" target=\"_blank\" rel=\"noopener\">La nouvelle matinale de France Inter imagin\u00e9e par ceux qui vont l\u2019animer: \u00abFaire l\u2019\u00e9v\u00e9nement\u00bb, \u00abune mission p\u00e9rilleuse\u00bb, \u00abje casse le moule\u00bb, \u00abanti-snobisme\u00bb\u2026<\/a>&nbsp;&nbsp;Lib\u00e9ration<\/li>\n<li><a href=\"https:\/\/news.google.com\/rss\/articles\/CBMixgFBVV95cUxOdVI3WjI1UWxsX2ZJVmtjN2d5aVJQR3ktT05sejdfNDN5OF96ZnR1OXlBUDc1eGh3eUJVOGoyZHZQQ2EzSUFUTVFrS0RDdGgyOHp0QlJTemlBeFBvUjlxdG9FeW93TWE5cUFadXV5Z29hWUp0LWV3bXM1UllzWXlhbmZhYUZ3RGxFa3hYVHhZc2RWbkhVR3RWTGpIbHIxY0p2Ml95TUtPeWNiVE1WX2RVRWtzdFNpclQxZWYza3gwbG44UldGM1E?oc=5\" target=\"_blank\" rel=\"noopener\">La rentr\u00e9e de Radio France perturb\u00e9e par une gr\u00e8ve<\/a>&nbsp;&nbsp;Le Monde.fr<\/li>\n<li><a href=\"https:\/\/news.google.com\/rss\/articles\/CBMi6AFBVV95cUxNT3BLNXNQVTNnT0JhY2NtT3lwVDhkNkpndmlGUl9DaS0wWVdrWnczRjEyS3hrMlpFVDZSZGxrYXVTTXhRb0t5MTdMcHdWcEw5Y1VmVnE1d0pHZExuRzR6UmMxMkd0M2FSVXJ0ZFpIcUdUdWpmVUNNaC1YT3JKNmRmRG1rVmtRUHBudEpYT1RaY1NqTndZNHU5ZWdiLTd3MXZpRk1UbGRJUldCWUdqbmppN0NNQkxwQ0kwTlZ1emo0ZnJLY3V4NjkxaWY2SlZJcjNPWWpmdVdjbXI4MWc4MkM4YS1DdmctLWNk?oc=5\" target=\"_blank\" rel=\"noopener\">La premi\u00e8re de la nouvelle matinale de France Inter ne s\u2019est pas pass\u00e9e comme pr\u00e9vu<\/a>&nbsp;&nbsp;Le HuffPost<\/li>\n<li><a href=\"https:\/\/news.google.com\/rss\/articles\/CBMi8gFBVV95cUxQalE5TE96TVBDRVcwODhyejEzT2djSkw0eGF2TkFYQU1fYjNNODZ6UVl5ZDlQRE0xVFUwWTZaT01wYUhlclhQVG10d0d2akp4QThMd2Q3Zk9PQ1BCSXA5NThZSWlkSC1hSmZoVzlQWldCOHpidUVEUWpYTy1HM0lzUkxVUngwTmhtc1pqcDFSOXZCc2xsUGVHa19nUFlRWmFlVHBaMnNUTVFBNGdraFZuTG9hX3JuZFQxYk92ZEg0ZVJMT0lBeHc3ZGtPekszLWw2MGk4ak82TXhyNkVHcTQ5dVljb0o3UEVGNzNmaWQ0YU5CUQ?oc=5\" target=\"_blank\" rel=\"noopener\">\u00abLa direction refuse la moindre concession\u00bb : \u00e0 Radio France, les syndicats lancent une gr\u00e8ve illimit\u00e9e pour la rentr\u00e9e de ce lundi<\/a>&nbsp;&nbsp;Le Figaro<\/li>\n<li><a href=\"https:\/\/news.google.com\/rss\/articles\/CBMizwFBVV95cUxNU2pqSnV4VnQwZ2tPdmpFd3pOUXpOSkkxWlE2VlNVQ1B6emh6MUNDWWp3X0R6WVdYSWwxOUY4TmRua0JTTkdUNGV2NGY0SmpEUi1wZU1Pd3pBSTlvb2dHdm10bmxIa0p0WklzZFJudHhOZnlPZGk2QUVRSWdYX0pzUVFWanNZYWZIdTdmQVZpWDRWU3JieEQwb3dIWU9qNjNMMDdYMGUtU2R3MGMzU1k0ZlhrSjhhUzlfeENzNTN0ZjYxS1Jzamx0ang5R2Z3TW8?oc=5\" target=\"_blank\" rel=\"noopener\">Pas d&rsquo;\u00e9mission en raison d&rsquo;un mouvement de gr\u00e8ve<\/a>&nbsp;&nbsp;Radio France<\/li>\n<\/ol>\n","protected":false},"excerpt":{"rendered":"La nouvelle matinale de France Inter imagin\u00e9e par ceux qui vont l\u2019animer: \u00abFaire l\u2019\u00e9v\u00e9nement\u00bb, \u00abune mission p\u00e9rilleuse\u00bb, \u00abje&hellip;\n","protected":false},"author":2,"featured_media":342519,"comment_status":"","ping_status":"","sticky":false,"template":"","format":"standard","meta":{"footnotes":""},"categories":[2],"tags":[11,1011,27,9102,12,25],"class_list":{"0":"post-342518","1":"post","2":"type-post","3":"status-publish","4":"format-standard","5":"has-post-thumbnail","7":"category-actualites","8":"tag-actualites","9":"tag-fr","10":"tag-france","11":"tag-france-inter","12":"tag-news","13":"tag-republique-francaise"},"share_on_mastodon":{"url":"https:\/\/pubeurope.com\/@fr\/115088763478892404","error":""},"_links":{"self":[{"href":"https:\/\/www.europesays.com\/fr\/wp-json\/wp\/v2\/posts\/342518","targetHints":{"allow":["GET"]}}],"collection":[{"href":"https:\/\/www.europesays.com\/fr\/wp-json\/wp\/v2\/posts"}],"about":[{"href":"https:\/\/www.europesays.com\/fr\/wp-json\/wp\/v2\/types\/post"}],"author":[{"embeddable":true,"href":"https:\/\/www.europesays.com\/fr\/wp-json\/wp\/v2\/users\/2"}],"replies":[{"embeddable":true,"href":"https:\/\/www.europesays.com\/fr\/wp-json\/wp\/v2\/comments?post=342518"}],"version-history":[{"count":0,"href":"https:\/\/www.europesays.com\/fr\/wp-json\/wp\/v2\/posts\/342518\/revisions"}],"wp:featuredmedia":[{"embeddable":true,"href":"https:\/\/www.europesays.com\/fr\/wp-json\/wp\/v2\/media\/342519"}],"wp:attachment":[{"href":"https:\/\/www.europesays.com\/fr\/wp-json\/wp\/v2\/media?parent=342518"}],"wp:term":[{"taxonomy":"category","embeddable":true,"href":"https:\/\/www.europesays.com\/fr\/wp-json\/wp\/v2\/categories?post=342518"},{"taxonomy":"post_tag","embeddable":true,"href":"https:\/\/www.europesays.com\/fr\/wp-json\/wp\/v2\/tags?post=342518"}],"curies":[{"name":"wp","href":"https:\/\/api.w.org\/{rel}","templated":true}]}}