{"id":342522,"date":"2025-08-25T09:46:12","date_gmt":"2025-08-25T09:46:12","guid":{"rendered":"https:\/\/www.europesays.com\/fr\/342522\/"},"modified":"2025-08-25T09:46:12","modified_gmt":"2025-08-25T09:46:12","slug":"nadaud-5e-sur-le-let-en-suede-dans-un-tournoi-remporte-par-une-joueuse-amatrice-lequipe","status":"publish","type":"post","link":"https:\/\/www.europesays.com\/fr\/342522\/","title":{"rendered":"Nadaud 5e sur le LET en Su\u00e8de, dans un tournoi remport\u00e9 par une joueuse amatrice &#8211; L&#039;\u00c9quipe"},"content":{"rendered":"<ol>\n<li><a href=\"https:\/\/news.google.com\/rss\/articles\/CBMi0wFBVV95cUxNQ042Wnk4Y0UyNzM2MWFJRVFOdjdyZmhFQW9yZWJTbEtQLWpFNzdmUTRKdnBwYjYwdmdPX2RtSVB3bHlXekltZGI2NTlDbjRUc0xpQXROVktlSFRvd0dENnFiOHNicnZrVXlVMFc2X3Y2YmdhTnZtbGIwamZCam1nS2JtVGJsbDhibzdHZW03OXM0MHdzUkRTa0thUTg3YnhaQUgxc2tabEFFWUZZZ0VaMm82bkdTbjdwVjZiNm5CRXNuMG9ES2Q3WnllWHhCNnFabXpz?oc=5\" target=\"_blank\" rel=\"nofollow noopener\">Nadaud 5e sur le LET en Su\u00e8de, dans un tournoi remport\u00e9 par une joueuse amatrice<\/a>&nbsp;&nbsp;L&rsquo;\u00c9quipe<\/li>\n<li><a href=\"https:\/\/news.google.com\/rss\/articles\/CBMipAFBVV95cUxQVGJESjNNeDN5cmpSbHlWUE1QRGlpeEY2RnlUT20zT1RheFJZM19ER29RU0cza0tYRnotaW91dUJFZmY2aE8tMWhKTU11bkJ4TUhicW5wdzdLd25jZThCeWp4LUlBTnhrUFUtXzVGMDBIUHZkS05IeDREN1pFbWF2a3ZJRGVCbEJweUhPZ1BOMDBNcFRBQnFlU1FOMjBMUlVEVDYwOQ?oc=5\" target=\"_blank\" rel=\"nofollow noopener\">Hills Open : Encore une perf&rsquo; pour Nadaud<\/a>&nbsp;&nbsp;F\u00e9d\u00e9ration Fran\u00e7aise de Golf<\/li>\n<li><a href=\"https:\/\/news.google.com\/rss\/articles\/CBMimgJBVV95cUxNOEFyeFA5VzB3eFBtMGx5VVZTVVljR2VoelAwNko0dTVFTjdfN3d0ODdBdjlncG9CVXR6T1pjVzJISUV2Z2UtTEtsT2NlaTl6SzhQUE1weGtxTF9fa3VhQlpFOXMzdTlYN0R5T1JENWNESFVmTlFTUGlPWl8ydmVZM0pyN29BVVhBaUNxbnVfdkoyRlFNX2xZQWhrRmVRdzJRNFpacjdkNERTbkx2VmhreExZcHI1YzZ3NEdJMFFqS01SdUp1eGhTMU9KSzdWM2o5bjlsRXE3ei1XVkFTckRYWHVxMUN3N0hQY2lWcnA1RHJ3a0hiVHR6TUo3VE5Hd3JSRnBUdG9Dd3JabEhHSlJRNWV0ZE9rTGJiRUE?oc=5\" target=\"_blank\" rel=\"nofollow noopener\">Golf. Let &#8211; Hills Open : Victoire historique pour l\u2019amateure Meja \u00d6rtengren, Nastasia Nadaud est 5e<\/a>&nbsp;&nbsp;Ouest-France<\/li>\n<li><a href=\"https:\/\/news.google.com\/rss\/articles\/CBMiqwFBVV95cUxPbG9saFhQSEJkTDFfdFhLQ1NtX3NvUF90VmtaU1JISEM2QUNlaDIwRURLWDNwcWZEQzBpUS1HMEhXY0YxQzVSZDFBUWJZY05hSUdzQy14ZXd5MnhPSF95cnExR1B3VG55NWx3UFN0b05USUctd2trSjJJS0VwUXhUVHg1c1VtYlhDRmYzVXpvdEVSa3czWS1JVnBlc1pYQWpsMlRSSHI2c3BxaVk?oc=5\" target=\"_blank\" rel=\"nofollow noopener\">Nastasia Nadaud tout pr\u00e8s de la t\u00eate en Su\u00e8de avant le dernier tour<\/a>&nbsp;&nbsp;Golf Plan\u00e8te<\/li>\n<li><a href=\"https:\/\/news.google.com\/rss\/articles\/CBMimAJBVV95cUxOR01zSnRtdE43cThxTnZpVXpwQW5scENSZUI2WXF0RTZLMmVsRTFLSTJKMWdmdWZqNVVXbl9zcU1fbnJPTHdSMFd0d1J0bl9ubk5vb0Z0YS1oV0RqMVVfY2U1MnJOSklqMS1lYmx1MDZObTB4U3k5SmFvMWtVdXJONUh1N3BZVE80WjVJT3lfb3NjQlVVeGdPZG9wUGR5TzVRb2xldEJJbW4wOVVSeExjSkl2OUY0TndmSTRWQWZuWGhGOVZiSmRnODZYZ2lFeVprRmpZc2tHZnZfS1A3Z1dmRHJnWEE4ZlBVa1NzRDZ2QWhPT2UycFhwSWlxMVUxNHJKdEZUOVRILW5IRjY1UUh4VXQwUEROQ19K?oc=5\" target=\"_blank\" rel=\"nofollow noopener\">Golf. Let &#8211; Hills Open: Momoka Kobori seule en t\u00eate, sept joueuses, dont Nastasia Nadaud, \u00e0 un coup<\/a>&nbsp;&nbsp;Ouest-France<\/li>\n<\/ol>\n","protected":false},"excerpt":{"rendered":"Nadaud 5e sur le LET en Su\u00e8de, dans un tournoi remport\u00e9 par une joueuse amatrice&nbsp;&nbsp;L&rsquo;\u00c9quipe Hills Open :&hellip;\n","protected":false},"author":2,"featured_media":342523,"comment_status":"","ping_status":"","sticky":false,"template":"","format":"standard","meta":{"footnotes":""},"categories":[1418],"tags":[1011,27,1472,60],"class_list":{"0":"post-342522","1":"post","2":"type-post","3":"status-publish","4":"format-standard","5":"has-post-thumbnail","7":"category-golf","8":"tag-fr","9":"tag-france","10":"tag-golf","11":"tag-sports"},"share_on_mastodon":{"url":"https:\/\/pubeurope.com\/@fr\/115088771222554640","error":""},"_links":{"self":[{"href":"https:\/\/www.europesays.com\/fr\/wp-json\/wp\/v2\/posts\/342522","targetHints":{"allow":["GET"]}}],"collection":[{"href":"https:\/\/www.europesays.com\/fr\/wp-json\/wp\/v2\/posts"}],"about":[{"href":"https:\/\/www.europesays.com\/fr\/wp-json\/wp\/v2\/types\/post"}],"author":[{"embeddable":true,"href":"https:\/\/www.europesays.com\/fr\/wp-json\/wp\/v2\/users\/2"}],"replies":[{"embeddable":true,"href":"https:\/\/www.europesays.com\/fr\/wp-json\/wp\/v2\/comments?post=342522"}],"version-history":[{"count":0,"href":"https:\/\/www.europesays.com\/fr\/wp-json\/wp\/v2\/posts\/342522\/revisions"}],"wp:featuredmedia":[{"embeddable":true,"href":"https:\/\/www.europesays.com\/fr\/wp-json\/wp\/v2\/media\/342523"}],"wp:attachment":[{"href":"https:\/\/www.europesays.com\/fr\/wp-json\/wp\/v2\/media?parent=342522"}],"wp:term":[{"taxonomy":"category","embeddable":true,"href":"https:\/\/www.europesays.com\/fr\/wp-json\/wp\/v2\/categories?post=342522"},{"taxonomy":"post_tag","embeddable":true,"href":"https:\/\/www.europesays.com\/fr\/wp-json\/wp\/v2\/tags?post=342522"}],"curies":[{"name":"wp","href":"https:\/\/api.w.org\/{rel}","templated":true}]}}