{"id":342524,"date":"2025-08-25T09:48:15","date_gmt":"2025-08-25T09:48:15","guid":{"rendered":"https:\/\/www.europesays.com\/fr\/342524\/"},"modified":"2025-08-25T09:48:15","modified_gmt":"2025-08-25T09:48:15","slug":"antoine-dupont-et-iris-mitteanere-cest-confirme","status":"publish","type":"post","link":"https:\/\/www.europesays.com\/fr\/342524\/","title":{"rendered":"Antoine Dupont et Iris Mitteanere, c&rsquo;est confirm\u00e9 !"},"content":{"rendered":"<p><strong>Le demi de m\u00eal\u00e9e du XV de France<br \/>\ns\u2019est offert une nouvelle escapade romantique avec l\u2019ancienne miss<br \/>\nFrance.<\/strong><\/p>\n<p>Tandis que les joueurs du Top 14 peaufinent leur pr\u00e9paration en<br \/>\nvue de la reprise du championnat dans quinze jours, Antoine Dupont<br \/>\npoursuit sa r\u00e9\u00e9ducation. Bless\u00e9 au genou lors du choc du Tournoi<br \/>\ndes Six Nations face \u00e0 l\u2019Irlande cet hiver, le demi de m\u00eal\u00e9e<br \/>\ntoulousain en a encore pour plusieurs mois d\u2019absence.<\/p>\n<p>De son propre aveu, son retour sur les terrains n\u2019est pas<br \/>\nattendu avant fin novembre, au sortir des tests d\u2019automne. Et si<br \/>\nl\u2019ancien Castrais a fait un passage en Bretagne aux c\u00f4t\u00e9s de ses<br \/>\nco\u00e9quipiers pour le stage de pr\u00e9paration des champions de France,<br \/>\nil continue d\u2019encha\u00eener les s\u00e9jours \u00e0 l\u2019\u00e9tranger aux c\u00f4t\u00e9s de sa<br \/>\ncompagne, l\u2019ancienne Miss Univers Iris Mitteanere.<\/p>\n<blockquote class=\"twitter-tweet\"><p><a class=\"twitter-link\" rel=\"noindex, nofollow noopener\" href=\"https:\/\/twitter.com\/lbertozzi\/status\/1959693702449725890\" target=\"_blank\"><\/p><\/blockquote>\n<p>Apr\u00e8s la Suisse ou l\u2019Espagne, Antoine Dupont a ainsi s\u00e9journ\u00e9<br \/>\ndurant plusieurs jours sur les rives du Lac de C\u00f4me. Pour le plus<br \/>\ngrand bonheur de la Nordiste. \u00ab\u00a0Un autre jour pour toi et<br \/>\nmoi au paradis \u00bb, a-t-elle ainsi \u00e9crit dans une story sur<br \/>\nInstagram montrant la vue de leur chambre sur le lac italien.<\/p>\n<p>Antoine Dupont et Iris Mitteanere prennent du bon temps<\/p>\n<p>Et le couple star du moment ne s\u2019est pas content\u00e9 de rester<br \/>\ncloitr\u00e9 \u00e0 l\u2019hotel, entre la salle de sport et les petits d\u00e9jeuners<br \/>\nen terrasse. Antoine Dupont et Iris Mitteanere ont notamment<br \/>\nprofit\u00e9 de leur s\u00e9jour en Lombardie pour assister \u00e0 un match du<br \/>\nclub local, le C\u00f4me 1907. Et le club entra\u00een\u00e9 par Cesc Fabregas a<br \/>\nparfaitement lanc\u00e9 sa saison puisque Maxence Caqueret et ses<br \/>\nco\u00e9quipiers ont domin\u00e9 la Lazio Rome 2-0.<\/p>\n<p>La pr\u00e9sence d\u2019Antoine Dupont et Iris Mitteanere, maillot de Come<br \/>\nsur le dos, n\u2019est pas pass\u00e9e inaper\u00e7ue. \u00ab\u00a0Nouvelle saison,<br \/>\nnouveau d\u00e9fil\u00e9 de c\u00e9l\u00e9brit\u00e9s \u00e0 C\u00f4me. Aujourd\u2019hui, la star du rugby<br \/>\nAntoine Dupont et l\u2019ancienne Miss Univers Iris Mittenaere ont<br \/>\nvisit\u00e9 Sinigaglia\u00a0\u00bb, a ainsi soulign\u00e9 le journaliste<br \/>\nLeonardo Bertozzi sur X.<\/p>\n<p><script async src=\"https:\/\/platform.twitter.com\/widgets.js\" charset=\"utf-8\"><\/script><\/p>\n","protected":false},"excerpt":{"rendered":"Le demi de m\u00eal\u00e9e du XV de France s\u2019est offert une nouvelle escapade romantique avec l\u2019ancienne miss France.&hellip;\n","protected":false},"author":2,"featured_media":217334,"comment_status":"","ping_status":"","sticky":false,"template":"","format":"standard","meta":{"footnotes":""},"categories":[1416],"tags":[1011,27,479,1468,60],"class_list":{"0":"post-342524","1":"post","2":"type-post","3":"status-publish","4":"format-standard","5":"has-post-thumbnail","7":"category-rugby","8":"tag-fr","9":"tag-france","10":"tag-rugby","11":"tag-rugby-football","12":"tag-sports"},"share_on_mastodon":{"url":"https:\/\/pubeurope.com\/@fr\/115088779129172277","error":""},"_links":{"self":[{"href":"https:\/\/www.europesays.com\/fr\/wp-json\/wp\/v2\/posts\/342524","targetHints":{"allow":["GET"]}}],"collection":[{"href":"https:\/\/www.europesays.com\/fr\/wp-json\/wp\/v2\/posts"}],"about":[{"href":"https:\/\/www.europesays.com\/fr\/wp-json\/wp\/v2\/types\/post"}],"author":[{"embeddable":true,"href":"https:\/\/www.europesays.com\/fr\/wp-json\/wp\/v2\/users\/2"}],"replies":[{"embeddable":true,"href":"https:\/\/www.europesays.com\/fr\/wp-json\/wp\/v2\/comments?post=342524"}],"version-history":[{"count":0,"href":"https:\/\/www.europesays.com\/fr\/wp-json\/wp\/v2\/posts\/342524\/revisions"}],"wp:featuredmedia":[{"embeddable":true,"href":"https:\/\/www.europesays.com\/fr\/wp-json\/wp\/v2\/media\/217334"}],"wp:attachment":[{"href":"https:\/\/www.europesays.com\/fr\/wp-json\/wp\/v2\/media?parent=342524"}],"wp:term":[{"taxonomy":"category","embeddable":true,"href":"https:\/\/www.europesays.com\/fr\/wp-json\/wp\/v2\/categories?post=342524"},{"taxonomy":"post_tag","embeddable":true,"href":"https:\/\/www.europesays.com\/fr\/wp-json\/wp\/v2\/tags?post=342524"}],"curies":[{"name":"wp","href":"https:\/\/api.w.org\/{rel}","templated":true}]}}