{"id":342527,"date":"2025-08-25T09:51:11","date_gmt":"2025-08-25T09:51:11","guid":{"rendered":"https:\/\/www.europesays.com\/fr\/342527\/"},"modified":"2025-08-25T09:51:11","modified_gmt":"2025-08-25T09:51:11","slug":"quand-je-me-suis-retrouve-en-tete-je-ne-savais-pas-quoi-faire","status":"publish","type":"post","link":"https:\/\/www.europesays.com\/fr\/342527\/","title":{"rendered":"Quand je me suis retrouv\u00e9 en t\u00eate, je ne savais pas quoi faire\u00a0!"},"content":{"rendered":"<p>Les deux Grands Prix de reprise ayant fait suite \u00e0 la pause estivale ont permis \u00e0 <a href=\"https:\/\/fr.motorsport.com\/driver\/marco-bezzecchi\/441839\/\" target=\"_blank\" rel=\"noopener nofollow\">Marco Bezzecchi<\/a> de confirmer la tendance qui \u00e9tait la sienne ayant la coupure. En Hongrie, comme pr\u00e9c\u00e9demment en Autriche, le pilote Aprilia a bel et bien jou\u00e9 les premiers r\u00f4les et \u00e9t\u00e9 r\u00e9compens\u00e9 par de gros points qui ont consolid\u00e9 son quatri\u00e8me rang au <a href=\"https:\/\/fr.motorsport.com\/motogp\/news\/championnat-marquez-double-points-bagnaia\/10753060\/\" target=\"_self\" rel=\"noopener nofollow\">championnat<\/a>.<\/p>\n<p>Pourtant, Bezzecchi \u00e9tait en difficult\u00e9 vendredi au Balaton Park. Il a r\u00e9ussi \u00e0 redresser la barre, en partie gr\u00e2ce \u00e0 des changements apport\u00e9s \u00e0 sa moto mais aussi \u00e0 un pilotage plus adapt\u00e9 \u00e0 ce circuit tr\u00e8s atypique, ayant lui-m\u00eame admis avoir initialement \u00e9t\u00e9 trop agressif. Le tournant est venu des qualifications, puisqu&rsquo;il a r\u00e9ussi \u00e0 sortir de la Q1 et \u00e0 se placer en premi\u00e8re ligne.<\/p>\n<p>Lors de la course sprint, cela n&rsquo;a pas suffi car Marco Bezzecchi s&rsquo;est extrait de la grille assez timidement mais a surtout subi les cons\u00e9quences de l&rsquo;accrochage entre <a href=\"https:\/\/fr.motorsport.com\/driver\/fabio-quartararo\/109400\/\" target=\"_blank\" rel=\"noopener nofollow\">Fabio Quartararo<\/a> et <a href=\"https:\/\/fr.motorsport.com\/driver\/fabio-di-giannantonio\/289538\/\" target=\"_blank\" rel=\"noopener nofollow\">Fabio Di Giannantonio<\/a>. Finalement r\u00e9compens\u00e9 par la septi\u00e8me place apr\u00e8s ce terrain perdu initialement, l&rsquo;Italien craignait de ne pas avoir les moyens de faire beaucoup mieux dimanche, la faute \u00e0 des difficult\u00e9s persistantes au freinage.<\/p>\n<p>Pourtant, il a parfaitement r\u00e9ussi \u00e0 tirer son \u00e9pingle du jeu lors de la course principale. Cette fois, son d\u00e9part a \u00e9t\u00e9 irr\u00e9prochable, \u00e0 tel point qu&rsquo;il s&rsquo;est empar\u00e9 des commandes d\u00e8s la sortie du premier virage. Malgr\u00e9 un contact par derri\u00e8re avec la Ducati de <a href=\"https:\/\/fr.motorsport.com\/driver\/marc-marquez\/92646\/\" target=\"_blank\" rel=\"noopener nofollow\">Marc M\u00e1rquez<\/a>, il a r\u00e9ussi \u00e0 maintenir cette position durant une dizaine de tours\u2026 \u00e0 sa grande surprise.<\/p>\n<p>Lire aussi :<\/p>\n<p>\u00ab\u00a0J&rsquo;ai essay\u00e9 d&rsquo;attaquer Marc au premier virage. J&rsquo;ai vu qu&rsquo;il m&rsquo;a vu et qu&rsquo;il a un peu rel\u00e2ch\u00e9 le frein, donc j&rsquo;ai pens\u00e9 qu&rsquo;il allait s\u00fbrement \u00e9largir un peu, vu \u00e0 quel point le virage est serr\u00e9. J&rsquo;ai essay\u00e9 de me concentrer sur la sortie et j&rsquo;ai r\u00e9ussi \u00e0 sortir du virage 1 en t\u00eate\u00a0\u00bb, a-t-il relat\u00e9 <a href=\"https:\/\/www.motogp.com\/en\/videos\/2025\/08\/24\/bezzecchi-i-found-myself-in-first-and-i-didnt-know-what-to-do\/757418\" target=\"_blank\" rel=\"noopener nofollow\">au site officiel du MotoGP<\/a>.<\/p>\n<p>\u00ab\u00a0Ensuite, je suis entr\u00e9 dans le deuxi\u00e8me virage, mais j&rsquo;\u00e9tais un peu plus lent que lui au milieu, donc je n&rsquo;ai rien fait de dingue. J&rsquo;ai juste fait mon virage et j&rsquo;ai senti un petit contact. Je me suis dit que \u00e7a pouvait \u00eatre lui, sans en \u00eatre s\u00fbr \u00e9tant donn\u00e9 qu&rsquo;il avait \u00e9largi dans le premier virage.\u00a0\u00bb<\/p>\n<p>\u00ab\u00a0Mais bon, \u00e7a fait aussi partie des tr\u00e8s beaux aspects de notre sport\u00a0!\u00a0Ensuite, vers le milieu de la course, c&rsquo;\u00e9tait bien de se bagarrer l&rsquo;un contre l&rsquo;autre. J&rsquo;ai r\u00e9ussi quelques fois \u00e0 le reprendre et, vu la forme dans laquelle il est actuellement, c&rsquo;est bien.\u00a0\u00bb<\/p>\n<p><img decoding=\"async\" class=\"sizer\" draggable=\"false\" src=\"data:image\/png;base64,iVBORw0KGgoAAAANSUhEUgAAABAAAAAJCAYAAAA7KqwyAAAAGXRFWHRTb2Z0d2FyZQBBZG9iZSBJbWFnZVJlYWR5ccllPAAAABpJREFUeNpi\/P\/\/PwMlgImBQjBqwLAwACDAAOVfAw9\/ZDvcAAAAAElFTkSuQmCC\" alt=\"\" loading=\"lazy\"\/><\/p>\n<p class=\"title\">VID\u00c9O &#8211; R\u00c9SUM\u00c9 : Les meilleurs moments du GP de Hongrie<\/p>\n<p>\u00ab\u00a0Hier, \u00e7a n&rsquo;a pas \u00e9t\u00e9 facile \u00e0 cause du d\u00e9sordre au d\u00e9part mais aussi parce que mon rythme \u00e9tait insuffisant, donc j&rsquo;\u00e9tais tr\u00e8s nerveux pour aujourd&rsquo;hui et tr\u00e8s inquiet par rapport \u00e0 ce que j&rsquo;allais pouvoir faire\u00a0\u00bb, a admis le pilote Aprilia, qui a d\u00fb improviser un sc\u00e9nario auquel il ne s&rsquo;attendait pas.<\/p>\n<p>\u00ab\u00a0Franchement, quand je me suis retrouv\u00e9 en t\u00eate apr\u00e8s le premier virage, je ne savais pas quoi faire\u00a0!\u00a0Je voulais attaquer mais je ne savais pas [ce qu&rsquo;allaient donner] les pneus. J&rsquo;ai essay\u00e9 de les \u00e9conomiser, mais la d\u00e9gradation a \u00e9t\u00e9 \u00e9norme \u00e0 l&rsquo;arri\u00e8re. Le probl\u00e8me, c&rsquo;est que j&rsquo;avais besoin du soft pour mieux m&rsquo;arr\u00eater parce que je souffrais beaucoup sur ce point. Donc \u00e7a a \u00e9t\u00e9 difficile mais on repart avec un podium fantastique, c&rsquo;est tout ce que je pouvais faire.\u00a0\u00bb<\/p>\n<p>Un week-end mal embarqu\u00e9, termin\u00e9 sur le podium<\/p>\n<p>Marco Bezzecchi est en effet persuad\u00e9 que sa troisi\u00e8me place finale repr\u00e9sente une tr\u00e8s belle r\u00e9compense malgr\u00e9 sa position initiale de leader. Une fois d\u00e9poss\u00e9d\u00e9 des commandes, il a d\u00fb se frotter \u00e0 un autre gros client, <a href=\"https:\/\/fr.motorsport.com\/driver\/pedro-acosta\/840236\/\" target=\"_blank\" rel=\"noopener nofollow\">Pedro Acosta<\/a>, face auquel il n&rsquo;a pas tard\u00e9 \u00e0 s&rsquo;incliner. Ce podium qu&rsquo;il a sauv\u00e9 sous le drapeau \u00e0 damier est le troisi\u00e8me de suite pour lui et sans doute celui auquel il s&rsquo;attendait le moins compte tenu des difficult\u00e9s qu&rsquo;il a connues au commencement du week-end.<\/p>\n<p>\u00ab\u00a0Cette fois, malheureusement, mes sensations ont \u00e9t\u00e9 encore moins bonnes qu&rsquo;\u00e0 Spielberg, parce que \u00e7a n&rsquo;\u00e9tait vraiment pas facile d&rsquo;\u00eatre sur une nouvelle piste sans avoir de bonnes sensations. Mais heureusement, je suis bien revenu en qualifications et je pense que \u00e7a a \u00e9t\u00e9 la cl\u00e9 du week-end, comme en Autriche. En partant devant, la course est toujours diff\u00e9rente.\u00a0\u00bb<\/p>\n<p>\u00ab\u00a0Je suis content parce que pendant ces deux derniers week-ends en particulier, on a eu du mal le vendredi, or quand on ne commence pas de la meilleure fa\u00e7on et surtout qu&rsquo;on est hors de la Q2, c&rsquo;est toujours difficile de rebondir, mais on a fait du bon boulot. On va maintenant sur des pistes tr\u00e8s cool, en particulier Misano qui est mon Grand Prix \u00e0 domicile. Je suis tr\u00e8s content d&rsquo;arriver \u00e0 cette partie de la saison en \u00e9tant dans cette forme\u00a0\u00bb,\u00a0a conclu Marco Bezzecchi, d\u00e9sormais \u00e0 31 points de <a href=\"https:\/\/fr.motorsport.com\/driver\/pecco-bagnaia\/109394\/\" target=\"_blank\" rel=\"noopener nofollow\">Pecco Bagnaia<\/a>, troisi\u00e8me du championnat.<\/p>\n<p>Lire aussi :<\/p>\n<p>Dans cet article<\/p>\n<p>Soyez le premier inform\u00e9 et souscrivez aux alertes mails pour recevoir les infos en temps r\u00e9el<\/p>\n<p>    S&rsquo;abonner aux alertes de news<\/p>\n","protected":false},"excerpt":{"rendered":"Les deux Grands Prix de reprise ayant fait suite \u00e0 la pause estivale ont permis \u00e0 Marco Bezzecchi&hellip;\n","protected":false},"author":2,"featured_media":342528,"comment_status":"","ping_status":"","sticky":false,"template":"","format":"standard","meta":{"footnotes":""},"categories":[1413],"tags":[3563,21747,47876,1011,27,21746,47877,1961,1457,1456,1458,60],"class_list":{"0":"post-342527","1":"post","2":"type-post","3":"status-publish","4":"format-standard","5":"has-post-thumbnail","7":"category-moto","8":"tag-aprilia-racing-team","9":"tag-balaton-park","10":"tag-bezzecchi-quand-je-me-suis-retrouvu00e9-en-tu00eate","11":"tag-fr","12":"tag-france","13":"tag-gp-de-hongrie","14":"tag-je-ne-savais-pas-quoi-faireu00a0","15":"tag-marco-bezzecchi","16":"tag-moto","17":"tag-motocycle","18":"tag-motogp","19":"tag-sports"},"share_on_mastodon":{"url":"https:\/\/pubeurope.com\/@fr\/115088790866514351","error":""},"_links":{"self":[{"href":"https:\/\/www.europesays.com\/fr\/wp-json\/wp\/v2\/posts\/342527","targetHints":{"allow":["GET"]}}],"collection":[{"href":"https:\/\/www.europesays.com\/fr\/wp-json\/wp\/v2\/posts"}],"about":[{"href":"https:\/\/www.europesays.com\/fr\/wp-json\/wp\/v2\/types\/post"}],"author":[{"embeddable":true,"href":"https:\/\/www.europesays.com\/fr\/wp-json\/wp\/v2\/users\/2"}],"replies":[{"embeddable":true,"href":"https:\/\/www.europesays.com\/fr\/wp-json\/wp\/v2\/comments?post=342527"}],"version-history":[{"count":0,"href":"https:\/\/www.europesays.com\/fr\/wp-json\/wp\/v2\/posts\/342527\/revisions"}],"wp:featuredmedia":[{"embeddable":true,"href":"https:\/\/www.europesays.com\/fr\/wp-json\/wp\/v2\/media\/342528"}],"wp:attachment":[{"href":"https:\/\/www.europesays.com\/fr\/wp-json\/wp\/v2\/media?parent=342527"}],"wp:term":[{"taxonomy":"category","embeddable":true,"href":"https:\/\/www.europesays.com\/fr\/wp-json\/wp\/v2\/categories?post=342527"},{"taxonomy":"post_tag","embeddable":true,"href":"https:\/\/www.europesays.com\/fr\/wp-json\/wp\/v2\/tags?post=342527"}],"curies":[{"name":"wp","href":"https:\/\/api.w.org\/{rel}","templated":true}]}}