{"id":342529,"date":"2025-08-25T09:52:22","date_gmt":"2025-08-25T09:52:22","guid":{"rendered":"https:\/\/www.europesays.com\/fr\/342529\/"},"modified":"2025-08-25T09:52:22","modified_gmt":"2025-08-25T09:52:22","slug":"kolisi-le-capitaine-des-springboks-apte-pour-les-test-matches-face-aux-all-blacks","status":"publish","type":"post","link":"https:\/\/www.europesays.com\/fr\/342529\/","title":{"rendered":"Kolisi, le capitaine des Springboks, apte pour les test-matches face aux All Blacks"},"content":{"rendered":"<p>Touch\u00e9 au genou, le troisi\u00e8me-ligne sud-africain avait manqu\u00e9 le match de samedi face aux Wallabies.<\/p>\n<p class=\"fig-paragraph\">Le capitaine de l\u2019Afrique du Sud,\u00a0<a href=\"http:\/\/www.lefigaro.fr\/sports\/rugby\/rugby-championship-blesse-kolisi-absent-quatre-semaines-20250818\" data-fig-type=\"NewsFlash\" data-gtm-custom-categorie=\"navigation\" data-gtm-custom-action=\"crossclick\" data-gtm-custom-label=\"Contextuel\" data-gtm-event=\"customEventSPE\" data-fig-domain=\"LEFIGARO\" rel=\"nofollow noopener\" target=\"_blank\">Siya Kolisi<\/a>, a \u00e9t\u00e9 d\u00e9clar\u00e9 apte pour la tourn\u00e9e de deux matchs des doubles champions du monde en titre en Nouvelle-Z\u00e9lande dans le cadre du Rugby Championship, o\u00f9 les Springboks viseront une victoire \u00e0 l\u2019Eden Park d\u2019Auckland pour la premi\u00e8re fois depuis 88 ans. Le troisi\u00e8me ligne avait manqu\u00e9\u00a0<a href=\"http:\/\/www.lefigaro.fr\/sports\/rugby\/rugby-championship-en-video-le-resume-de-la-revanche-des-springboks-face-aux-wallabies-20250823\" data-fig-type=\"NewsFlash\" data-gtm-custom-categorie=\"navigation\" data-gtm-custom-action=\"crossclick\" data-gtm-custom-label=\"Contextuel\" data-gtm-event=\"customEventSPE\" data-fig-domain=\"LEFIGARO\" rel=\"nofollow noopener\" target=\"_blank\">la victoire 30-22 de samedi contre l\u2019Australie au Cap<\/a>, qui a relanc\u00e9 la campagne des champions du monde en titre, mais il est suffisamment remis de sa blessure au genou.<\/p>\n<p class=\"fig-paragraph\">L\u2019avant polyvalent Pieter-Steph du Toit, l\u2019arri\u00e8re Willie le Roux et le talonneur Jan-Hendrik Wessels, \u00e9galement absents lors du deuxi\u00e8me test face \u00e0 l\u2019Australie, figurent eux aussi dans le groupe retenu pour le voyage en Nouvelle-Z\u00e9lande. L\u2019Afrique du Sud affrontera les All Blacks \u00e0 l\u2019Eden Park le 6 septembre, puis \u00e0 Wellington la semaine suivante. Les quatre \u00e9quipes de la comp\u00e9tition phare de l\u2019h\u00e9misph\u00e8re sud comptent chacune une victoire apr\u00e8s deux journ\u00e9es.<\/p>\n<p>                                    <a class=\"fig-a11y-skip a11y-hidden\" href=\"#fig-a11y-skip-main-inarticle\"><br \/>\n        Passer la publicit\u00e9<br \/>\n    <\/a><\/p>\n<p>\u00abAffronter les All Blacks en Nouvelle-Z\u00e9lande est un d\u00e9fi immense\u00bb<\/p>\n<p class=\"fig-paragraph\">L\u2019ailier double champion du monde Makazole Mapimpi sera \u00e9galement du voyage, tout comme le num\u00e9ro huit Jasper Wiese, qui ne sera cependant \u00e9ligible que pour le match de Wellington en raison d\u2019une suspension. Le reste du groupe est compos\u00e9 des joueurs d\u00e9j\u00e0 utilis\u00e9s lors des deux premi\u00e8res rencontres face aux Wallabies, vainqueurs du premier match 38-22 \u00e0 Johannesburg. L\u2019Afrique du Sud s\u2019envolera mardi pour la Nouvelle-Z\u00e9lande afin de s\u2019acclimater avant le premier test.<\/p>\n<p class=\"fig-paragraph\">\u00abCe groupe de joueurs travaille dur ensemble depuis notre premier stage en juin, et la plupart \u00e9voluent c\u00f4te \u00e0 c\u00f4te depuis des ann\u00e9es, a expliqu\u00e9 le s\u00e9lectionneur Rassie Erasmus. Affronter les All Blacks en Nouvelle-Z\u00e9lande est un d\u00e9fi immense, mais toutes les \u00e9quipes de cette comp\u00e9tition font partie du gratin mondial et chacune est capable de battre les autres le jour J. Nous avons tir\u00e9 des le\u00e7ons pr\u00e9cieuses de notre premier match contre l\u2019Australie et nous savons exactement ce que nous devons faire pour atteindre nos standards et progresser au fil du tournoi.\u00bb<\/p>\n","protected":false},"excerpt":{"rendered":"Touch\u00e9 au genou, le troisi\u00e8me-ligne sud-africain avait manqu\u00e9 le match de samedi face aux Wallabies. Le capitaine de&hellip;\n","protected":false},"author":2,"featured_media":342530,"comment_status":"","ping_status":"","sticky":false,"template":"","format":"standard","meta":{"footnotes":""},"categories":[1412],"tags":[2305,1451,1452,1453,1454,1455,1011,27,45223,60,21067],"class_list":{"0":"post-342529","1":"post","2":"type-post","3":"status-publish","4":"format-standard","5":"has-post-thumbnail","7":"category-f1","8":"tag-all-blacks","9":"tag-f1","10":"tag-formula-1","11":"tag-formula1","12":"tag-formule-1","13":"tag-formule1","14":"tag-fr","15":"tag-france","16":"tag-rugby-championship","17":"tag-sports","18":"tag-springboks"},"share_on_mastodon":{"url":"https:\/\/pubeurope.com\/@fr\/115088794786337010","error":""},"_links":{"self":[{"href":"https:\/\/www.europesays.com\/fr\/wp-json\/wp\/v2\/posts\/342529","targetHints":{"allow":["GET"]}}],"collection":[{"href":"https:\/\/www.europesays.com\/fr\/wp-json\/wp\/v2\/posts"}],"about":[{"href":"https:\/\/www.europesays.com\/fr\/wp-json\/wp\/v2\/types\/post"}],"author":[{"embeddable":true,"href":"https:\/\/www.europesays.com\/fr\/wp-json\/wp\/v2\/users\/2"}],"replies":[{"embeddable":true,"href":"https:\/\/www.europesays.com\/fr\/wp-json\/wp\/v2\/comments?post=342529"}],"version-history":[{"count":0,"href":"https:\/\/www.europesays.com\/fr\/wp-json\/wp\/v2\/posts\/342529\/revisions"}],"wp:featuredmedia":[{"embeddable":true,"href":"https:\/\/www.europesays.com\/fr\/wp-json\/wp\/v2\/media\/342530"}],"wp:attachment":[{"href":"https:\/\/www.europesays.com\/fr\/wp-json\/wp\/v2\/media?parent=342529"}],"wp:term":[{"taxonomy":"category","embeddable":true,"href":"https:\/\/www.europesays.com\/fr\/wp-json\/wp\/v2\/categories?post=342529"},{"taxonomy":"post_tag","embeddable":true,"href":"https:\/\/www.europesays.com\/fr\/wp-json\/wp\/v2\/tags?post=342529"}],"curies":[{"name":"wp","href":"https:\/\/api.w.org\/{rel}","templated":true}]}}