{"id":342533,"date":"2025-08-25T09:54:11","date_gmt":"2025-08-25T09:54:11","guid":{"rendered":"https:\/\/www.europesays.com\/fr\/342533\/"},"modified":"2025-08-25T09:54:11","modified_gmt":"2025-08-25T09:54:11","slug":"selon-fabrizio-romano-lom-tente-de-soffrir-un-milieu-du-real-madrid","status":"publish","type":"post","link":"https:\/\/www.europesays.com\/fr\/342533\/","title":{"rendered":"Selon Fabrizio Romano, l&rsquo;OM tente de s&rsquo;offrir un milieu du Real Madrid !"},"content":{"rendered":"<p>\u00a0<\/p>\n<p><strong>L\u2019Olympique de Marseille intensifie son mercato avec une cible de choix au milieu de terrain. Selon Fabrizio Romano, journaliste sp\u00e9cialis\u00e9 dans les transferts, l\u2019OM souhaite recruter Dani Ceballos, milieu espagnol du Real Madrid, pour renforcer son secteur central.<\/strong><\/p>\n<p>\u00a0<\/p>\n<p>Les discussions entre les deux clubs ont d\u00e9j\u00e0 d\u00e9but\u00e9, mais un accord ne sera pas simple \u00e0 trouver. Le <strong>Real Madrid<\/strong> reste prudent sur l\u2019id\u00e9e de pr\u00eater son joueur, m\u00eame si un <strong>pr\u00eat avec option d\u2019achat<\/strong> est actuellement \u00e0 l\u2019\u00e9tude. Cette formule permettrait \u00e0 l\u2019<strong>Olympique de Marseille<\/strong> de s\u2019offrir les services de <strong>Ceballos<\/strong> sans engager imm\u00e9diatement une d\u00e9pense importante, tout en laissant la possibilit\u00e9 d\u2019un transfert d\u00e9finitif si le joueur s\u2019adapte rapidement au championnat fran\u00e7ais.<\/p>\n<p>A lire aussi :\u00a0<a href=\"https:\/\/www.footballclubdemarseille.fr\/mercato-om\/mercato-om-bruges-va-t-il-respecter-sa-parole-dans-le-dossier-ordonez.html\" rel=\"nofollow noopener\" target=\"_blank\">Mercato OM : Bruges va-t-il respecter sa parole dans le dossier Ord\u00f3\u00f1ez ?<\/a><\/p>\n<blockquote class=\"twitter-tweet-lazy\">\n<p dir=\"ltr\" lang=\"en\">\ud83d\udea8\u26aa\ufe0f\ud83d\udd35 Olympique Marseille are keen on signing Dani Ceballos as dream target for the midfield.<\/p>\n<p>Initial talks took place, not an easy deal with Real Madrid but Olympique Marseille are trying. <a href=\"https:\/\/twitter.com\/hashtag\/OM?src=hash&amp;ref_src=twsrc%5Etfw\" rel=\"nofollow noopener\" target=\"_blank\">#OM<\/a><\/p>\n<p>Loan with option to buy being discussed. <a href=\"https:\/\/t.co\/9y8sUBXCv2\" rel=\"nofollow\">pic.twitter.com\/9y8sUBXCv2<\/a><\/p>\n<p>\u2014 Fabrizio Romano (@FabrizioRomano) <a href=\"https:\/\/twitter.com\/FabrizioRomano\/status\/1959896775239553106?ref_src=twsrc%5Etfw\" rel=\"nofollow noopener\" target=\"_blank\">August 25, 2025<\/a><\/p>\n<\/blockquote>\n<p>\u00a0<\/p>\n<p>Ceballos en pr\u00eat \u00e0 l\u2019OM ?<\/p>\n<p>\u00a0<\/p>\n<p>Le profil de <strong>Dani Ceballos<\/strong> correspond aux besoins de l\u2019<strong>OM<\/strong> dans son milieu de terrain. Capable de jouer aussi bien comme meneur de jeu que relayeur, l\u2019Espagnol apporterait cr\u00e9ativit\u00e9, technique et exp\u00e9rience \u00e0 une \u00e9quipe marseillaise qui cherche \u00e0 se renforcer apr\u00e8s une saison o\u00f9 la r\u00e9gularit\u00e9 a parfois fait d\u00e9faut. La direction olympienne mise sur un joueur d\u00e9j\u00e0 habitu\u00e9 aux grands clubs europ\u00e9ens pour dynamiser son effectif et viser de meilleures performances en Ligue 1 et en comp\u00e9titions europ\u00e9ennes.<\/p>\n<p>\u00a0<\/p>\n<\/p>\n<p>\u00a0<\/p>\n<p>Si l\u2019op\u00e9ration venait \u00e0 se concr\u00e9tiser, ce serait un coup significatif pour l\u2019<strong>OM<\/strong> sur le march\u00e9 des transferts. La piste <strong>Ceballos<\/strong> s\u2019inscrit dans la strat\u00e9gie du club phoc\u00e9en de renforcer ses cadres avec des joueurs capables d\u2019impacter imm\u00e9diatement les performances de l\u2019\u00e9quipe. Pour le moment, aucune annonce officielle n\u2019a \u00e9t\u00e9 faite, et les supporters devront attendre la suite des n\u00e9gociations pour savoir si le pr\u00eat avec option d\u2019achat sera valid\u00e9 par les deux parties. <strong>Reste \u00e0 savoir si cette option est li\u00e9e au d\u00e9part de Rabiot ?<\/strong><\/p>\n<p>\u00a0<\/p>\n<p>A lire aussi :\u00a0<a href=\"https:\/\/www.footballclubdemarseille.fr\/mercato-om\/mercato-om-les-derniere-infos-sur-le-dossier-adrien-rabiot.html\" rel=\"nofollow noopener\" target=\"_blank\">Mercato OM : Les derni\u00e8re infos sur le dossier Adrien Rabiot !<\/a><\/p>\n<p>\u00a0<\/p>\n<p>\u00a0<\/p>\n<p>Pr\u00eat avec OA obligatoire ?<\/p>\n<p>\u00a0<\/p>\n<p>Selon le journaliste <strong>Matteo Moretto<\/strong> : \u201cMarseille souhaite recruter Dani Ceballos. Les deux parties sont en discussion et travaillent sur un pr\u00eat avec option d\u2019achat, qui pourrait \u00eatre consid\u00e9r\u00e9 comme obligatoire.\u201d<\/p>\n<p>\u00a0<\/p>\n<p>En r\u00e9sum\u00e9, l\u2019<strong>Olympique de Marseille<\/strong> reste actif sur le march\u00e9 et cible des profils capables de transformer son milieu de terrain. <strong>Dani Ceballos<\/strong> repr\u00e9sente une opportunit\u00e9 int\u00e9ressante pour renforcer l\u2019\u00e9quipe, mais la complexit\u00e9 du dossier avec le <strong>Real Madrid<\/strong> rend l\u2019issue incertaine. Les prochaines semaines seront d\u00e9terminantes pour le club olympien, qui souhaite concr\u00e9tiser un transfert ambitieux pour pr\u00e9parer la saison \u00e0 venir.<\/p>\n<p>            <script async src=\"https:\/\/platform.twitter.com\/widgets.js\" charset=\"utf-8\"><\/script><\/p>\n","protected":false},"excerpt":{"rendered":"\u00a0 L\u2019Olympique de Marseille intensifie son mercato avec une cible de choix au milieu de terrain. Selon Fabrizio&hellip;\n","protected":false},"author":2,"featured_media":342534,"comment_status":"","ping_status":"","sticky":false,"template":"","format":"standard","meta":{"footnotes":""},"categories":[1410],"tags":[63,1011,27,60],"class_list":{"0":"post-342533","1":"post","2":"type-post","3":"status-publish","4":"format-standard","5":"has-post-thumbnail","7":"category-football","8":"tag-football","9":"tag-fr","10":"tag-france","11":"tag-sports"},"share_on_mastodon":{"url":"https:\/\/pubeurope.com\/@fr\/115088802740141027","error":""},"_links":{"self":[{"href":"https:\/\/www.europesays.com\/fr\/wp-json\/wp\/v2\/posts\/342533","targetHints":{"allow":["GET"]}}],"collection":[{"href":"https:\/\/www.europesays.com\/fr\/wp-json\/wp\/v2\/posts"}],"about":[{"href":"https:\/\/www.europesays.com\/fr\/wp-json\/wp\/v2\/types\/post"}],"author":[{"embeddable":true,"href":"https:\/\/www.europesays.com\/fr\/wp-json\/wp\/v2\/users\/2"}],"replies":[{"embeddable":true,"href":"https:\/\/www.europesays.com\/fr\/wp-json\/wp\/v2\/comments?post=342533"}],"version-history":[{"count":0,"href":"https:\/\/www.europesays.com\/fr\/wp-json\/wp\/v2\/posts\/342533\/revisions"}],"wp:featuredmedia":[{"embeddable":true,"href":"https:\/\/www.europesays.com\/fr\/wp-json\/wp\/v2\/media\/342534"}],"wp:attachment":[{"href":"https:\/\/www.europesays.com\/fr\/wp-json\/wp\/v2\/media?parent=342533"}],"wp:term":[{"taxonomy":"category","embeddable":true,"href":"https:\/\/www.europesays.com\/fr\/wp-json\/wp\/v2\/categories?post=342533"},{"taxonomy":"post_tag","embeddable":true,"href":"https:\/\/www.europesays.com\/fr\/wp-json\/wp\/v2\/tags?post=342533"}],"curies":[{"name":"wp","href":"https:\/\/api.w.org\/{rel}","templated":true}]}}