{"id":342539,"date":"2025-08-25T09:58:13","date_gmt":"2025-08-25T09:58:13","guid":{"rendered":"https:\/\/www.europesays.com\/fr\/342539\/"},"modified":"2025-08-25T09:58:13","modified_gmt":"2025-08-25T09:58:13","slug":"qui-sont-les-agriculteurs-de-nouvelle-aquitaine-dans-la-saison-2025","status":"publish","type":"post","link":"https:\/\/www.europesays.com\/fr\/342539\/","title":{"rendered":"qui sont les agriculteurs de Nouvelle-Aquitaine dans la saison 2025\u00a0?"},"content":{"rendered":"<p>        <img decoding=\"async\" id=\"25656473\" src=\"https:\/\/www.europesays.com\/fr\/wp-content\/uploads\/2025\/08\/samuel-adp.jpg\" alt=\"Samuel, 48\u00a0ans, Charente.\" itemprop=\"contentURL\"\/><\/p>\n<p>    Samuel, 48\u00a0ans, Charente.<\/p>\n<p>M6<\/p>\n<p>    Samuel, producteur de cognac<\/p>\n<p>\u00c0 48\u00a0ans, Samuel, viticulteur et producteur de cognac en Charente, incarne la quatri\u00e8me g\u00e9n\u00e9ration d\u2019un savoir-faire familial. Divorc\u00e9 et papa d\u2019une petite fille de 7\u00a0ans, il esp\u00e9rait, apr\u00e8s sept ans de c\u00e9libat, trouver l\u2019amour gr\u00e2ce \u00e0 l\u2019\u00e9mission. Mais \u00e0 la suite de la diffusion de son portrait, aucune pr\u00e9tendante ne s\u2019est manifest\u00e9e.<\/p>\n<p>Une situation que la production relativise. Gabriella Mather, productrice artistique, se veut rassurante\u00a0: \u00ab\u00a0On n\u2019a pas dit notre dernier mot. \u00c0 tout moment, \u00e7a peut arriver, et \u00e0 tout moment, on s\u2019adaptera\u00a0\u00bb, a-t-elle d\u00e9clar\u00e9 \u00e0 \u00ab\u00a0T\u00e9l\u00e9 Loisirs\u00a0\u00bb. Rien n\u2019est encore perdu pour Samuel.<\/p>\n<p>        <img decoding=\"async\" id=\"25656474\" src=\"https:\/\/www.europesays.com\/fr\/wp-content\/uploads\/2025\/08\/julien-adp.jpg\" alt=\"Julien, 35\u00a0ans, Charente.\" itemprop=\"contentURL\"\/><\/p>\n<p>    Julien, 35\u00a0ans, Charente.<\/p>\n<p>M6<\/p>\n<p>    Julien, un second charentais<\/p>\n<p>Julien, 35\u00a0ans, est un agriculteur ancr\u00e9 dans son terroir charentais, \u00e0 la t\u00eate de l\u2019exploitation familiale transmise depuis cinq g\u00e9n\u00e9rations. \u00ab\u00a0J\u2019ai repris il y a deux ans, \u00e0 la suite du d\u00e9part de mon p\u00e8re \u00e0 la retraite. J\u2019exploite 130 hectares et je suis essentiellement producteur de fourrages que je vends aux particuliers et aux professionnels. Et je fais une dizaine d\u2019hectares de bl\u00e9, une dizaine d\u2019hectares d\u2019orge, de ma\u00efs et de tournesols.\u00a0\u00bb<\/p>\n<p>Conducteur de poids lourds en parall\u00e8le, il jongle avec un emploi du temps bien charg\u00e9. Mais ce passionn\u00e9 ne vit pas que pour son travail. Depuis 18\u00a0ans, il pratique le football presque quotidiennement et nourrit une vraie passion pour la sc\u00e8ne. Il est particuli\u00e8rement anim\u00e9 par la musique, et c\u2019est la raison pour laquelle il a int\u00e9gr\u00e9 une troupe avec laquelle il interpr\u00e8te des com\u00e9dies musicales connues.<\/p>\n<p>        <img decoding=\"async\" id=\"25656475\" src=\"https:\/\/www.europesays.com\/fr\/wp-content\/uploads\/2025\/08\/jean-baptiste-adp.jpg\" alt=\"Jean-Baptiste, 35\u00a0ans, Creuse.\" itemprop=\"contentURL\"\/><\/p>\n<p>    Jean-Baptiste, 35\u00a0ans, Creuse.<\/p>\n<p>M6<\/p>\n<p>    Jean-Baptiste, le creusois homosexuel<\/p>\n","protected":false},"excerpt":{"rendered":"Samuel, 48\u00a0ans, Charente. M6 Samuel, producteur de cognac \u00c0 48\u00a0ans, Samuel, viticulteur et producteur de cognac en Charente,&hellip;\n","protected":false},"author":2,"featured_media":342540,"comment_status":"","ping_status":"","sticky":false,"template":"","format":"standard","meta":{"footnotes":""},"categories":[1356],"tags":[58,59,1011,27,252,1364],"class_list":{"0":"post-342539","1":"post","2":"type-post","3":"status-publish","4":"format-standard","5":"has-post-thumbnail","7":"category-television","8":"tag-divertissement","9":"tag-entertainment","10":"tag-fr","11":"tag-france","12":"tag-television","13":"tag-tv"},"share_on_mastodon":{"url":"https:\/\/pubeurope.com\/@fr\/115088818506018512","error":""},"_links":{"self":[{"href":"https:\/\/www.europesays.com\/fr\/wp-json\/wp\/v2\/posts\/342539","targetHints":{"allow":["GET"]}}],"collection":[{"href":"https:\/\/www.europesays.com\/fr\/wp-json\/wp\/v2\/posts"}],"about":[{"href":"https:\/\/www.europesays.com\/fr\/wp-json\/wp\/v2\/types\/post"}],"author":[{"embeddable":true,"href":"https:\/\/www.europesays.com\/fr\/wp-json\/wp\/v2\/users\/2"}],"replies":[{"embeddable":true,"href":"https:\/\/www.europesays.com\/fr\/wp-json\/wp\/v2\/comments?post=342539"}],"version-history":[{"count":0,"href":"https:\/\/www.europesays.com\/fr\/wp-json\/wp\/v2\/posts\/342539\/revisions"}],"wp:featuredmedia":[{"embeddable":true,"href":"https:\/\/www.europesays.com\/fr\/wp-json\/wp\/v2\/media\/342540"}],"wp:attachment":[{"href":"https:\/\/www.europesays.com\/fr\/wp-json\/wp\/v2\/media?parent=342539"}],"wp:term":[{"taxonomy":"category","embeddable":true,"href":"https:\/\/www.europesays.com\/fr\/wp-json\/wp\/v2\/categories?post=342539"},{"taxonomy":"post_tag","embeddable":true,"href":"https:\/\/www.europesays.com\/fr\/wp-json\/wp\/v2\/tags?post=342539"}],"curies":[{"name":"wp","href":"https:\/\/api.w.org\/{rel}","templated":true}]}}