{"id":34254,"date":"2025-04-18T14:21:11","date_gmt":"2025-04-18T14:21:11","guid":{"rendered":"https:\/\/www.europesays.com\/fr\/34254\/"},"modified":"2025-04-18T14:21:11","modified_gmt":"2025-04-18T14:21:11","slug":"accident-dans-une-salle-de-sport-a-paris-la-deuxieme-victime-en-etat-de-mort-cerebrale","status":"publish","type":"post","link":"https:\/\/www.europesays.com\/fr\/34254\/","title":{"rendered":"Accident dans une salle de sport \u00e0 Paris : la deuxi\u00e8me victime \u00ab\u00a0en \u00e9tat de mort c\u00e9r\u00e9brale\u00a0\u00bb"},"content":{"rendered":"<p>Plong\u00e9e dans un coma artificiel, la femme gri\u00e8vement bless\u00e9e lors d&rsquo;une s\u00e9ance de cryoth\u00e9rapie \u00ab\u00a0est en \u00e9tat de mort c\u00e9r\u00e9brale\u00a0\u00bb, indique ce vendredi le parquet de Paris.Le d\u00e9c\u00e8s d&rsquo;une employ\u00e9e de l&rsquo;\u00e9tablissement avait \u00e9t\u00e9 constat\u00e9 d\u00e8s lundi.<\/p>\n<p data-module=\"article-paragraph\" class=\"jsx-362436225 Paragraph\">La femme qui avait \u00e9t\u00e9 gri\u00e8vement bless\u00e9e lundi \u00e0 Paris lors d&rsquo;une s\u00e9ance de cryoth\u00e9rapie dans une salle de sport, <a href=\"https:\/\/www.tf1info.fr\/justice-faits-divers\/paris-un-mort-et-un-blesse-grave-apres-une-fuite-d-azote-dans-une-salle-de-sport-2365142.html\" target=\"_blank\" rel=\"nofollow noopener\">au cours de laquelle une employ\u00e9e est morte (nouvelle fen\u00eatre)<\/a>, \u00ab\u00a0est en \u00e9tat de mort c\u00e9r\u00e9brale\u00a0\u00bb depuis jeudi 17 avril, a indiqu\u00e9 ce vendredi le parquet, confirmant partiellement une information du <a href=\"https:\/\/www.leparisien.fr\/paris-75\/fuite-dazote-mortelle-dans-une-salle-de-sport-a-paris-la-seconde-victime-est-morte-18-04-2025-5UBHDOG32VC6ZHZTDM6PIBDQLQ.php\" target=\"_blank\" rel=\"nofollow noopener\">Parisien (nouvelle fen\u00eatre)<\/a>.<\/p>\n<p data-module=\"article-paragraph\" class=\"jsx-362436225 Paragraph Paragraph__End\">La victime, une cliente de l&rsquo;\u00e9tablissement n\u00e9e en 1991, avait \u00e9t\u00e9 hospitalis\u00e9e avec un pronostic vital engag\u00e9 et plong\u00e9e dans un coma artificiel. \u00ab\u00a0Le rapport d&rsquo;autopsie de la premi\u00e8re victime conclut \u00e0 un syndrome asphyxique dans un milieu appauvri en oxyg\u00e8ne\u00a0\u00bb, a pr\u00e9cis\u00e9 le parquet, ce qui accr\u00e9dite l&rsquo;hypoth\u00e8se d&rsquo;une fuite d&rsquo;azote dans la cabine <a href=\"https:\/\/www.tf1info.fr\/sante\/cryotherapie-ce-traitement-par-le-froid-fait-il-vraiment-du-bien-a-notre-corps-2285179.html\" target=\"_blank\" rel=\"nofollow noopener\">de cryoth\u00e9rapie (nouvelle fen\u00eatre)<\/a>.<\/p>\n<p data-module=\"article-paragraph\" class=\"jsx-362436225 Paragraph Paragraph__End\">L&rsquo;accident s&rsquo;est produit lundi en fin de journ\u00e9e, dans une salle de sports situ\u00e9e dans le 11\u1d49 arrondissement de la capitale. Le d\u00e9c\u00e8s d&rsquo;une employ\u00e9e de l&rsquo;\u00e9tablissement, n\u00e9e en 1996, avait \u00e9t\u00e9 constat\u00e9 sur place.<\/p>\n<p>I.N avec AFP<\/p>\n","protected":false},"excerpt":{"rendered":"Plong\u00e9e dans un coma artificiel, la femme gri\u00e8vement bless\u00e9e lors d&rsquo;une s\u00e9ance de cryoth\u00e9rapie \u00ab\u00a0est en \u00e9tat de&hellip;\n","protected":false},"author":2,"featured_media":34255,"comment_status":"","ping_status":"","sticky":false,"template":"","format":"standard","meta":{"footnotes":""},"categories":[1888],"tags":[3085,1111,1928,11,1927,1921,1777,674,1011,27,1922,2954,12,1926,626,1925,25,133,2953],"class_list":{"0":"post-34254","1":"post","2":"type-post","3":"status-publish","4":"format-standard","5":"has-post-thumbnail","7":"category-paris","8":"tag-accidents","9":"tag-actu","10":"tag-actu-paris","11":"tag-actualites","12":"tag-actualites-paris","13":"tag-article-video","14":"tag-eu","15":"tag-europe","16":"tag-fr","17":"tag-france","18":"tag-info","19":"tag-justice-et-faits-divers","20":"tag-news","21":"tag-news-paris","22":"tag-paris","23":"tag-paris-news","24":"tag-republique-francaise","25":"tag-video","26":"tag-video-police"},"share_on_mastodon":{"url":"https:\/\/pubeurope.com\/@fr\/114359414510517878","error":""},"_links":{"self":[{"href":"https:\/\/www.europesays.com\/fr\/wp-json\/wp\/v2\/posts\/34254","targetHints":{"allow":["GET"]}}],"collection":[{"href":"https:\/\/www.europesays.com\/fr\/wp-json\/wp\/v2\/posts"}],"about":[{"href":"https:\/\/www.europesays.com\/fr\/wp-json\/wp\/v2\/types\/post"}],"author":[{"embeddable":true,"href":"https:\/\/www.europesays.com\/fr\/wp-json\/wp\/v2\/users\/2"}],"replies":[{"embeddable":true,"href":"https:\/\/www.europesays.com\/fr\/wp-json\/wp\/v2\/comments?post=34254"}],"version-history":[{"count":0,"href":"https:\/\/www.europesays.com\/fr\/wp-json\/wp\/v2\/posts\/34254\/revisions"}],"wp:featuredmedia":[{"embeddable":true,"href":"https:\/\/www.europesays.com\/fr\/wp-json\/wp\/v2\/media\/34255"}],"wp:attachment":[{"href":"https:\/\/www.europesays.com\/fr\/wp-json\/wp\/v2\/media?parent=34254"}],"wp:term":[{"taxonomy":"category","embeddable":true,"href":"https:\/\/www.europesays.com\/fr\/wp-json\/wp\/v2\/categories?post=34254"},{"taxonomy":"post_tag","embeddable":true,"href":"https:\/\/www.europesays.com\/fr\/wp-json\/wp\/v2\/tags?post=34254"}],"curies":[{"name":"wp","href":"https:\/\/api.w.org\/{rel}","templated":true}]}}