{"id":342545,"date":"2025-08-25T10:01:14","date_gmt":"2025-08-25T10:01:14","guid":{"rendered":"https:\/\/www.europesays.com\/fr\/342545\/"},"modified":"2025-08-25T10:01:14","modified_gmt":"2025-08-25T10:01:14","slug":"comment-les-chats-pourraient-aider-a-developper-de-nouveaux-traitements","status":"publish","type":"post","link":"https:\/\/www.europesays.com\/fr\/342545\/","title":{"rendered":"comment les chats pourraient aider \u00e0 d\u00e9velopper de nouveaux traitements"},"content":{"rendered":"<p>            Par<br \/>\n        <strong><br \/>\n            <a href=\"https:\/\/actu.fr\/auteur\/redaction-actu\" title=\"Consulter tous les articles de R\u00e9daction Actu\" target=\"_blank\" rel=\"noopener\">R\u00e9daction Actu<\/a><br \/>\n        <\/strong><\/p>\n<p>        Publi\u00e9 le<\/p>\n<p>            24 ao\u00fbt 2025 \u00e0 7h02        <\/p>\n<p>Des chercheurs de l\u2019Universit\u00e9 d\u2019\u00c9dimbourg en \u00c9cosse ont d\u00e9couvert une accumulation de la prot\u00e9ine toxique b\u00eata-amylo\u00efde dans le cerveau des chats atteints de d\u00e9mence, l\u2019une des caract\u00e9ristiques principales de la <a href=\"https:\/\/actu.fr\/tag\/alzheimer\" target=\"_blank\" rel=\"noopener\">maladie d\u2019Alzheimer<\/a> chez les humains.<\/p>\n<p class=\" wall-content\">Cette accumulation se produit notamment au niveau des synapses, les jonctions des cellules c\u00e9r\u00e9brales, essentielles au bon fonctionnement du cerveau,<a href=\"https:\/\/onlinelibrary.wiley.com\/doi\/10.1111\/ejn.70180\" target=\"_blank\" rel=\"noopener\"> selon leur \u00e9tude<\/a>.<\/p>\n<p class=\" wall-content\">Cette d\u00e9couverte pourrait ouvrir de nouvelles perspectives dans la recherche sur cette maladie neurod\u00e9g\u00e9n\u00e9rative.<\/p>\n<p>Pourquoi cette d\u00e9couverte est-elle si importante ?<\/p>\n<p class=\" wall-content\">Comme chez les humains, <strong>les chats \u00e2g\u00e9s d\u00e9veloppent souvent une d\u00e9mence<\/strong> qui se manifeste par des changements comportementaux, des sympt\u00f4mes rappelant \u00e9trangement ceux observ\u00e9s chez les personnes atteintes d\u2019Alzheimer. :<\/p>\n<ul class=\" wall-content\">\n<li>Des cris plus fr\u00e9quents (des miaulements en l\u2019occurrence) ;<\/li>\n<li>Une confusion ;<\/li>\n<li>Des troubles du sommeil.<\/li>\n<\/ul>\n<p class=\" wall-content\">Pour parvenir \u00e0 ces observations, l\u2019\u00e9quipe de recherche a examin\u00e9 le cerveau de 25 <a href=\"https:\/\/actu.fr\/tag\/chat\" target=\"_blank\" rel=\"noopener\">chats<\/a> d\u2019\u00e2ges diff\u00e9rents, dont certains pr\u00e9sentaient des signes de d\u00e9mence. Gr\u00e2ce \u00e0 des techniques de microscopie avanc\u00e9es, ils ont pu observer en d\u00e9tail les changements au niveau cellulaire.<\/p>\n<p>Votre r\u00e9gion, votre actu !<\/p>\n<p>Recevez chaque jour les infos qui comptent pour vous.<\/p>\n<p>\t<a href=\"https:\/\/actu.fr\/newsletter\" class=\"ac-btn ac-btn--corner ac-btn--medium ac-btn--blue800\" target=\"_blank\" rel=\"noopener\">S&rsquo;incrire<\/a><br \/>\nLes chats d\u00e9veloppent naturellement la d\u00e9mence<\/p>\n<p class=\" wall-content\">Principal avantage de ce travail\u00a0: contrairement aux rongeurs g\u00e9n\u00e9tiquement modifi\u00e9s couramment utilis\u00e9s dans la recherche sur Alzheimer, les chats d\u00e9veloppent naturellement la d\u00e9mence. Cela en fait un mod\u00e8le plus pr\u00e9cis pour \u00e9tudier la maladie. Aussi, pour le Dr Robert McGeachan, principal auteur de l\u2019\u00e9tude, \u00ab\u00a0ces similitudes frappantes entre la d\u00e9mence f\u00e9line et la maladie d\u2019Alzheimer chez l\u2019homme ouvrent la porte \u00e0 <strong>l\u2019exploration de nouveaux traitements prometteurs<\/strong> qui pourraient b\u00e9n\u00e9ficier \u00e0 la fois aux humains et \u00e0 nos animaux de compagnie vieillissants.\u00a0\u00bb<\/p>\n<p class=\" wall-content\">Ainsi, selon les auteurs, cette d\u00e9couverte \u00ab\u00a0sera un atout pr\u00e9cieux pour les chats, leurs propri\u00e9taires, les personnes atteintes de la maladie d\u2019Alzheimer et leurs proches. La d\u00e9mence f\u00e9line est le mod\u00e8le naturel id\u00e9al pour la maladie d\u2019Alzheimer, et tout le monde en b\u00e9n\u00e9ficiera. \u00bb<\/p>\n<p class=\" wall-content\"><strong>Avec Destination Sant\u00e9<\/strong><\/p>\n<p class=\" wall-content\">Personnalisez votre actualit\u00e9 en ajoutant vos villes et m\u00e9dias en favori avec <a href=\"https:\/\/moncompte.actu.fr\" title=\"D\u00e9couvez Mon Actu\" rel=\"nofollow noopener\" data-trk=\"{&quot;cta&quot;:{&quot;action&quot;:&quot;https:\\\/\\\/moncompte.actu.fr&quot;,&quot;category&quot;:&quot;mon compte&quot;,&quot;from&quot;:&quot;article footer&quot;,&quot;name&quot;:&quot;Mon actu&quot;,&quot;type&quot;:&quot;cta&quot;}}\" target=\"_blank\">Mon Actu<\/a>.<\/p>\n","protected":false},"excerpt":{"rendered":"Par R\u00e9daction Actu Publi\u00e9 le 24 ao\u00fbt 2025 \u00e0 7h02 Des chercheurs de l\u2019Universit\u00e9 d\u2019\u00c9dimbourg en \u00c9cosse ont&hellip;\n","protected":false},"author":2,"featured_media":342546,"comment_status":"","ping_status":"","sticky":false,"template":"","format":"standard","meta":{"footnotes":""},"categories":[10],"tags":[772,7654,1011,27,72,71,104],"class_list":{"0":"post-342545","1":"post","2":"type-post","3":"status-publish","4":"format-standard","5":"has-post-thumbnail","7":"category-sante","8":"tag-alzheimer","9":"tag-chat","10":"tag-fr","11":"tag-france","12":"tag-health","13":"tag-sante","14":"tag-societe"},"share_on_mastodon":{"url":"https:\/\/pubeurope.com\/@fr\/115088830226735056","error":""},"_links":{"self":[{"href":"https:\/\/www.europesays.com\/fr\/wp-json\/wp\/v2\/posts\/342545","targetHints":{"allow":["GET"]}}],"collection":[{"href":"https:\/\/www.europesays.com\/fr\/wp-json\/wp\/v2\/posts"}],"about":[{"href":"https:\/\/www.europesays.com\/fr\/wp-json\/wp\/v2\/types\/post"}],"author":[{"embeddable":true,"href":"https:\/\/www.europesays.com\/fr\/wp-json\/wp\/v2\/users\/2"}],"replies":[{"embeddable":true,"href":"https:\/\/www.europesays.com\/fr\/wp-json\/wp\/v2\/comments?post=342545"}],"version-history":[{"count":0,"href":"https:\/\/www.europesays.com\/fr\/wp-json\/wp\/v2\/posts\/342545\/revisions"}],"wp:featuredmedia":[{"embeddable":true,"href":"https:\/\/www.europesays.com\/fr\/wp-json\/wp\/v2\/media\/342546"}],"wp:attachment":[{"href":"https:\/\/www.europesays.com\/fr\/wp-json\/wp\/v2\/media?parent=342545"}],"wp:term":[{"taxonomy":"category","embeddable":true,"href":"https:\/\/www.europesays.com\/fr\/wp-json\/wp\/v2\/categories?post=342545"},{"taxonomy":"post_tag","embeddable":true,"href":"https:\/\/www.europesays.com\/fr\/wp-json\/wp\/v2\/tags?post=342545"}],"curies":[{"name":"wp","href":"https:\/\/api.w.org\/{rel}","templated":true}]}}