{"id":342547,"date":"2025-08-25T10:02:09","date_gmt":"2025-08-25T10:02:09","guid":{"rendered":"https:\/\/www.europesays.com\/fr\/342547\/"},"modified":"2025-08-25T10:02:09","modified_gmt":"2025-08-25T10:02:09","slug":"le-message-enigmatique-de-dani-ceballos","status":"publish","type":"post","link":"https:\/\/www.europesays.com\/fr\/342547\/","title":{"rendered":"le message \u00e9nigmatique de Dani Ceballos"},"content":{"rendered":"<p>Dani Ceballos vers un d\u00e9part du <a href=\"https:\/\/www.footmercato.net\/club\/real-madrid\/\" rel=\"nofollow noopener\" target=\"_blank\">Real Madrid<\/a> ? Apr\u00e8s la victoire de son \u00e9quipe sur le terrain d\u2019Oviedo en <a href=\"https:\/\/www.footmercato.net\/espagne\/liga\/\" rel=\"nofollow noopener\" target=\"_blank\">Liga<\/a> (0-3), le milieu de terrain espagnol a sem\u00e9 le doute sur son avenir en publiant une photo de lui en plein match sur Instagram, accompagn\u00e9e du message \u00abLast dance\u00bb ainsi que d\u2019un emoji de remerciement.<\/p>\n<p>            La suite apr\u00e8s cette publicit\u00e9<\/p>\n<p>Depuis plusieurs semaines, Ceballos alimente les sp\u00e9culations en interagissant, \u00e0 coups de likes et de commentaires, avec des contenus le liant au Betis S\u00e9ville, son club formateur, et <a href=\"https:\/\/www.footmercato.net\/a94960460873105864-lom-tente-le-gros-coup-dani-ceballos\" rel=\"nofollow noopener\" target=\"_blank\">d\u00e9sormais l\u2019OM qui serait sur le coup<\/a>. En cas de d\u00e9part, le Real Madrid ne compterait plus que cinq milieux de terrain, laissant Xabi Alonso et la direction sportive face \u00e0 un dilemme : recruter ou faire confiance \u00e0 l\u2019effectif actuel.<\/p>\n<p>\n    Pub. le 25\/08\/2025 11:19<br \/>\n            &#8211; MAJ le 25\/08\/2025 11:46\n    <\/p>\n","protected":false},"excerpt":{"rendered":"Dani Ceballos vers un d\u00e9part du Real Madrid ? Apr\u00e8s la victoire de son \u00e9quipe sur le terrain&hellip;\n","protected":false},"author":2,"featured_media":342548,"comment_status":"","ping_status":"","sticky":false,"template":"","format":"standard","meta":{"footnotes":""},"categories":[9],"tags":[1011,27,60],"class_list":{"0":"post-342547","1":"post","2":"type-post","3":"status-publish","4":"format-standard","5":"has-post-thumbnail","7":"category-sports","8":"tag-fr","9":"tag-france","10":"tag-sports"},"share_on_mastodon":{"url":"https:\/\/pubeurope.com\/@fr\/115088834196414633","error":""},"_links":{"self":[{"href":"https:\/\/www.europesays.com\/fr\/wp-json\/wp\/v2\/posts\/342547","targetHints":{"allow":["GET"]}}],"collection":[{"href":"https:\/\/www.europesays.com\/fr\/wp-json\/wp\/v2\/posts"}],"about":[{"href":"https:\/\/www.europesays.com\/fr\/wp-json\/wp\/v2\/types\/post"}],"author":[{"embeddable":true,"href":"https:\/\/www.europesays.com\/fr\/wp-json\/wp\/v2\/users\/2"}],"replies":[{"embeddable":true,"href":"https:\/\/www.europesays.com\/fr\/wp-json\/wp\/v2\/comments?post=342547"}],"version-history":[{"count":0,"href":"https:\/\/www.europesays.com\/fr\/wp-json\/wp\/v2\/posts\/342547\/revisions"}],"wp:featuredmedia":[{"embeddable":true,"href":"https:\/\/www.europesays.com\/fr\/wp-json\/wp\/v2\/media\/342548"}],"wp:attachment":[{"href":"https:\/\/www.europesays.com\/fr\/wp-json\/wp\/v2\/media?parent=342547"}],"wp:term":[{"taxonomy":"category","embeddable":true,"href":"https:\/\/www.europesays.com\/fr\/wp-json\/wp\/v2\/categories?post=342547"},{"taxonomy":"post_tag","embeddable":true,"href":"https:\/\/www.europesays.com\/fr\/wp-json\/wp\/v2\/tags?post=342547"}],"curies":[{"name":"wp","href":"https:\/\/api.w.org\/{rel}","templated":true}]}}