{"id":342549,"date":"2025-08-25T10:03:11","date_gmt":"2025-08-25T10:03:11","guid":{"rendered":"https:\/\/www.europesays.com\/fr\/342549\/"},"modified":"2025-08-25T10:03:11","modified_gmt":"2025-08-25T10:03:11","slug":"anthony-delon-a-bel-et-bien-boude-la-journee-hommage-a-son-pere-a-douchy","status":"publish","type":"post","link":"https:\/\/www.europesays.com\/fr\/342549\/","title":{"rendered":"Anthony Delon a bel et bien boud\u00e9 la journ\u00e9e hommage \u00e0 son p\u00e8re \u00e0 Douchy"},"content":{"rendered":"<p>Pour marquer le premier anniversaire de la mort d\u2019Alain Delon, sa ville de Douchy a d\u00e9cid\u00e9 de donner son nom \u00e0 un terrain de foot. Le jour de l\u2019inauguration, Anthony Delon a brill\u00e9 par son absence. A quelques fans, il a expliqu\u00e9 pourquoi.<\/p>\n<p>Manquer la journ\u00e9e hommage \u00e0 son p\u00e8re \u00e9tait un choix d\u00e9lib\u00e9r\u00e9. Le 18\u00a0ao\u00fbt, la commune de Douchy-Montcorbon inaugurait un terrain de foot \u00ab\u00a0Alain Delon\u00a0\u00bb, son plus c\u00e9l\u00e8bre r\u00e9sident,<a href=\"https:\/\/www.parismatch.com\/People\/alain-delon-un-an-deja-lever-de-soleil-symbolique-pour-anthony-en-video-depuis-douchy-255704\" rel=\"nofollow noopener\" target=\"_blank\"> au jour du premier anniversaire de sa mort<\/a>. Si les enfants du Samoura\u00ef \u00e9taient invit\u00e9s \u00e0 assister \u00e0 la c\u00e9r\u00e9monie, aucun n\u2019a fait le d\u00e9placement. Pourtant, l\u2019a\u00een\u00e9 Anthony \u00e9tait \u00e0 quelques kilom\u00e8tres de l\u00e0, dans la maison familiale de la Br\u00fblerie.<\/p>\n<p>Quelques heures apr\u00e8s l\u2019inauguration du terrain de foot en pr\u00e9sence du maire de Douchy, Abel Martin, de plusieurs \u00e9lus locaux et de quelques fans de la premi\u00e8re heure, <a href=\"https:\/\/www.parismatch.com\/People\/video-exclusive-alain-delon-1-an-apres-son-fils-anthony-se-recueille-avec-les-fans-a-douchy-255734\" rel=\"nofollow noopener\" target=\"_blank\">Anthony Delon est tout de m\u00eame all\u00e9 \u00e0 la rencontre de quelques curieux<\/a> qui l\u2019attendaient devant les grilles du domaine. L\u2019occasion pour l\u2019a\u00een\u00e9 de la fratrie d\u2019expliquer son absence \u00e0 la c\u00e9r\u00e9monie, li\u00e9e la d\u00e9cision des organisateurs de fermer l\u2019acc\u00e8s au stade au public. D\u00e9cision sur laquelle ils sont finalement revenus, comme les fans ont pu le confirmer \u00e0 Anthony Delon\u2026<\/p>\n<p>    La suite apr\u00e8s cette publicit\u00e9<\/p>\n<p>    <img decoding=\"async\" src=\"https:\/\/www.europesays.com\/fr\/wp-content\/uploads\/2025\/08\/alaindelonfoot.jpg\" alt=\"C\u00e9r\u00e9monie d'inauguration du stade de foot \" alain=\"\" delon=\"\" douchy=\"\" dans=\"\" le=\"\" loiret=\"\" au=\"\" jour=\"\" du=\"\" premier=\"\" anniversaire=\"\" de=\"\" la=\"\" mort=\"\" d=\"\" ao=\"\" loading=\"lazy\"\/><\/p>\n<p>\n      C\u00e9r\u00e9monie d&rsquo;inauguration du stade de foot \u00ab\u00a0Alain Delon\u00a0\u00bb \u00e0 Douchy, dans le Loiret, au jour du premier anniversaire de la mort d&rsquo;Alain Delon, le 18 ao\u00fbt 2025. <\/p>\n<p>                                \u00a9 Fanny Mazalon\/Paris Match<\/p>\n<p>\u00ab\u00a0Je suis content qu\u2019ils aient pu avoir acc\u00e8s au stade. Je n\u2019y suis pas all\u00e9 cet apr\u00e8s-midi parce que c\u2019\u00e9tait interdit au public. Je ne comprends pas\u00a0\u00bb, a-t-il d\u2019abord comment\u00e9. \u00ab\u00a0C\u2019est quand m\u00eame le public qui a fait l\u2019homme que vous venez honorer aujourd\u2019hui. Ce n\u2019est pas une troupe d\u2019\u00e9lus. C\u2019est pour cette raison que j\u2019ai d\u00e9cid\u00e9 de rester \u00e0 la maison. Mais c\u2019est bien qu\u2019il ait finalement chang\u00e9 d\u2019avis, qu\u2019il ait laiss\u00e9 entrer les gens.\u00a0\u00bb Anthony Delon a alors rappel\u00e9 <a href=\"https:\/\/www.parismatch.com\/People\/cest-bizarre-pour-les-1-an-de-la-mort-dalain-delon-douchy-inaugure-un-terrain-de-foot-255728\" rel=\"nofollow noopener\" target=\"_blank\">pourquoi un terrain football porte d\u00e9sormais le nom de son p\u00e8re<\/a>\u00a0: \u00ab\u00a0Il a donn\u00e9 de l\u2019argent \u00e0 ce stade, il a achet\u00e9 des tee-shirts, il y \u00e9tait attach\u00e9, donc je ne trouvais pas \u00e7a normal.\u00a0\u00bb<\/p>\n<p>    La suite apr\u00e8s cette publicit\u00e9<\/p>\n<p>La Br\u00fblerie, lieu de vie et de recueillement<\/p>\n<p>A la question de savoir comment il se sent, au moment de comm\u00e9morer le premier anniversaire de la mort de son p\u00e8re, Anthony Delon a r\u00e9pondu avec sinc\u00e9rit\u00e9\u00a0: \u00ab\u00a0La premi\u00e8re ann\u00e9e c\u2019est une porte qui se referme. C\u2019est particulier la date des an un. Apr\u00e8s, c\u2019est autre chose. Mais \u00e7a va, \u00e7a va\u00a0\u00bb, a-t-il confi\u00e9, avant de repartir, accompagn\u00e9 du fid\u00e8le Loubo, le chien d\u2019Alain Delon, dont il s\u2019occupe aujourd\u2019hui.<\/p>\n<p>Alain Delon est d\u00e9c\u00e9d\u00e9 chez lui, \u00e0 Douchy, le 18\u00a0ao\u00fbt 2024. Une disparition survenue \u00e0 88\u00a0ans, apr\u00e8s une fin de vie marqu\u00e9e par la maladie. Les derni\u00e8res volont\u00e9s du Gu\u00e9pard ont \u00e9t\u00e9 respect\u00e9es\u00a0: apr\u00e8s une c\u00e9r\u00e9monie intime dans la chapelle priv\u00e9e de son domaine, il a \u00e9t\u00e9 inhum\u00e9 sur place, aupr\u00e8s de ses chiens ador\u00e9s. Depuis, son fils Anthony passe beaucoup de temps \u00e0 la Br\u00fblerie, tant\u00f4t seul pour travailler \u00e0 l\u2019\u00e9criture d\u2019une pi\u00e8ce de th\u00e9\u00e2tre, tant\u00f4t en famille, avec ses filles Loup et Liv.<\/p>\n<p>    La suite apr\u00e8s cette publicit\u00e9<\/p>\n<p>    La suite apr\u00e8s cette publicit\u00e9<\/p>\n<p>Vit \u00e9galement dans une d\u00e9pendance son jeune demi-fr\u00e8re Alain-Fabien, qui est r\u00e9cemment devenu <a href=\"https:\/\/www.parismatch.com\/People\/alain-fabien-delon-papa-pour-la-1ere-fois-dune-petite-fille-au-prenom-si-symbolique-250723\" rel=\"nofollow noopener\" target=\"_blank\">papa d\u2019une petite Romy<\/a>. Anouchka Delon semble quant \u00e0 elle se tenir \u00e0 distance du domaine familial et de ses fr\u00e8res, <a href=\"https:\/\/www.parismatch.com\/People\/un-an-apres-la-mort-dalain-delon-une-reconciliation-entre-les-enfants-est-elle-possible-255565\" rel=\"nofollow noopener\" target=\"_blank\">le conflit fraternel \u00e9tant encore \u00e0 vif<\/a>.<\/p>\n<p>\u00a0<\/p>\n","protected":false},"excerpt":{"rendered":"Pour marquer le premier anniversaire de la mort d\u2019Alain Delon, sa ville de Douchy a d\u00e9cid\u00e9 de donner&hellip;\n","protected":false},"author":2,"featured_media":342550,"comment_status":"","ping_status":"","sticky":false,"template":"","format":"standard","meta":{"footnotes":""},"categories":[8],"tags":[58,59,1011,27],"class_list":{"0":"post-342549","1":"post","2":"type-post","3":"status-publish","4":"format-standard","5":"has-post-thumbnail","7":"category-divertissement","8":"tag-divertissement","9":"tag-entertainment","10":"tag-fr","11":"tag-france"},"share_on_mastodon":{"url":"https:\/\/pubeurope.com\/@fr\/115088838095708779","error":""},"_links":{"self":[{"href":"https:\/\/www.europesays.com\/fr\/wp-json\/wp\/v2\/posts\/342549","targetHints":{"allow":["GET"]}}],"collection":[{"href":"https:\/\/www.europesays.com\/fr\/wp-json\/wp\/v2\/posts"}],"about":[{"href":"https:\/\/www.europesays.com\/fr\/wp-json\/wp\/v2\/types\/post"}],"author":[{"embeddable":true,"href":"https:\/\/www.europesays.com\/fr\/wp-json\/wp\/v2\/users\/2"}],"replies":[{"embeddable":true,"href":"https:\/\/www.europesays.com\/fr\/wp-json\/wp\/v2\/comments?post=342549"}],"version-history":[{"count":0,"href":"https:\/\/www.europesays.com\/fr\/wp-json\/wp\/v2\/posts\/342549\/revisions"}],"wp:featuredmedia":[{"embeddable":true,"href":"https:\/\/www.europesays.com\/fr\/wp-json\/wp\/v2\/media\/342550"}],"wp:attachment":[{"href":"https:\/\/www.europesays.com\/fr\/wp-json\/wp\/v2\/media?parent=342549"}],"wp:term":[{"taxonomy":"category","embeddable":true,"href":"https:\/\/www.europesays.com\/fr\/wp-json\/wp\/v2\/categories?post=342549"},{"taxonomy":"post_tag","embeddable":true,"href":"https:\/\/www.europesays.com\/fr\/wp-json\/wp\/v2\/tags?post=342549"}],"curies":[{"name":"wp","href":"https:\/\/api.w.org\/{rel}","templated":true}]}}