{"id":342553,"date":"2025-08-25T10:05:14","date_gmt":"2025-08-25T10:05:14","guid":{"rendered":"https:\/\/www.europesays.com\/fr\/342553\/"},"modified":"2025-08-25T10:05:14","modified_gmt":"2025-08-25T10:05:14","slug":"le-nom-du-fournisseur-delectricite-qui-detrone-edf-et-vous-fait-economiser-343e","status":"publish","type":"post","link":"https:\/\/www.europesays.com\/fr\/342553\/","title":{"rendered":"le nom du fournisseur d&rsquo;\u00e9lectricit\u00e9 qui d\u00e9tr\u00f4ne EDF (et vous fait \u00e9conomiser 343\u20ac)"},"content":{"rendered":"<p>              <img decoding=\"async\" class=\"article-author__picture webp\" src=\"https:\/\/www.europesays.com\/fr\/wp-content\/uploads\/2025\/04\/matias-perea-85px.jpg.webp\" alt=\"Matias Perea\"\/><\/p>\n<p class=\"article-author__info--name\"> Par<br \/>\n                      <a href=\"https:\/\/selectra.info\/equipe\/matias\" target=\"_blank\" rel=\"noopener author nofollow\"> Matias Perea <\/a><\/p>\n<p class=\"article-author__info--description\"> Analyste \u00c9nergie <\/p>\n<p>        Publi\u00e9 le<\/p>\n<p>                                25\/08\/2025<\/p>\n<p>            min de lecture\n        <\/p>\n<p>  <img decoding=\"async\" class=\"new-ads__card-logo\" src=\"https:\/\/www.europesays.com\/fr\/wp-content\/uploads\/2025\/04\/ampoule-animee.gif\" alt=\"logo\"\/><\/p>\n<p class=\"new-ads__card-title\">Trouvez un fournisseur moins cher !<\/p>\n<p class=\"new-ads__card-description\">Obtenez votre comparatif par t\u00e9l\u00e9phone avec Selectra<\/p>\n<p>       <img decoding=\"async\" class=\"new-ads__card-logo\" src=\"https:\/\/www.europesays.com\/fr\/wp-content\/uploads\/2025\/08\/selectra-xs.png\" alt=\"logo\"\/><\/p>\n<p class=\"new-ads__card-title\">La m\u00eame \u00e9lectricit\u00e9, moins ch\u00e8re !<br \/>\n\u00c9conomisez en changeant d&rsquo;offre avec Selectra<\/p>\n<p class=\"new-ads__card-description\">Comparez les offres gratuitement avec un conseiller<\/p>\n<p class=\"intro\">\n  La rentr\u00e9e 2025-2026 est souvent synonyme de nouvelles d\u00e9penses, mais c&rsquo;est aussi le moment id\u00e9al pour faire le point sur sa facture d&rsquo;\u00e9lectricit\u00e9. Pour vous aider, Selectra a analys\u00e9 les 56 offres du march\u00e9. Verdict : <strong>31 d&rsquo;entre elles sont moins ch\u00e8res que le tarif r\u00e9glement\u00e9 d&rsquo;\u00e9lectricit\u00e9<\/strong>, avec des \u00e9conomies pouvant d\u00e9passer les 300 \u20ac par an. D\u00e9couvrez notre s\u00e9lection des meilleurs bons plans pour une rentr\u00e9e \u00e9conomique.\n<\/p>\n<p class=\"in-short--title col-xs-12 text--center\">R\u00e9sumer cet article avec\u00a0:<\/p>\n<p>    Le classement des offres d&rsquo;\u00e9lectricit\u00e9 les moins ch\u00e8res de la rentr\u00e9e 2025-2026<\/p>\n<p>\n    Pour cette rentr\u00e9e, c\u2019est <strong><a href=\"https:\/\/selectra.info\/energie\/fournisseurs\/primeo\" rel=\"nofollow noopener\" target=\"_blank\">Primeo<\/a><\/strong> qui propose l\u2019offre d\u2019\u00e9lectricit\u00e9 la plus comp\u00e9titive. Son offre <strong><a href=\"https:\/\/selectra.info\/energie\/fournisseurs\/primeo\/tarifs\/fixe-20-pourcent\" rel=\"nofollow noopener\" target=\"_blank\">Fixe -20%<\/a><\/strong> permet de <strong>r\u00e9aliser jusqu\u2019\u00e0 343 \u20ac d\u2019\u00e9conomies par an<\/strong> par rapport au Tarif Bleu d&rsquo;EDF (calcul\u00e9 pour un logement de 70m\u00b2, consommation de 10800 kWh\/an, compteur 6 kVA Base).\n<\/p>\n<p>\n    En deuxi\u00e8me position du podium, on retrouve <strong><a href=\"https:\/\/selectra.info\/energie\/fournisseurs\/ohm-energie\" rel=\"nofollow noopener\" target=\"_blank\">OHM \u00c9nergie<\/a><\/strong>, suivi de pr\u00e8s par <strong><a href=\"https:\/\/selectra.info\/energie\/fournisseurs\/mint-energie\" rel=\"nofollow noopener\" target=\"_blank\">Mint \u00c9nergie<\/a><\/strong>.\n<\/p>\n<p class=\"table__legend\">Tarifs \u20ac TTC.<br \/>\n            Simulations effectu\u00e9es pour une consommation domestique de 10800  kWh par an et une puissance de 9 kVA \u00e0 Lyon.<br \/>\n            En savoir plus sur notre <a href=\"https:\/\/selectra.info\/energie\/score\" rel=\"nofollow noopener\" target=\"_blank\">Selectra Score<\/a>.<br \/>\n            Seule l\u2019offre la plus comp\u00e9titive de chaque fournisseur d\u2019\u00e9nergie est mentionn\u00e9e.\n      \t  <\/p>\n<p>    Vous souhaitez des prix bloqu\u00e9s ?<\/p>\n<p>\n    Les prix fixes sont souvent synonyme de sentiment de s\u00e9curit\u00e9 pour les consommateurs. En bloquant vos tarifs, vous vous prot\u00e9gez des \u00e9ventuelles hausses de prix durant une p\u00e9riode pouvant aller de 1 \u00e0 4 ans. Rappelons toutefois que le blocage des prix <strong>ne couvrent pas les taxes<\/strong>.\n<\/p>\n<p>\n    Parmi les 17 offres \u00e0 prix bloqu\u00e9 moins ch\u00e8res que le Tarif Bleu d&rsquo;EDF, la plus comp\u00e9titive est celle de <strong><a href=\"https:\/\/selectra.info\/energie\/fournisseurs\/primeo\" rel=\"nofollow noopener\" target=\"_blank\">Primeo<\/a><\/strong>. Son offre <strong><a href=\"https:\/\/selectra.info\/energie\/fournisseurs\/primeo\/tarifs\/fixe-20-pourcent\" rel=\"nofollow noopener\" target=\"_blank\">Fixe -20%<\/a><\/strong> permet une \u00e9conomie potentielle de <strong>343 \u20ac par an<\/strong> face au tarif r\u00e9glement\u00e9 (pour 10800 kWh\/an, 6 kVA Base).\n<\/p>\n<p>\n    Dans le peloton de t\u00eate des offres fixes, on retrouve \u00e9galement celles de <strong><a href=\"https:\/\/selectra.info\/energie\/fournisseurs\/gaz-de-bordeaux\" rel=\"nofollow noopener\" target=\"_blank\">Gaz de Bordeaux<\/a><\/strong> et de <strong><a href=\"https:\/\/selectra.info\/energie\/fournisseurs\/butagaz-par-ekwateur\" rel=\"nofollow noopener\" target=\"_blank\">Butagaz<\/a><\/strong>.\n<\/p>\n<p class=\"table__legend\">Tarifs \u20ac TTC.<br \/>\n            Simulations effectu\u00e9es pour une consommation domestique de 10800  kWh par an et une puissance de 9 kVA \u00e0 Lyon.<br \/>\n            En savoir plus sur notre <a href=\"https:\/\/selectra.info\/energie\/score\" rel=\"nofollow noopener\" target=\"_blank\">Selectra Score<\/a>.<br \/>\n            Seule l\u2019offre la plus comp\u00e9titive de chaque fournisseur d\u2019\u00e9nergie est mentionn\u00e9e.\n      \t  <\/p>\n<p>  <img decoding=\"async\" class=\"new-ads__card-logo\" src=\"https:\/\/www.europesays.com\/fr\/wp-content\/uploads\/2025\/04\/ampoule-animee.gif\" alt=\"logo\"\/><\/p>\n<p class=\"new-ads__card-title\">Trouvez un fournisseur moins cher !<\/p>\n<p class=\"new-ads__card-description\">Obtenez votre comparatif par t\u00e9l\u00e9phone avec Selectra<\/p>\n<p>       <img decoding=\"async\" class=\"new-ads__card-logo\" src=\"https:\/\/www.europesays.com\/fr\/wp-content\/uploads\/2025\/08\/selectra-xs.png\" alt=\"logo\"\/><\/p>\n<p class=\"new-ads__card-title\">La m\u00eame \u00e9lectricit\u00e9, moins ch\u00e8re !<br \/>\n\u00c9conomisez en changeant d&rsquo;offre avec Selectra<\/p>\n<p class=\"new-ads__card-description\">Comparez les offres gratuitement avec un conseiller<\/p>\n<p>    Le top des offres d\u2019\u00e9lectricit\u00e9 verte pour une rentr\u00e9e engag\u00e9e<\/p>\n<p>\n    Pour les consommateurs qui souhaitent allier \u00e9conomies et \u00e9cologie, 23 offres vertes sont actuellement plus avantageuses que le tarif r\u00e9glement\u00e9 d&rsquo;\u00e9lectricit\u00e9. En ao\u00fbt 2025, <strong><a href=\"https:\/\/selectra.info\/energie\/fournisseurs\/mint-energie\" rel=\"nofollow noopener\" target=\"_blank\">Mint \u00c9nergie<\/a><\/strong> s\u2019impose sur le segment vert. Son offre <strong><a href=\"https:\/\/selectra.info\/energie\/fournisseurs\/mint-energie\/tarifs\/online-green-mint\" rel=\"nofollow noopener\" target=\"_blank\">Online &amp; Green<\/a><\/strong> permet d\u2019\u00e9conomiser jusqu\u2019\u00e0 <strong>189 \u20ac<\/strong> par an vis-\u00e0-vis du Tarif Bleu d&rsquo;EDF (simulation\u00a0: 10800 kWh\/an, 6 kVA Base).\n<\/p>\n<p>\n    Viennent ensuite les offres de <strong><a href=\"https:\/\/selectra.info\/energie\/fournisseurs\/ekwateur\" rel=\"nofollow noopener\" target=\"_blank\">Ekwateur<\/a><\/strong> puis de <strong><a href=\"https:\/\/selectra.info\/energie\/fournisseurs\/gaz-de-bordeaux\" rel=\"nofollow noopener\" target=\"_blank\">Gaz de Bordeaux<\/a><\/strong>.\n<\/p>\n<p class=\"table__legend\">Tarifs \u20ac TTC.<br \/>\n            Simulations effectu\u00e9es pour une consommation domestique de 10800  kWh par an et une puissance de 9 kVA \u00e0 Lyon.<br \/>\n            En savoir plus sur notre <a href=\"https:\/\/selectra.info\/energie\/score\" rel=\"nofollow noopener\" target=\"_blank\">Selectra Score<\/a>.<br \/>\n            Seule l\u2019offre la plus comp\u00e9titive de chaque fournisseur d\u2019\u00e9nergie est mentionn\u00e9e.\n      \t  <\/p>\n<p>    Les tarifs d\u2019EDF sont-ils encore comp\u00e9titifs pour cette rentr\u00e9e 2025 \/ 2026 ?<\/p>\n<p>  <img decoding=\"async\" class=\"u-img--fluid\" src=\"https:\/\/www.europesays.com\/fr\/wp-content\/uploads\/2025\/08\/edf-md.png\" alt=\"logo EDF\" loading=\"lazy\"\/><\/p>\n<p>\n    Chez <strong><a href=\"https:\/\/selectra.info\/energie\/fournisseurs\/edf\" rel=\"nofollow noopener\" target=\"_blank\">EDF<\/a><\/strong>, au-del\u00e0 du Tarif Bleu, l&rsquo;offre de march\u00e9 la plus int\u00e9ressante est actuellement <strong><a href=\"https:\/\/selectra.info\/energie\/fournisseurs\/edf\/tarifs\/zen-online\" rel=\"nofollow noopener\" target=\"_blank\">Zen Online<\/a><\/strong>. Elle permet une \u00e9conomie annuelle de <strong>104 \u20ac<\/strong> par rapport au tarif r\u00e9glement\u00e9 (consommation de r\u00e9f\u00e9rence\u00a0: 10800 kWh, 6 kVA Base).\n<\/p>\n<p class=\"table__legend\">\n            Simulations effectu\u00e9es pour une consommation domestique de 10800 kWh par an et une puissance de 9 kVA en option Base.<br \/>\n            En savoir plus sur notre <a href=\"https:\/\/selectra.info\/energie\/score\" rel=\"nofollow noopener\" target=\"_blank\">Selectra Score<\/a>.\n      \t  <\/p>\n<p>\nLe r\u00e9flexe est simple : munissez-vous de votre derni\u00e8re facture et comparez le prix du kWh que vous payez actuellement avec les tarifs de r\u00e9f\u00e9rence du march\u00e9. Le test est simple : si votre prix est sup\u00e9rieur \u00e0 celui du Tarif Bleu d&rsquo;EDF, vous payez trop cher. S&rsquo;il est sup\u00e9rieur \u00e0 celui de l&rsquo;offre la moins ch\u00e8re, vous avez un potentiel d&rsquo;\u00e9conomies important.\n<\/p>\n<p>Si vous \u00eates en option Base<\/p>\n<p>\nRegardez le \u00ab\u00a0prix par kWh\u00a0\u00bb sur votre facture. En ao\u00fbt 2025, le prix de r\u00e9f\u00e9rence du <strong>Tarif Bleu d&rsquo;EDF est de 0,1952 \u20ac<\/strong>. L&rsquo;objectif \u00e0 battre pour un maximum d&rsquo;\u00e9conomies est le tarif de l&rsquo;offre la moins ch\u00e8re du march\u00e9, actuellement \u00e0 <strong>0,1634 \u20ac par kWh<\/strong> avec l&rsquo;offre Fixe -20% de Primeo.\n<\/p>\n<p>Si vous \u00eates en option Heures Pleines \/ Heures Creuses<\/p>\n<p>\nVous devez v\u00e9rifier deux lignes sur votre facture. Pour le Tarif Bleu d&rsquo;EDF, les prix de r\u00e9f\u00e9rence sont de <strong>0,2081 \u20ac en Heures Pleines<\/strong> et <strong>0,1635 \u20ac en Heures Creuses<\/strong>. Toute offre comp\u00e9titive doit proposer des tarifs inf\u00e9rieurs, surtout en Heures Pleines o\u00f9 votre consommation est la plus importante.\n<\/p>\n<p>\nContrairement \u00e0 une id\u00e9e re\u00e7ue, <a href=\"https:\/\/selectra.info\/energie\/electricite\/changer\" rel=\"nofollow noopener\" target=\"_blank\">changer de fournisseur d&rsquo;\u00e9lectricit\u00e9<\/a> est une d\u00e9marche \u00e9tonnamment simple, rapide et enti\u00e8rement gratuite. La proc\u00e9dure est con\u00e7ue pour \u00eatre fluide et ne prend que quelques minutes, sans aucune coupure d&rsquo;\u00e9lectricit\u00e9. Une fois que vous avez choisi une nouvelle offre, c&rsquo;est votre nouveau fournisseur qui s&rsquo;occupe de toutes les d\u00e9marches, y compris la r\u00e9siliation de votre ancien contrat.\n<\/p>\n<p>\nPour souscrire, voici ce dont vous aurez besoin :\n<\/p>\n<ul class=\"list--check\">\n<li>\n<strong>Votre derni\u00e8re facture d&rsquo;\u00e9lectricit\u00e9 :<\/strong> elle contient votre num\u00e9ro de Point de Livraison (PDL), indispensable pour identifier votre compteur, ainsi que votre consommation annuelle.\n<\/li>\n<li>\n<strong>Vos coordonn\u00e9es bancaires (RIB\/IBAN) :<\/strong> pour mettre en place le pr\u00e9l\u00e8vement automatique de vos nouvelles factures.\n<\/li>\n<li>\n<strong>Un relev\u00e9 de compteur r\u00e9cent :<\/strong> bien que facultatif, il est recommand\u00e9 pour d\u00e9marrer votre nouveau contrat sur la base la plus juste possible.\n<\/li>\n<\/ul>\n<p>  <img decoding=\"async\" class=\"new-ads__card-logo\" src=\"https:\/\/www.europesays.com\/fr\/wp-content\/uploads\/2025\/04\/ampoule-animee.gif\" alt=\"logo\"\/><\/p>\n<p class=\"new-ads__card-title\">Trouvez un fournisseur moins cher !<\/p>\n<p class=\"new-ads__card-description\">Obtenez votre comparatif par t\u00e9l\u00e9phone avec Selectra<\/p>\n<p>       <img decoding=\"async\" class=\"new-ads__card-logo\" src=\"https:\/\/www.europesays.com\/fr\/wp-content\/uploads\/2025\/08\/selectra-xs.png\" alt=\"logo\"\/><\/p>\n<p class=\"new-ads__card-title\">La m\u00eame \u00e9lectricit\u00e9, moins ch\u00e8re !<br \/>\n\u00c9conomisez en changeant d&rsquo;offre avec Selectra<\/p>\n<p class=\"new-ads__card-description\">Comparez les offres gratuitement avec un conseiller<\/p>\n<p>      Avez-vous trouv\u00e9 cet article utile ?<\/p>\n<p>100% des 1 votes trouvent l&rsquo;information utile.<\/p>\n","protected":false},"excerpt":{"rendered":"Par Matias Perea Analyste \u00c9nergie Publi\u00e9 le 25\/08\/2025 min de lecture Trouvez un fournisseur moins cher ! Obtenez&hellip;\n","protected":false},"author":2,"featured_media":342554,"comment_status":"","ping_status":"","sticky":false,"template":"","format":"standard","meta":{"footnotes":""},"categories":[6],"tags":[35,33,34,1011,27],"class_list":{"0":"post-342553","1":"post","2":"type-post","3":"status-publish","4":"format-standard","5":"has-post-thumbnail","7":"category-economie","8":"tag-business","9":"tag-economie","10":"tag-economy","11":"tag-fr","12":"tag-france"},"share_on_mastodon":{"url":"https:\/\/pubeurope.com\/@fr\/115088846405575712","error":""},"_links":{"self":[{"href":"https:\/\/www.europesays.com\/fr\/wp-json\/wp\/v2\/posts\/342553","targetHints":{"allow":["GET"]}}],"collection":[{"href":"https:\/\/www.europesays.com\/fr\/wp-json\/wp\/v2\/posts"}],"about":[{"href":"https:\/\/www.europesays.com\/fr\/wp-json\/wp\/v2\/types\/post"}],"author":[{"embeddable":true,"href":"https:\/\/www.europesays.com\/fr\/wp-json\/wp\/v2\/users\/2"}],"replies":[{"embeddable":true,"href":"https:\/\/www.europesays.com\/fr\/wp-json\/wp\/v2\/comments?post=342553"}],"version-history":[{"count":0,"href":"https:\/\/www.europesays.com\/fr\/wp-json\/wp\/v2\/posts\/342553\/revisions"}],"wp:featuredmedia":[{"embeddable":true,"href":"https:\/\/www.europesays.com\/fr\/wp-json\/wp\/v2\/media\/342554"}],"wp:attachment":[{"href":"https:\/\/www.europesays.com\/fr\/wp-json\/wp\/v2\/media?parent=342553"}],"wp:term":[{"taxonomy":"category","embeddable":true,"href":"https:\/\/www.europesays.com\/fr\/wp-json\/wp\/v2\/categories?post=342553"},{"taxonomy":"post_tag","embeddable":true,"href":"https:\/\/www.europesays.com\/fr\/wp-json\/wp\/v2\/tags?post=342553"}],"curies":[{"name":"wp","href":"https:\/\/api.w.org\/{rel}","templated":true}]}}