{"id":342555,"date":"2025-08-25T10:06:10","date_gmt":"2025-08-25T10:06:10","guid":{"rendered":"https:\/\/www.europesays.com\/fr\/342555\/"},"modified":"2025-08-25T10:06:10","modified_gmt":"2025-08-25T10:06:10","slug":"2-reacteurs-nucleaires-edf-finalement-hors-de-danger","status":"publish","type":"post","link":"https:\/\/www.europesays.com\/fr\/342555\/","title":{"rendered":"2 r\u00e9acteurs nucl\u00e9aires EDF finalement hors de danger"},"content":{"rendered":"<p>              <img decoding=\"async\" class=\"article-author__picture webp\" src=\"https:\/\/www.europesays.com\/fr\/wp-content\/uploads\/2025\/08\/lucas-villiard.jpg.webp\" alt=\"Lucas Villiard\"\/><\/p>\n<p class=\"article-author__info--name\"> Par<br \/>\n                      <a href=\"https:\/\/selectra.info\/equipe\/lucas-villard\" target=\"_blank\" rel=\"noopener author nofollow\"> Lucas Villiard <\/a><\/p>\n<p class=\"article-author__info--description\"> R\u00e9dacteur \u00e9nergie <\/p>\n<p>        Publi\u00e9 le<\/p>\n<p>                                25\/08\/2025<\/p>\n<p>            min de lecture\n        <\/p>\n<p class=\"title\">L&rsquo;INFO QUI FAIT BAISSER VOTRE FACTURE<\/p>\n<ul class=\"list--check\">\n<li><strong>Alertes Baisse des Prix<\/strong> en temps r\u00e9el<\/li>\n<li><strong>Nouvelles Aides de l&rsquo;\u00c9tat<\/strong> d\u00e9crypt\u00e9es pour vous<\/li>\n<li><strong>Bons Plans Exclusifs<\/strong> de nos experts<\/li>\n<\/ul>\n<p style=\"margin-top:15px;\">Rejoignez des milliers de Fran\u00e7ais et recevez gratuitement l&rsquo;essentiel de l&rsquo;actu \u00e9nergie sur votre canal pr\u00e9f\u00e9r\u00e9.<\/p>\n<p class=\"intro\">Aujourd&rsquo;hui, 25 ao\u00fbt 2025, Selectra vous propose une revue de presse des faits marquants du monde de l&rsquo;\u00e9nergie. Au programme : une bonne nouvelle pour le parc nucl\u00e9aire fran\u00e7ais qui voit son risque de corrosion diminuer, de nouvelles tensions g\u00e9opolitiques autour de l&rsquo;approvisionnement p\u00e9trolier en Europe de l&rsquo;Est, et une premi\u00e8re mondiale de la part de Google qui brise enfin le tabou de la consommation \u00e9nerg\u00e9tique de l&rsquo;IA.<\/p>\n<p class=\"in-short--title col-xs-12 text--center\">R\u00e9sumer cet article avec\u00a0:<\/p>\n<p>Production et r\u00e9seaux en France et en Europe<\/p>\n<ul class=\"list--check\">\n<li><strong>Nucl\u00e9aire : EDF retire deux r\u00e9acteurs de la liste \u00e0 risque de corrosion<\/strong> : une bonne nouvelle pour la s\u00e9curit\u00e9 d&rsquo;approvisionnement de cet hiver. <a href=\"https:\/\/selectra.info\/energie\/fournisseurs\/edf\" rel=\"nofollow noopener\" target=\"_blank\">EDF<\/a> a annonc\u00e9 que les r\u00e9acteurs Belleville 1 et Tricastin 2 n&rsquo;\u00e9taient plus consid\u00e9r\u00e9s comme \u00e0 risque de corrosion sous contrainte, r\u00e9duisant \u00e0 huit le nombre de centrales potentiellement concern\u00e9es par des arr\u00eats prolong\u00e9s. L&rsquo;\u00e9lectricien estime toutefois qu&rsquo;un arr\u00eat planifi\u00e9 sur six pourrait encore \u00eatre \u00e9tendu d&rsquo;une trentaine de jours pour des investigations. <a href=\"https:\/\/montelnews.com\/news\/733ca0ab-21d4-4954-ae81-f695399f7e89\/edf-removes-2-reactors-from-corrosion-risk-list\" target=\"_blank\" rel=\"noopener noreferrer nofollow\">Plus d&rsquo;infos<\/a><\/li>\n<li><strong>En Suisse, un r\u00e9acteur majeur \u00e0 l&rsquo;arr\u00eat pour six mois de plus<\/strong> : le r\u00e9acteur nucl\u00e9aire de Goesgen (1 GW), qui couvre environ 13 % de la consommation suisse, restera \u00e0 l&rsquo;arr\u00eat jusqu&rsquo;au 28 f\u00e9vrier 2026. L&rsquo;exploitant <a href=\"https:\/\/selectra.info\/energie\/fournisseurs\/alpiq\" rel=\"nofollow noopener\" target=\"_blank\">Alpiq<\/a> a d\u00fb prolonger sa maintenance pour r\u00e9pondre \u00e0 de nouvelles exigences de l&rsquo;autorit\u00e9 de s\u00fbret\u00e9, ce qui pourrait tendre l&rsquo;approvisionnement \u00e9lectrique du pays cet hiver. <a href=\"https:\/\/montelnews.com\/fr\/news\/52fe0e6e-7c44-4cb3-b2d6-5d9f1834a363\/alpiq-prolonge-larret-du-reacteur-goesgen-1-gw-de-6-mois\" target=\"_blank\" rel=\"noopener noreferrer nofollow\">Plus d&rsquo;infos<\/a><\/li>\n<li><strong>Le Portugal investit 400 millions d&rsquo;euros pour s\u00e9curiser son r\u00e9seau \u00e9lectrique<\/strong> : Trois mois apr\u00e8s une panne g\u00e9ante qui avait touch\u00e9 le pays, le gouvernement portugais a annonc\u00e9 un plan d&rsquo;investissement de 400 millions d&rsquo;euros pour renforcer la r\u00e9silience de son syst\u00e8me \u00e9lectrique et \u00e9viter de futurs black-outs. <a href=\"https:\/\/www.europe1.fr\/international\/trois-mois-apres-la-panne-geante-le-portugal-va-investir-400-millions-deuros-pour-securiser-son-reseau-electrique-765828\" target=\"_blank\" rel=\"noopener noreferrer nofollow\">Plus d&rsquo;infos<\/a><\/li>\n<li><strong>2 500 foyers priv\u00e9s d&rsquo;\u00e9lectricit\u00e9 en Martinique<\/strong> : Une ligne \u00e9lectrique endommag\u00e9e par les intemp\u00e9ries a provoqu\u00e9 une coupure de courant pour 2 500 foyers dans le sud de l&rsquo;\u00eele hier matin. Le service a \u00e9t\u00e9 r\u00e9tabli dans la soir\u00e9e. <a href=\"https:\/\/la1ere.franceinfo.fr\/martinique\/coupure-d-electricite-2-500-foyers-prives-de-courant-au-sud-est-de-la-martinique-1616441.html\" target=\"_blank\" rel=\"noopener noreferrer nofollow\">Plus d&rsquo;infos<\/a><\/li>\n<\/ul>\n<p>Politiques \u00e9nerg\u00e9tiques et innovations<\/p>\n<ul class=\"list--check\">\n<li><strong>Google brise un tabou et r\u00e9v\u00e8le la consommation de son IA Gemini<\/strong> : C&rsquo;est une premi\u00e8re dans le secteur. Google a publi\u00e9 les donn\u00e9es de consommation de son IA : un prompt moyen sur Gemini utilise 0,24 Wh, soit moins d&rsquo;\u00e9nergie que \u00ab\u00a0regarder la t\u00e9l\u00e9vision pendant neuf secondes\u00a0\u00bb. L&rsquo;entreprise affirme que l&#8217;empreinte r\u00e9elle de l&rsquo;IA est bien inf\u00e9rieure aux estimations publiques gr\u00e2ce \u00e0 ses optimisations et \u00e0 l&rsquo;usage d&rsquo;\u00e9nergies propres. <a href=\"https:\/\/www.zdnet.fr\/actualites\/google-revele-la-consommation-denergie-dune-requete-gemini-une-premiere-dans-le-secteur-480636.htm\" target=\"_blank\" rel=\"noopener noreferrer nofollow\">Plus d&rsquo;infos<\/a><\/li>\n<li><strong>Des panneaux solaires bient\u00f4t obligatoires sur les parkings d&rsquo;outre-mer<\/strong> : un nouveau d\u00e9cret fixe les seuils \u00e0 partir desquels les parkings des DOM devront \u00eatre \u00e9quip\u00e9s d&rsquo;ombri\u00e8res photovolta\u00efques. Cette obligation concernera les parkings de plus de 1 000 m\u00b2 \u00e0 La R\u00e9union, 1 500 m\u00b2 en Guadeloupe et Martinique, et 2 500 m\u00b2 en Guyane. <a href=\"https:\/\/www.legifrance.gouv.fr\/jorf\/id\/JORFTEXT000052088037\" target=\"_blank\" rel=\"noopener noreferrer nofollow\">Plus d&rsquo;infos<\/a><\/li>\n<li><strong>R\u00e9forme du DPE : le projet du gouvernement massivement rejet\u00e9<\/strong> : la consultation publique sur l&rsquo;abaissement du coefficient de l&rsquo;\u00e9lectricit\u00e9 (de 2,3 \u00e0 1,9) a recueilli une majorit\u00e9 d&rsquo;avis d\u00e9favorables (223 contre, 98 pour). Les opposants d\u00e9noncent une mesure \u00ab\u00a0artificielle\u00a0\u00bb qui fragiliserait la cr\u00e9dibilit\u00e9 du DPE et retarderait les r\u00e9novations globales. <a href=\"https:\/\/www.consultations-publiques.developpement-durable.gouv.fr\/synthese-de-la-consultation-publique-portant-sur-a3227.html\" target=\"_blank\" rel=\"noopener noreferrer nofollow\">Plus d&rsquo;infos<\/a><\/li>\n<\/ul>\n<p>Tensions g\u00e9opolitiques et s\u00e9curit\u00e9 d&rsquo;approvisionnement<\/p>\n<ul class=\"list--check\">\n<li><strong>La Hongrie et la Slovaquie alertent l&rsquo;UE sur les frappes ukrainiennes visant l&rsquo;ol\u00e9oduc Droujba<\/strong> : Tr\u00e8s d\u00e9pendantes du p\u00e9trole russe, la Hongrie et la Slovaquie ont d\u00e9nonc\u00e9 les attaques ukrainiennes qui perturbent leur approvisionnement via l&rsquo;ol\u00e9oduc Droujba. Budapest a sollicit\u00e9 l&rsquo;aide de Washington et critique de plus en plus ouvertement les sanctions europ\u00e9ennes, jug\u00e9es contraires \u00e0 ses int\u00e9r\u00eats \u00e9nerg\u00e9tiques. <a href=\"https:\/\/www.contexte.com\/fr\/actualite\/energie\/la-hongrie-et-la-slovaquie-denoncent-les-attaques-ukrainiennes-contre-loleoduc-russe-droujba_236834\" target=\"_blank\" rel=\"noopener noreferrer nofollow\">Plus d&rsquo;infos<\/a><\/li>\n<\/ul>\n<p class=\"title\">L&rsquo;INFO QUI FAIT BAISSER VOTRE FACTURE<\/p>\n<ul class=\"list--check\">\n<li><strong>Alertes Baisse des Prix<\/strong> en temps r\u00e9el<\/li>\n<li><strong>Nouvelles Aides de l&rsquo;\u00c9tat<\/strong> d\u00e9crypt\u00e9es pour vous<\/li>\n<li><strong>Bons Plans Exclusifs<\/strong> de nos experts<\/li>\n<\/ul>\n<p style=\"margin-top:15px;\">Rejoignez des milliers de Fran\u00e7ais et recevez gratuitement l&rsquo;essentiel de l&rsquo;actu \u00e9nergie sur votre canal pr\u00e9f\u00e9r\u00e9.<\/p>\n<p>      Avez-vous trouv\u00e9 cet article utile ?<\/p>\n<p>0% des 0 votes trouvent l&rsquo;information utile.<\/p>\n","protected":false},"excerpt":{"rendered":"Par Lucas Villiard R\u00e9dacteur \u00e9nergie Publi\u00e9 le 25\/08\/2025 min de lecture L&rsquo;INFO QUI FAIT BAISSER VOTRE FACTURE Alertes&hellip;\n","protected":false},"author":2,"featured_media":253666,"comment_status":"","ping_status":"","sticky":false,"template":"","format":"standard","meta":{"footnotes":""},"categories":[5],"tags":[11,1011,27,14,12,28],"class_list":{"0":"post-342555","1":"post","2":"type-post","3":"status-publish","4":"format-standard","5":"has-post-thumbnail","7":"category-international","8":"tag-actualites","9":"tag-fr","10":"tag-france","11":"tag-international","12":"tag-news","13":"tag-world"},"share_on_mastodon":{"url":"https:\/\/pubeurope.com\/@fr\/115088849886336206","error":""},"_links":{"self":[{"href":"https:\/\/www.europesays.com\/fr\/wp-json\/wp\/v2\/posts\/342555","targetHints":{"allow":["GET"]}}],"collection":[{"href":"https:\/\/www.europesays.com\/fr\/wp-json\/wp\/v2\/posts"}],"about":[{"href":"https:\/\/www.europesays.com\/fr\/wp-json\/wp\/v2\/types\/post"}],"author":[{"embeddable":true,"href":"https:\/\/www.europesays.com\/fr\/wp-json\/wp\/v2\/users\/2"}],"replies":[{"embeddable":true,"href":"https:\/\/www.europesays.com\/fr\/wp-json\/wp\/v2\/comments?post=342555"}],"version-history":[{"count":0,"href":"https:\/\/www.europesays.com\/fr\/wp-json\/wp\/v2\/posts\/342555\/revisions"}],"wp:featuredmedia":[{"embeddable":true,"href":"https:\/\/www.europesays.com\/fr\/wp-json\/wp\/v2\/media\/253666"}],"wp:attachment":[{"href":"https:\/\/www.europesays.com\/fr\/wp-json\/wp\/v2\/media?parent=342555"}],"wp:term":[{"taxonomy":"category","embeddable":true,"href":"https:\/\/www.europesays.com\/fr\/wp-json\/wp\/v2\/categories?post=342555"},{"taxonomy":"post_tag","embeddable":true,"href":"https:\/\/www.europesays.com\/fr\/wp-json\/wp\/v2\/tags?post=342555"}],"curies":[{"name":"wp","href":"https:\/\/api.w.org\/{rel}","templated":true}]}}