{"id":342556,"date":"2025-08-25T10:07:11","date_gmt":"2025-08-25T10:07:11","guid":{"rendered":"https:\/\/www.europesays.com\/fr\/342556\/"},"modified":"2025-08-25T10:07:11","modified_gmt":"2025-08-25T10:07:11","slug":"budget-hollande-hostile-a-une-censure-immediate-de-bayrou-sil-negocie-la-repartition-des-efforts-25-08-2025-a-1002","status":"publish","type":"post","link":"https:\/\/www.europesays.com\/fr\/342556\/","title":{"rendered":"Budget: Hollande hostile \u00ab\u00a0\u00e0 une censure imm\u00e9diate\u00a0\u00bb de Bayrou s&rsquo;il n\u00e9gocie la r\u00e9partition des efforts &#8211; 25\/08\/2025 \u00e0 10:02"},"content":{"rendered":"<p>        <img fetchpriority=\"high\" decoding=\"async\" src=\"https:\/\/www.europesays.com\/fr\/wp-content\/uploads\/2025\/08\/fb055fbad8ab02f716f06b9dc386271b-760x506.jpg\" alt=\"Le d\u00e9put\u00e9 Fran\u00e7ois Hollande assiste \u00e0 une session de questions au gouvernement \u00e0 l'Assembl\u00e9e nationale \u00e0 Paris, le 3 juin 2025 ( AFP \/ Thomas SAMSON )\" loading=\"eager\" width=\"760\" height=\"506\" style=\"max-width: 100%!important; height: auto;\"\/><\/p>\n<p class=\"c-image-news__legend\">Le d\u00e9put\u00e9 Fran\u00e7ois Hollande assiste \u00e0 une session de questions au gouvernement \u00e0 l&rsquo;Assembl\u00e9e nationale \u00e0 Paris, le 3 juin 2025 ( AFP \/ Thomas SAMSON )<\/p>\n<p>\n Fran\u00e7ois Hollande ne veut pas de \u00ab\u00a0censure imm\u00e9diate\u00a0\u00bb du gouvernement Bayrou si celui-ci ouvre une n\u00e9gociation sur le budget dans laquelle le socialiste demande \u00e0 revoir sensiblement la r\u00e9partition des efforts demand\u00e9s entre d\u00e9penses et recettes.\n<\/p>\n<p>\n Alors que les Insoumis entendent d\u00e9poser une motion de censure d\u00e8s la reprise des travaux parlementaires la semaine du 22 septembre, Fran\u00e7ois Hollande a admis lundi sur France Inter \u00ab\u00a0ne pas voir comment il serait possible de dire dialoguons, si cette proposition est faite, et censurons en m\u00eame temps\u00a0\u00bb.\n<\/p>\n<p>\n \u00ab\u00a0Je ne dis pas que la censure n&rsquo;est pas \u00e0 un moment envisageable, elle est aujourd&rsquo;hui probable, mais s&rsquo;il doit y avoir un dialogue, il faut qu&rsquo;il soit poursuivi jusqu&rsquo;au bout\u00a0\u00bb de la discussion budg\u00e9taire \u00e0 l&rsquo;automne, a d\u00e9clar\u00e9 l&rsquo;ancien pr\u00e9sident socialiste.\n<\/p>\n<p>\n Le d\u00e9put\u00e9 de Corr\u00e8ze, qui \u00ab\u00a0ne pense pas que ce soit bon pour le pays qu&rsquo;il y ait un chaos\u00a0\u00bb, ne \u00ab\u00a0peut pas imaginer que ce sera le m\u00eame texte dans un ou deux mois\u00a0\u00bb.\n<\/p>\n<p>\n Pour \u00e9viter la censure, Fran\u00e7ois Hollande demande \u00e0 Fran\u00e7ois Bayrou, qui tient une conf\u00e9rence de presse de rentr\u00e9e lundi apr\u00e8s-midi, de revoir fortement la r\u00e9partition des 43,8 milliards d&rsquo;\u00e9conomies demand\u00e9es.\n<\/p>\n<p>\n \u00ab\u00a0Ce serait mieux si c&rsquo;\u00e9tait effectivement 22 milliards en mati\u00e8re de d\u00e9penses, 22 milliards du c\u00f4t\u00e9 de la recette\u00a0\u00bb en regardant vers les plus favoris\u00e9s, a-t-il sugg\u00e9r\u00e9.\n<\/p>\n<p>\n \u00ab\u00a0S&rsquo;il n&rsquo;y a pas de rectifications sur le plan de la fiscalit\u00e9 du patrimoine, si les entreprises ne sont pas mises \u00e0 contribution (&#8230;) alors oui, je ne vois pas comment il peut \u00e9chapper \u00e0 ce r\u00e9sultat (la censure)\u00a0\u00bb, a-t-il jug\u00e9,\n<\/p>\n<p>\n Alors que le PS s&rsquo;est dit pr\u00eat \u00e0 \u00ab\u00a0accompagner\u00a0\u00bb les appels au blocage du pays le 10 septembre, n\u00e9s sur les r\u00e9seaux sociaux, Fran\u00e7ois Hollande se veut prudent car \u00ab\u00a0il faut avoir un d\u00e9bouch\u00e9, l&rsquo;id\u00e9e de blocage n&rsquo;est pas suffisante\u00a0\u00bb.\n<\/p>\n<p>\n \u00ab\u00a0Quand je ne connais pas les initiateurs et la direction d&rsquo;un mouvement, quand je ne ma\u00eetrise pas les revendications, je regarde\u00a0\u00bb, a-t-il averti.\n<\/p>\n<p>\n Quant \u00e0 la r\u00e9cup\u00e9ration de ce mouvement par Jean-Luc M\u00e9lenchon, il estime que ce n&rsquo;est pas \u00ab\u00a0\u00e0 un responsable politique de d\u00e9cr\u00e9ter la gr\u00e8ve g\u00e9n\u00e9rale\u00a0\u00bb.\n<\/p>\n<p>\n \u00ab\u00a0Je crois \u00e0 la d\u00e9mocratie politique et \u00e0 la d\u00e9mocratie sociale. C&rsquo;est aux organisations syndicales de fixer les mouvements, les revendications et m\u00eame les dates de mobilisation\u00a0\u00bb, a-t-il jug\u00e9.<\/p>\n","protected":false},"excerpt":{"rendered":"Le d\u00e9put\u00e9 Fran\u00e7ois Hollande assiste \u00e0 une session de questions au gouvernement \u00e0 l&rsquo;Assembl\u00e9e nationale \u00e0 Paris, le&hellip;\n","protected":false},"author":2,"featured_media":342557,"comment_status":"","ping_status":"","sticky":false,"template":"","format":"standard","meta":{"footnotes":""},"categories":[4],"tags":[400,11,398,408,405,1011,27,403,402,399,404,12,25,401,406,407],"class_list":{"0":"post-342556","1":"post","2":"type-post","3":"status-publish","4":"format-standard","5":"has-post-thumbnail","7":"category-france","8":"tag-action-cac-40","9":"tag-actualites","10":"tag-bourse-de-paris","11":"tag-boursorama","12":"tag-cotations","13":"tag-fr","14":"tag-france","15":"tag-indices-devises","16":"tag-investir","17":"tag-investissement","18":"tag-marche-boursier","19":"tag-news","20":"tag-republique-francaise","21":"tag-sicav","22":"tag-trackers","23":"tag-warrants"},"share_on_mastodon":{"url":"https:\/\/pubeurope.com\/@fr\/115088853812039901","error":""},"_links":{"self":[{"href":"https:\/\/www.europesays.com\/fr\/wp-json\/wp\/v2\/posts\/342556","targetHints":{"allow":["GET"]}}],"collection":[{"href":"https:\/\/www.europesays.com\/fr\/wp-json\/wp\/v2\/posts"}],"about":[{"href":"https:\/\/www.europesays.com\/fr\/wp-json\/wp\/v2\/types\/post"}],"author":[{"embeddable":true,"href":"https:\/\/www.europesays.com\/fr\/wp-json\/wp\/v2\/users\/2"}],"replies":[{"embeddable":true,"href":"https:\/\/www.europesays.com\/fr\/wp-json\/wp\/v2\/comments?post=342556"}],"version-history":[{"count":0,"href":"https:\/\/www.europesays.com\/fr\/wp-json\/wp\/v2\/posts\/342556\/revisions"}],"wp:featuredmedia":[{"embeddable":true,"href":"https:\/\/www.europesays.com\/fr\/wp-json\/wp\/v2\/media\/342557"}],"wp:attachment":[{"href":"https:\/\/www.europesays.com\/fr\/wp-json\/wp\/v2\/media?parent=342556"}],"wp:term":[{"taxonomy":"category","embeddable":true,"href":"https:\/\/www.europesays.com\/fr\/wp-json\/wp\/v2\/categories?post=342556"},{"taxonomy":"post_tag","embeddable":true,"href":"https:\/\/www.europesays.com\/fr\/wp-json\/wp\/v2\/tags?post=342556"}],"curies":[{"name":"wp","href":"https:\/\/api.w.org\/{rel}","templated":true}]}}