{"id":342558,"date":"2025-08-25T10:08:13","date_gmt":"2025-08-25T10:08:13","guid":{"rendered":"https:\/\/www.europesays.com\/fr\/342558\/"},"modified":"2025-08-25T10:08:13","modified_gmt":"2025-08-25T10:08:13","slug":"a-quelle-heure-et-sur-quelle-chaine-regarder-le-2e-match-des-bleues-a-la-coupe-du-monde-feminine-de-rugby","status":"publish","type":"post","link":"https:\/\/www.europesays.com\/fr\/342558\/","title":{"rendered":"\u00e0 quelle heure et sur quelle cha\u00eene regarder le 2e match des Bleues \u00e0 la Coupe du monde f\u00e9minine de rugby"},"content":{"rendered":"<p>Apr\u00e8s sa victoire inaugurale contre l\u2019Italie, le XV de France f\u00e9minin affronte dimanche prochain les Br\u00e9siliennes lors de la phase de poules.<\/p>\n<p class=\"fig-paragraph\">Une victoire sans panache, mais sans frayeur non plus,\u00a0<a href=\"http:\/\/www.lefigaro.fr\/sports\/rugby\/xv-de-france\/coupe-du-monde-feminine-de-rugby-en-video-l-essai-de-grisez-qui-lance-les-bleues-20250823\" data-fig-type=\"NewsFlash\" data-gtm-custom-categorie=\"navigation\" data-gtm-custom-action=\"crossclick\" data-gtm-custom-label=\"Contextuel\" data-gtm-event=\"customEventSPE\" data-fig-domain=\"LEFIGARO\" target=\"_blank\" rel=\"noopener\">face aux Italiennes (24-0)\u00a0<\/a>pour lancer leur comp\u00e9tition. Et se projeter sereinement vers le deuxi\u00e8me rendez-vous, dimanche prochain.<\/p>\n<p class=\"fig-paragraph\"><a href=\"http:\/\/www.lefigaro.fr\/sports\/rugby\/xv-de-france\/france-italie-escudero-frappe-fort-des-bleues-du-rugby-encore-trop-crispees-les-tops-et-flops-20250823\" data-fig-type=\"NewsFlash\" data-gtm-custom-categorie=\"navigation\" data-gtm-custom-action=\"crossclick\" data-gtm-custom-label=\"Contextuel\" data-gtm-event=\"customEventSPE\" data-fig-domain=\"LEFIGARO\" target=\"_blank\" rel=\"noopener\">Les Bleues de Manae Feleu et Marine M\u00e9nager<\/a>\u00a0d\u00e9fieront la modeste \u00e9quipe du Br\u00e9sil, 25e au classement des nations World Rugby, \u00e0 nouveau au Sandy Park d\u2019Exeter, dans le sud-ouest de l\u2019Angleterre.<\/p>\n<p>                                    <a class=\"fig-a11y-skip a11y-hidden\" href=\"#fig-a11y-skip-main-inarticle\"><br \/>\n        Passer la publicit\u00e9<br \/>\n    <\/a><\/p>\n<p class=\"fig-paragraph\">Une rencontre, dont le coup d\u2019envoi sera donn\u00e9 dimanche \u00e0 17h45, \u00e0 suivre en direct sur France 2. Et en live comment\u00e9 sur le figaro.fr.<\/p>\n","protected":false},"excerpt":{"rendered":"Apr\u00e8s sa victoire inaugurale contre l\u2019Italie, le XV de France f\u00e9minin affronte dimanche prochain les Br\u00e9siliennes lors de&hellip;\n","protected":false},"author":2,"featured_media":342559,"comment_status":"","ping_status":"","sticky":false,"template":"","format":"standard","meta":{"footnotes":""},"categories":[2],"tags":[11,13070,1011,27,12,12042],"class_list":{"0":"post-342558","1":"post","2":"type-post","3":"status-publish","4":"format-standard","5":"has-post-thumbnail","7":"category-actualites","8":"tag-actualites","9":"tag-coupe-du-monde-de-rugby-feminine","10":"tag-fr","11":"tag-france","12":"tag-news","13":"tag-rugby-feminin"},"share_on_mastodon":{"url":"https:\/\/pubeurope.com\/@fr\/115088857747094282","error":""},"_links":{"self":[{"href":"https:\/\/www.europesays.com\/fr\/wp-json\/wp\/v2\/posts\/342558","targetHints":{"allow":["GET"]}}],"collection":[{"href":"https:\/\/www.europesays.com\/fr\/wp-json\/wp\/v2\/posts"}],"about":[{"href":"https:\/\/www.europesays.com\/fr\/wp-json\/wp\/v2\/types\/post"}],"author":[{"embeddable":true,"href":"https:\/\/www.europesays.com\/fr\/wp-json\/wp\/v2\/users\/2"}],"replies":[{"embeddable":true,"href":"https:\/\/www.europesays.com\/fr\/wp-json\/wp\/v2\/comments?post=342558"}],"version-history":[{"count":0,"href":"https:\/\/www.europesays.com\/fr\/wp-json\/wp\/v2\/posts\/342558\/revisions"}],"wp:featuredmedia":[{"embeddable":true,"href":"https:\/\/www.europesays.com\/fr\/wp-json\/wp\/v2\/media\/342559"}],"wp:attachment":[{"href":"https:\/\/www.europesays.com\/fr\/wp-json\/wp\/v2\/media?parent=342558"}],"wp:term":[{"taxonomy":"category","embeddable":true,"href":"https:\/\/www.europesays.com\/fr\/wp-json\/wp\/v2\/categories?post=342558"},{"taxonomy":"post_tag","embeddable":true,"href":"https:\/\/www.europesays.com\/fr\/wp-json\/wp\/v2\/tags?post=342558"}],"curies":[{"name":"wp","href":"https:\/\/api.w.org\/{rel}","templated":true}]}}