{"id":342560,"date":"2025-08-25T10:09:19","date_gmt":"2025-08-25T10:09:19","guid":{"rendered":"https:\/\/www.europesays.com\/fr\/342560\/"},"modified":"2025-08-25T10:09:19","modified_gmt":"2025-08-25T10:09:19","slug":"ce-qui-va-changer-dans-ce-secteur-a-problemes","status":"publish","type":"post","link":"https:\/\/www.europesays.com\/fr\/342560\/","title":{"rendered":"ce qui va changer dans ce secteur \u00e0 probl\u00e8mes"},"content":{"rendered":"<p>            Par<br \/>\n        <strong><br \/>\n            <a href=\"https:\/\/actu.fr\/auteur\/mathias-souteyrat\" title=\"Consulter tous les articles de Mathias Souteyrat\" target=\"_blank\" rel=\"noopener\">Mathias Souteyrat<\/a><br \/>\n        <\/strong><\/p>\n<p>        Publi\u00e9 le<\/p>\n<p>            25 ao\u00fbt 2025 \u00e0 11h46        <\/p>\n<p>Les travaux touchent \u00e0 leur fin sur l\u2019<a href=\"https:\/\/actu.fr\/tag\/autoroute-72-a72\" target=\"_blank\" rel=\"noopener\">autoroute A72<\/a> pr\u00e8s de Saint-Etienne. \u00ab\u2009Le calendrier initialement pr\u00e9vu \u00e9tant tenu, les diff\u00e9rentes entr\u00e9es et sorties sur le secteur de la Gouyonni\u00e8re devraient \u00eatre de nouveaux ouvertes fin ao\u00fbt\u2009\u00bb, annonce le d\u00e9partement de la Loire. Voici les changements.\u00a0<\/p>\n<p>Chantier jusqu\u2019au 29\u00a0ao\u00fbt<\/p>\n<p class=\" wall-content\">Voici le planning des travaux\/fermetures restants\u2009:<\/p>\n<ul class=\" wall-content\">\n<li>Jusqu\u2019au 29\u00a0ao\u00fbt\u2009: sur le rond-point de la Gouyonni\u00e8re, fermeture de l\u2019entr\u00e9e A72 (direction Roanne\/Clermont).<\/li>\n<li>La journ\u00e9e du 25\u00a0ao\u00fbt\u2009: sur l\u2019autoroute A72, dans le sens Saint-Etienne \u2013 Roanne, fermeture compl\u00e8te de la sortie 9a et 9b pour r\u00e9paration d\u2019une glissi\u00e8re sur le secteur du chantier.<\/li>\n<\/ul>\n<p>    <img   decoding=\"async\" loading=\"lazy\" src=\"https:\/\/www.europesays.com\/fr\/wp-content\/uploads\/2025\/08\/536280968-1178644107637303-5407937053618597072-n-960x640.jpg\" alt=\"Les travaux touchent \u00e0 leur fin sur l'autoroute A72.\" width=\"960\" height=\"640\"\/><br \/>\n    Les travaux touchent \u00e0 leur fin sur l\u2019autoroute A72. (\u00a9D\u00e9partement de la Loire)<\/p>\n<ul class=\" wall-content\">\n<li>Les nuits 27 et 28\u00a0ao\u00fbt\u2009: sur l\u2019autoroute A72, dans le sens Saint-Etienne \u2013 Roanne, fermeture compl\u00e8te de la sortie 9a et 9b. Des d\u00e9viations seront mises en place.<\/li>\n<\/ul>\n<p>Fluidifier le trafic aux heures de pointe<\/p>\n<p class=\" wall-content\">Pour rappel, le projet de modernisation de l\u2019\u00e9changeur de la Gouyonni\u00e8re vise notamment \u00e0 doubler la bretelle de sortie 9b sur l\u2019A72, <strong>en direction de Montbrison \/ Saint-Just-Saint-Rambert<\/strong> afin de fluidifier le trafic aux heures de pointe, notamment en limitant les remont\u00e9es de files sur l\u2019A72 et renforcer la s\u00e9curit\u00e9 des usagers.<\/p>\n<p>    <img   decoding=\"async\" loading=\"lazy\" src=\"https:\/\/www.europesays.com\/fr\/wp-content\/uploads\/2025\/08\/536282425-1178644210970626-3884383319840078594-n-960x640.jpg\" alt=\"Les travaux touchent \u00e0 leur fin sur l'autoroute A72.\" width=\"960\" height=\"640\"\/><br \/>\n    Les travaux touchent \u00e0 leur fin sur l\u2019autoroute A72. (\u00a9D\u00e9partement de la Loire)<\/p>\n<p>Votre r\u00e9gion, votre actu !<\/p>\n<p>Recevez chaque jour les infos qui comptent pour vous.<\/p>\n<p>\t<a href=\"https:\/\/actu.fr\/newsletter\" class=\"ac-btn ac-btn--corner ac-btn--medium ac-btn--blue800\" target=\"_blank\" rel=\"noopener\">S&rsquo;incrire<\/a><\/p>\n<p class=\" wall-content\">Des <strong>feux de signalisation intelligents<\/strong> sont \u00e9galement p\u00e9rennis\u00e9s.\u00a0Le projet repr\u00e9sente un investissement de 1,5 M\u20ac HT, financ\u00e9 \u00e0 2\/3 par l\u2019\u00c9tat et 1\/3 par le D\u00e9partement.<\/p>\n<p class=\" wall-content\">Personnalisez votre actualit\u00e9 en ajoutant vos villes et m\u00e9dias en favori avec <a href=\"https:\/\/moncompte.actu.fr\" title=\"D\u00e9couvez Mon Actu\" rel=\"nofollow noopener\" data-trk=\"{&quot;cta&quot;:{&quot;action&quot;:&quot;https:\\\/\\\/moncompte.actu.fr&quot;,&quot;category&quot;:&quot;mon compte&quot;,&quot;from&quot;:&quot;article footer&quot;,&quot;name&quot;:&quot;Mon actu&quot;,&quot;type&quot;:&quot;cta&quot;}}\" target=\"_blank\">Mon Actu<\/a>.<\/p>\n","protected":false},"excerpt":{"rendered":"Par Mathias Souteyrat Publi\u00e9 le 25 ao\u00fbt 2025 \u00e0 11h46 Les travaux touchent \u00e0 leur fin sur l\u2019autoroute&hellip;\n","protected":false},"author":2,"featured_media":342561,"comment_status":"","ping_status":"","sticky":false,"template":"","format":"standard","meta":{"footnotes":""},"categories":[9653],"tags":[1111,11,18457,2430,1777,674,1011,27,12,25,4001,104,2086],"class_list":{"0":"post-342560","1":"post","2":"type-post","3":"status-publish","4":"format-standard","5":"has-post-thumbnail","7":"category-saint-etienne","8":"tag-actu","9":"tag-actualites","10":"tag-autoroute-72-a72","11":"tag-auvergne-rhone-alpes","12":"tag-eu","13":"tag-europe","14":"tag-fr","15":"tag-france","16":"tag-news","17":"tag-republique-francaise","18":"tag-saint-etienne","19":"tag-societe","20":"tag-travaux"},"share_on_mastodon":{"url":"https:\/\/pubeurope.com\/@fr\/115088861791326136","error":""},"_links":{"self":[{"href":"https:\/\/www.europesays.com\/fr\/wp-json\/wp\/v2\/posts\/342560","targetHints":{"allow":["GET"]}}],"collection":[{"href":"https:\/\/www.europesays.com\/fr\/wp-json\/wp\/v2\/posts"}],"about":[{"href":"https:\/\/www.europesays.com\/fr\/wp-json\/wp\/v2\/types\/post"}],"author":[{"embeddable":true,"href":"https:\/\/www.europesays.com\/fr\/wp-json\/wp\/v2\/users\/2"}],"replies":[{"embeddable":true,"href":"https:\/\/www.europesays.com\/fr\/wp-json\/wp\/v2\/comments?post=342560"}],"version-history":[{"count":0,"href":"https:\/\/www.europesays.com\/fr\/wp-json\/wp\/v2\/posts\/342560\/revisions"}],"wp:featuredmedia":[{"embeddable":true,"href":"https:\/\/www.europesays.com\/fr\/wp-json\/wp\/v2\/media\/342561"}],"wp:attachment":[{"href":"https:\/\/www.europesays.com\/fr\/wp-json\/wp\/v2\/media?parent=342560"}],"wp:term":[{"taxonomy":"category","embeddable":true,"href":"https:\/\/www.europesays.com\/fr\/wp-json\/wp\/v2\/categories?post=342560"},{"taxonomy":"post_tag","embeddable":true,"href":"https:\/\/www.europesays.com\/fr\/wp-json\/wp\/v2\/tags?post=342560"}],"curies":[{"name":"wp","href":"https:\/\/api.w.org\/{rel}","templated":true}]}}