{"id":342567,"date":"2025-08-25T10:16:14","date_gmt":"2025-08-25T10:16:14","guid":{"rendered":"https:\/\/www.europesays.com\/fr\/342567\/"},"modified":"2025-08-25T10:16:14","modified_gmt":"2025-08-25T10:16:14","slug":"a-la-tele-les-roles-feminins-sont-souvent-plus-interessants-et-varies-que-ceux-au-cinema-gabrielle-atger-tourne-a-montpellier","status":"publish","type":"post","link":"https:\/\/www.europesays.com\/fr\/342567\/","title":{"rendered":"\u00ab\u00a0A la t\u00e9l\u00e9, les r\u00f4les f\u00e9minins sont souvent plus int\u00e9ressants et vari\u00e9s que ceux au cin\u00e9ma\u00a0\u00bb, Gabrielle Atger tourne \u00e0 Montpellier"},"content":{"rendered":"<p>\n                                                                L\u2019actrice incarne Audrey, la s\u0153ur de Louise Bartoli dans la s\u00e9rie \u00ab\u00a0Nouveau Jour\u00a0\u00bb. M\u00e8re de Th\u00e9a, revenue de Tha\u00eflande apr\u00e8s plusieurs ann\u00e9es, son personnage se retrouve au c\u0153ur des intrigues familiales et des enqu\u00eates. S\u00e9duite par la densit\u00e9 du r\u00f4le et le rythme du tournage, elle \u00e9voque son plaisir de travailler \u00e0 Montpellier et sa volont\u00e9 de profiter d\u2019une pause estivale en famille.\n                            <\/p>\n<p class=\"txt-question\" data-end=\"276\" data-start=\"111\">Vous interpr\u00e9tez Audrey, la s\u0153ur de l\u2019intraitable Louise Bartoli dans Nouveau Jour. Votre personnage est au c\u0153ur des intrigues de la s\u00e9rie. Parlez-nous d\u2019Audrey.<\/p>\n<p data-end=\"775\" data-start=\"278\">Comme vous le dites, c\u2019est la s\u0153ur de Louise et la m\u00e8re de Th\u00e9a\u00a0: \u00e7a fait d\u00e9j\u00e0 beaucoup d\u2019intrigues pour une seule personne. Elle a quitt\u00e9 sa famille pour vivre en Tha\u00eflande, o\u00f9 elle a rencontr\u00e9 Erwan et eu trois enfants. Son retour forc\u00e9 aupr\u00e8s de sa famille pousse les liens du sang \u00e0 se ressouder, malgr\u00e9 les vieux conflits. On d\u00e9couvre que les intrigues familiales ne manquent pas. Je suis chanceuse de jouer un personnage impliqu\u00e9 dans les enqu\u00eates et qui a une famille saine, reconstruite.<\/p>\n<p class=\"txt-question\" data-end=\"1170\" data-start=\"777\">Entre la gifle balanc\u00e9e \u00e0 votre fille, le rapprochement avec votre s\u0153ur, on a l\u2019impression que vous avez d\u00e9j\u00e0 jou\u00e9 les sc\u00e8nes les plus importantes\u00a0?<\/p>\n<p data-end=\"1771\" data-start=\"1324\">Cette claque, c\u2019\u00e9tait ma premi\u00e8re sc\u00e8ne avec Th\u00e9a. Je l\u2019ai rencontr\u00e9e sur cette s\u00e9quence, donc on s\u2019en souviendra longtemps, je pense. Mais oui, c\u2019est vrai que \u00e7a a commenc\u00e9 tr\u00e8s, tr\u00e8s fort, parce qu\u2019on commen\u00e7ait par un secret, un tabou. On peut difficilement faire plus intense et plus douloureux. Mais on n\u2019est pas au bout de nos surprises\u00a0: les sc\u00e9naristes nous en r\u00e9servent toujours, et c\u2019est ce qui rend la s\u00e9rie quotidienne si excitante.<\/p>\n<p>        <img decoding=\"async\" class=\"std-img__img responsive-img\" src=\"https:\/\/www.europesays.com\/fr\/wp-content\/uploads\/2025\/08\/1756116974_880_image.jpg\" alt=\"Infirmi\u00e8re, Audrey est m\u00e8re de deux enfants.\"\/><\/p>\n<p>                Infirmi\u00e8re, Audrey est m\u00e8re de deux enfants.<\/p>\n<p class=\"txt-question\" data-end=\"1807\" data-start=\"1773\">Pourquoi avoir accept\u00e9 ce r\u00f4le\u00a0?<\/p>\n<p data-end=\"2354\" data-start=\"1809\">Pourquoi j\u2019aurais refus\u00e9\u00a0? C\u2019est quand m\u00eame un super r\u00f4le. J\u2019\u00e9tais pass\u00e9e tr\u00e8s rapidement sur DNA. J\u2019avais vu que c\u2019\u00e9taient des tournages qui ne ressemblaient \u00e0 aucun autre en termes d\u2019organisation, de rythme,\u00a0etc. Je trouvais \u00e7a assez excitant. Et l\u00e0, c\u2019\u00e9tait quand m\u00eame un r\u00f4le important, dense, avec beaucoup de choses \u00e0 jouer. Le personnage d\u2019Audrey est complexe, et travailler avec des personnes comme Helena Noguerra et Bruno Solo m\u2019a motiv\u00e9e. \u00c7a avait l\u2019air \u00e0 la fois vertigineux et tellement excitant que je ne me voyais pas refuser.<\/p>\n<p class=\"txt-question\" data-end=\"2415\" data-start=\"2356\">Qu\u2019est-ce que \u00e7a vous fait de venir jouer \u00e0 Montpellier\u00a0?<\/p>\n<p data-end=\"2995\" data-start=\"2417\">Il y a pire. J\u2019adore Paris\u00a0: j\u2019ai ma famille l\u00e0-bas, j\u2019ai ma vie. Je n\u2019envisage pas \u2013 en tout cas pour le moment \u2013 de migrer compl\u00e8tement. Mais je suis ravie de venir dans le Sud. Je d\u00e9couvre Montpellier. J\u2019y \u00e9tais d\u00e9j\u00e0 pass\u00e9e, mais toujours tr\u00e8s rapidement, sur des tournages. L\u00e0, j\u2019ai l\u2019occasion d\u2019y passer un peu plus de temps, de m\u2019y faire une deuxi\u00e8me maison, une deuxi\u00e8me vie. Je trouve que c\u2019est une ville tr\u00e8s agr\u00e9able. C\u2019est l\u2019\u00e9t\u00e9, donc il y a beaucoup de gens. Il fait tr\u00e8s chaud. Mais je me dis qu\u2019on risque d\u2019\u00eatre assez bien lotis \u00e0 l\u2019automne. C\u2019est tr\u00e8s agr\u00e9able.<\/p>\n<p>\u00ab\u00a0Je n\u2019ai pas encore eu le temps d\u2019aller aux plages\u00a0\u00bb<\/p>\n<p class=\"txt-question\" data-end=\"3027\" data-start=\"2997\">Vous avez d\u00e9j\u00e0 pris des rep\u00e8res\u00a0?<\/p>\n<p data-end=\"3316\" data-start=\"3029\">On commence, tout doucement. Mais le rythme de tournage ne laisse pas non plus un temps dingue pour aller arpenter les rues. Je n\u2019ai pas encore eu le temps d\u2019aller aux plages. J\u2019ai h\u00e2te. Mais j\u2019adore la piscine olympique d\u2019Antigone et les petites boutiques et restaurants de l\u2019\u00c9cusson.<\/p>\n<p class=\"txt-question\" data-end=\"3429\" data-start=\"3318\">On vous voit surtout \u00e0 la t\u00e9l\u00e9vision et moins au cin\u00e9ma. C\u2019est un choix ou vous \u00eates victime des \u00e9tiquettes\u00a0?<\/p>\n<p data-end=\"3741\" data-start=\"3431\">Je n\u2019arrive pas trop \u00e0 savoir s\u2019il y a encore tant d\u2019\u00e9tiquettes que \u00e7a entre t\u00e9l\u00e9 et cin\u00e9ma. Je pense qu\u2019aujourd\u2019hui, on passe facilement de l\u2019un \u00e0 l\u2019autre. Mais \u00e0 la t\u00e9l\u00e9, les r\u00f4les f\u00e9minins sont souvent plus int\u00e9ressants et vari\u00e9s que ceux au cin\u00e9ma. Les projets propos\u00e9s influencent les directions prises.<\/p>\n<p class=\"txt-question\" data-end=\"3791\" data-start=\"3743\">Quel r\u00f4le vous a marqu\u00e9e dans votre carri\u00e8re\u00a0?<\/p>\n<p data-end=\"4129\" data-start=\"3793\">Je pense au film Boomerang. C\u2019\u00e9tait une adaptation d\u2019un roman de Tatiana de Rosnay. Pour plein de raisons, je porte le film et ce personnage dans mon c\u0153ur. J\u2019ai aussi tourn\u00e9 des films en montagne\u00a0: \u00e7a me parle toujours beaucoup et je suis toujours contente de le faire. Mais j\u2019aurais du mal \u00e0 choisir un personnage plus qu\u2019un autre.<\/p>\n<p class=\"txt-question\" data-end=\"4165\" data-start=\"4131\">Comment vont \u00eatre vos vacances\u00a0?<\/p>\n<p data-end=\"4485\" data-start=\"4167\">J\u2019ai une chance dingue. Comme Audrey, mon personnage, on a commenc\u00e9 tr\u00e8s fort depuis le d\u00e9but du tournage\u00a0; j\u2019ai donc une pause ce mois d\u2019ao\u00fbt. Je vais passer du temps avec ma fille, mon compagnon et ma famille. J\u2019ai pr\u00e9vu un s\u00e9jour \u00e0 la montagne pour \u00e9chapper \u00e0 la chaleur et peut-\u00eatre quelques jours en Angleterre.<\/p>\n<p>Nouveau jour. Tous les soirs de la semaine \u00e0 20\u00a0h\u00a035 sur M6.<\/p>\n<p>    Bio express<\/p>\n<p>N\u00e9e au d\u00e9but des ann\u00e9es 1980 \u00e0 Paris, Gabrielle Atger est\u00a0r\u00e9v\u00e9l\u00e9e au cin\u00e9ma dans Le Papillon (2002) de Philippe Muyl. Elle s\u2019impose en 2015 dans Boomerang\u00a0o\u00f9 elle livre une prestation marquante aux c\u00f4t\u00e9s de M\u00e9lanie Laurent et Laurent Lafitte. Elle appara\u00eet aussi dans Turf, Les Neiges du Kilimandjaro et Camping 3. Tr\u00e8s pr\u00e9sente \u00e0 la t\u00e9l\u00e9vision, elle participe \u00e0 des s\u00e9ries et t\u00e9l\u00e9films comme Les Petits Meurtres d\u2019Agatha Christie, Clem, L\u2019Accident ou Mixte, explorant des registres vari\u00e9s et affirmant une carri\u00e8re riche et \u00e9clectique.<\/p>\n","protected":false},"excerpt":{"rendered":"L\u2019actrice incarne Audrey, la s\u0153ur de Louise Bartoli dans la s\u00e9rie \u00ab\u00a0Nouveau Jour\u00a0\u00bb. M\u00e8re de Th\u00e9a, revenue de&hellip;\n","protected":false},"author":2,"featured_media":342568,"comment_status":"","ping_status":"","sticky":false,"template":"","format":"standard","meta":{"footnotes":""},"categories":[9599],"tags":[1111,11,1777,674,1011,27,2208,12,2680,25],"class_list":{"0":"post-342567","1":"post","2":"type-post","3":"status-publish","4":"format-standard","5":"has-post-thumbnail","7":"category-montpellier","8":"tag-actu","9":"tag-actualites","10":"tag-eu","11":"tag-europe","12":"tag-fr","13":"tag-france","14":"tag-montpellier","15":"tag-news","16":"tag-occitanie","17":"tag-republique-francaise"},"share_on_mastodon":{"url":"https:\/\/pubeurope.com\/@fr\/115088889390676471","error":""},"_links":{"self":[{"href":"https:\/\/www.europesays.com\/fr\/wp-json\/wp\/v2\/posts\/342567","targetHints":{"allow":["GET"]}}],"collection":[{"href":"https:\/\/www.europesays.com\/fr\/wp-json\/wp\/v2\/posts"}],"about":[{"href":"https:\/\/www.europesays.com\/fr\/wp-json\/wp\/v2\/types\/post"}],"author":[{"embeddable":true,"href":"https:\/\/www.europesays.com\/fr\/wp-json\/wp\/v2\/users\/2"}],"replies":[{"embeddable":true,"href":"https:\/\/www.europesays.com\/fr\/wp-json\/wp\/v2\/comments?post=342567"}],"version-history":[{"count":0,"href":"https:\/\/www.europesays.com\/fr\/wp-json\/wp\/v2\/posts\/342567\/revisions"}],"wp:featuredmedia":[{"embeddable":true,"href":"https:\/\/www.europesays.com\/fr\/wp-json\/wp\/v2\/media\/342568"}],"wp:attachment":[{"href":"https:\/\/www.europesays.com\/fr\/wp-json\/wp\/v2\/media?parent=342567"}],"wp:term":[{"taxonomy":"category","embeddable":true,"href":"https:\/\/www.europesays.com\/fr\/wp-json\/wp\/v2\/categories?post=342567"},{"taxonomy":"post_tag","embeddable":true,"href":"https:\/\/www.europesays.com\/fr\/wp-json\/wp\/v2\/tags?post=342567"}],"curies":[{"name":"wp","href":"https:\/\/api.w.org\/{rel}","templated":true}]}}