{"id":342569,"date":"2025-08-25T10:17:12","date_gmt":"2025-08-25T10:17:12","guid":{"rendered":"https:\/\/www.europesays.com\/fr\/342569\/"},"modified":"2025-08-25T10:17:12","modified_gmt":"2025-08-25T10:17:12","slug":"un-forum-pour-trouver-la-solution","status":"publish","type":"post","link":"https:\/\/www.europesays.com\/fr\/342569\/","title":{"rendered":"un forum pour trouver la solution"},"content":{"rendered":"<p class=\"p3\">Le <b>mercredi 3 septembre 2025<\/b>, la 13e \u00e9dition de la journ\u00e9e logement <b>\u00ab trouver mon premier appart\u2019 \u00bb<\/b> se tiendra de 14h \u00e0 17h \u00e0 l\u2019Espace Jeunes Citoyens de Pierresvives.<\/p>\n<p class=\"p3\">Cet \u00e9v\u00e9nement est fait pour vous si vous avez entre 17 et 30 ans, que vous soyez \u00e9tudiant, alternant, en formation ou jeune salari\u00e9. L\u2019objectif est de vous fournir des informations concr\u00e8tes et des solutions adapt\u00e9es \u00e0 toutes les situations.<\/p>\n<p class=\"p3\"><b>Au programme, des experts pour vous accompagner :<\/b><b\/><\/p>\n<ul class=\"ul1\">\n<li class=\"li3\"><b>Aides financi\u00e8res :<\/b> Tout savoir sur les aides de la CAF, d\u2019Action Logement ou du Crous.<\/li>\n<li class=\"li3\"><b>Types de logements :<\/b> Comprendre les diff\u00e9rentes options (logement social, Habitat Jeunes, r\u00e9sidences priv\u00e9es).<\/li>\n<li class=\"li3\"><b>Offres concr\u00e8tes :<\/b> Consulter des offres de logements disponibles sur Montpellier M\u00e9tropole.<\/li>\n<li class=\"li3\"><b>Conseils personnalis\u00e9s :<\/b> \u00c9changer directement avec des professionnels du secteur pour faire le point sur votre situation.<\/li>\n<li class=\"li3\"><b>D\u00e9marches simplifi\u00e9es :<\/b> Sur place, vous pourrez simuler vos aides, vous inscrire sur des sites sp\u00e9cialis\u00e9s et commencer vos recherches.<\/li>\n<\/ul>\n<p class=\"p3\">Des organismes comme la CAF, Habitat Jeunes, ADIL 34 et Action Logement seront pr\u00e9sents pour vous guider.<\/p>\n<p class=\"p3\"><b>Pour en savoir plus : <\/b><a href=\"https:\/\/www.crij.org\/herault\/fr\/evenement\/logement\/journee-logement-trouver-mon-premier-appart.php\" rel=\"nofollow noopener\" target=\"_blank\">Journ\u00e9e Logement \u00ab\u00a0trouver mon premier appart\u2019\u00a0| Info Jeunes H\u00e9rault (crij.org)<\/a><\/p>\n<p><img loading=\"lazy\" decoding=\"async\" class=\"alignnone  wp-image-49861\" src=\"https:\/\/www.europesays.com\/fr\/wp-content\/uploads\/2025\/08\/image002-212x300.png\" alt=\"\" width=\"893\" height=\"1264\"  \/><\/p>\n","protected":false},"excerpt":{"rendered":"Le mercredi 3 septembre 2025, la 13e \u00e9dition de la journ\u00e9e logement \u00ab trouver mon premier appart\u2019 \u00bb&hellip;\n","protected":false},"author":2,"featured_media":342570,"comment_status":"","ping_status":"","sticky":false,"template":"","format":"standard","meta":{"footnotes":""},"categories":[9599],"tags":[1111,11,1777,674,1011,27,2208,12,2680,25],"class_list":{"0":"post-342569","1":"post","2":"type-post","3":"status-publish","4":"format-standard","5":"has-post-thumbnail","7":"category-montpellier","8":"tag-actu","9":"tag-actualites","10":"tag-eu","11":"tag-europe","12":"tag-fr","13":"tag-france","14":"tag-montpellier","15":"tag-news","16":"tag-occitanie","17":"tag-republique-francaise"},"share_on_mastodon":{"url":"https:\/\/pubeurope.com\/@fr\/115088893257760661","error":""},"_links":{"self":[{"href":"https:\/\/www.europesays.com\/fr\/wp-json\/wp\/v2\/posts\/342569","targetHints":{"allow":["GET"]}}],"collection":[{"href":"https:\/\/www.europesays.com\/fr\/wp-json\/wp\/v2\/posts"}],"about":[{"href":"https:\/\/www.europesays.com\/fr\/wp-json\/wp\/v2\/types\/post"}],"author":[{"embeddable":true,"href":"https:\/\/www.europesays.com\/fr\/wp-json\/wp\/v2\/users\/2"}],"replies":[{"embeddable":true,"href":"https:\/\/www.europesays.com\/fr\/wp-json\/wp\/v2\/comments?post=342569"}],"version-history":[{"count":0,"href":"https:\/\/www.europesays.com\/fr\/wp-json\/wp\/v2\/posts\/342569\/revisions"}],"wp:featuredmedia":[{"embeddable":true,"href":"https:\/\/www.europesays.com\/fr\/wp-json\/wp\/v2\/media\/342570"}],"wp:attachment":[{"href":"https:\/\/www.europesays.com\/fr\/wp-json\/wp\/v2\/media?parent=342569"}],"wp:term":[{"taxonomy":"category","embeddable":true,"href":"https:\/\/www.europesays.com\/fr\/wp-json\/wp\/v2\/categories?post=342569"},{"taxonomy":"post_tag","embeddable":true,"href":"https:\/\/www.europesays.com\/fr\/wp-json\/wp\/v2\/tags?post=342569"}],"curies":[{"name":"wp","href":"https:\/\/api.w.org\/{rel}","templated":true}]}}