{"id":342573,"date":"2025-08-25T10:19:18","date_gmt":"2025-08-25T10:19:18","guid":{"rendered":"https:\/\/www.europesays.com\/fr\/342573\/"},"modified":"2025-08-25T10:19:18","modified_gmt":"2025-08-25T10:19:18","slug":"une-epicerie-recoit-une-rafale-de-tirs-a-rouen-une-enquete-est-ouverte","status":"publish","type":"post","link":"https:\/\/www.europesays.com\/fr\/342573\/","title":{"rendered":"Une \u00e9picerie re\u00e7oit une rafale de tirs \u00e0 Rouen : une enqu\u00eate est ouverte"},"content":{"rendered":"<p>            Par<br \/>\n        <strong><br \/>\n            <a href=\"https:\/\/actu.fr\/auteur\/julien-bouteiller\" title=\"Consulter tous les articles de Julien Bouteiller\" rel=\"nofollow noopener\" target=\"_blank\">Julien Bouteiller<\/a><br \/>\n        <\/strong><\/p>\n<p>        Publi\u00e9 le<\/p>\n<p>            25 ao\u00fbt 2025 \u00e0 11h24        <\/p>\n<p><strong>Un commerce pris pour cible.<\/strong> Dans la nuit du vendredi 22 au samedi 23 ao\u00fbt 2025, une \u00e9picerie de nuit de <a href=\"https:\/\/actu.fr\/normandie\/rouen_76540\" rel=\"nofollow noopener\" target=\"_blank\">Rouen<\/a> <strong>a \u00e9t\u00e9 cribl\u00e9e de tirs d\u2019arme \u00e0 feu<\/strong>, indique une source polici\u00e8re, confirmant les informations d\u2019<a href=\"https:\/\/www.francebleu.fr\/infos\/faits-divers-justice\/rouen-des-tirs-a-l-arme-automatique-visent-une-epicerie-4834014\" rel=\"nofollow noopener\" target=\"_blank\">Ici Normandie<\/a>.<\/p>\n<p>Une \u00e9picerie cribl\u00e9e de balles<\/p>\n<p class=\" wall-content\">Selon nos conf\u00e8res, vers 2h du matin, <strong>deux individus \u00e0 scooter<\/strong> ont ouvert le feu sur cette \u00e9picerie situ\u00e9e <strong>avenue de Bretagne, sur la rive gauche<\/strong>. \u00c0 l\u2019int\u00e9rieur, la g\u00e9rante \u00e9tait seule mais n\u2019a heureusement pas \u00e9t\u00e9 touch\u00e9e.<\/p>\n<p class=\" wall-content\">Les tireurs ont pris la fuite laissant derri\u00e8re eux <strong>une douzaine de douilles<\/strong> et de nombreux impacts sur la vitrine.\u00a0<\/p>\n<p class=\" wall-content\">\u00c0 ce stade, nous ignorons les raisons de ces tirs. <strong>Une enqu\u00eate est en cours.<\/strong><\/p>\n<p>Suivez l\u2019actualit\u00e9 de Rouen <a href=\"https:\/\/www.whatsapp.com\/channel\/0029VaKfnf99hXF2ddApFB1D\" rel=\"nofollow noopener\" target=\"_blank\">sur notre cha\u00eene WhatsApp<\/a> et <a href=\"https:\/\/www.tiktok.com\/@76actu.fr?lang=fr\" rel=\"nofollow noopener\" target=\"_blank\">sur notre compte TikTok<\/a><\/p>\n<p class=\" wall-content\">Personnalisez votre actualit\u00e9 en ajoutant vos villes et m\u00e9dias en favori avec <a href=\"https:\/\/moncompte.actu.fr\" title=\"D\u00e9couvez Mon Actu\" rel=\"nofollow noopener\" data-trk=\"{&quot;cta&quot;:{&quot;action&quot;:&quot;https:\\\/\\\/moncompte.actu.fr&quot;,&quot;category&quot;:&quot;mon compte&quot;,&quot;from&quot;:&quot;article footer&quot;,&quot;name&quot;:&quot;Mon actu&quot;,&quot;type&quot;:&quot;cta&quot;}}\" target=\"_blank\">Mon Actu<\/a>.<\/p>\n<p>                    <script async src=\"\/\/www.tiktok.com\/embed.js\"><\/script><\/p>\n","protected":false},"excerpt":{"rendered":"Par Julien Bouteiller Publi\u00e9 le 25 ao\u00fbt 2025 \u00e0 11h24 Un commerce pris pour cible. Dans la nuit&hellip;\n","protected":false},"author":2,"featured_media":342574,"comment_status":"","ping_status":"","sticky":false,"template":"","format":"standard","meta":{"footnotes":""},"categories":[9587],"tags":[1111,11,1777,674,118,1011,27,12,5161,1072,25,9590],"class_list":{"0":"post-342573","1":"post","2":"type-post","3":"status-publish","4":"format-standard","5":"has-post-thumbnail","7":"category-rouen","8":"tag-actu","9":"tag-actualites","10":"tag-eu","11":"tag-europe","12":"tag-faits-divers","13":"tag-fr","14":"tag-france","15":"tag-news","16":"tag-normandie","17":"tag-police","18":"tag-republique-francaise","19":"tag-rouen"},"share_on_mastodon":{"url":"https:\/\/pubeurope.com\/@fr\/115088901105056860","error":""},"_links":{"self":[{"href":"https:\/\/www.europesays.com\/fr\/wp-json\/wp\/v2\/posts\/342573","targetHints":{"allow":["GET"]}}],"collection":[{"href":"https:\/\/www.europesays.com\/fr\/wp-json\/wp\/v2\/posts"}],"about":[{"href":"https:\/\/www.europesays.com\/fr\/wp-json\/wp\/v2\/types\/post"}],"author":[{"embeddable":true,"href":"https:\/\/www.europesays.com\/fr\/wp-json\/wp\/v2\/users\/2"}],"replies":[{"embeddable":true,"href":"https:\/\/www.europesays.com\/fr\/wp-json\/wp\/v2\/comments?post=342573"}],"version-history":[{"count":0,"href":"https:\/\/www.europesays.com\/fr\/wp-json\/wp\/v2\/posts\/342573\/revisions"}],"wp:featuredmedia":[{"embeddable":true,"href":"https:\/\/www.europesays.com\/fr\/wp-json\/wp\/v2\/media\/342574"}],"wp:attachment":[{"href":"https:\/\/www.europesays.com\/fr\/wp-json\/wp\/v2\/media?parent=342573"}],"wp:term":[{"taxonomy":"category","embeddable":true,"href":"https:\/\/www.europesays.com\/fr\/wp-json\/wp\/v2\/categories?post=342573"},{"taxonomy":"post_tag","embeddable":true,"href":"https:\/\/www.europesays.com\/fr\/wp-json\/wp\/v2\/tags?post=342573"}],"curies":[{"name":"wp","href":"https:\/\/api.w.org\/{rel}","templated":true}]}}