{"id":342576,"date":"2025-08-25T10:21:10","date_gmt":"2025-08-25T10:21:10","guid":{"rendered":"https:\/\/www.europesays.com\/fr\/342576\/"},"modified":"2025-08-25T10:21:10","modified_gmt":"2025-08-25T10:21:10","slug":"grenoble-des-personnes-grievement-blessees-par-des-coups-de-couteau-ce-que-lon-sait","status":"publish","type":"post","link":"https:\/\/www.europesays.com\/fr\/342576\/","title":{"rendered":"Grenoble. Des personnes gri\u00e8vement bless\u00e9es par des coups de couteau : ce que l&rsquo;on sait"},"content":{"rendered":"<p>            Par<br \/>\n        <strong><br \/>\n            <a href=\"https:\/\/actu.fr\/auteur\/emma-ressegaire\" title=\"Consulter tous les articles de Emma Ressegaire\" target=\"_blank\" rel=\"noopener\">Emma Ressegaire<\/a><br \/>\n        <\/strong><\/p>\n<p>        Publi\u00e9 le<\/p>\n<p>            25 ao\u00fbt 2025 \u00e0 12h10        <\/p>\n<p>Dans la nuit de samedi 23 au dimanche 24 ao\u00fbt, les pompiers sont l\u2019Is\u00e8re sont intervenus sur <strong>deux agressions \u00e0 l\u2019arme blanche<\/strong>, \u00e0 seulement quelques heures d\u2019intervalle.\u00a0<\/p>\n<p class=\" wall-content\">Dans un premier temps, les pompiers se sont rendus \u00e0 Saint-Martin-d\u2019H\u00e8res, pr\u00e8s de Grenoble. Peu apr\u00e8s une heure du matin, <strong>deux personnes ont \u00e9t\u00e9 violemment agress\u00e9es <\/strong>et ont re\u00e7u plusieurs coups de couteau. Les deux victimes ont \u00e9t\u00e9 transport\u00e9es au CHU de Grenoble, dont l\u2019une, \u00e9tant gri\u00e8vement bless\u00e9e, en urgence absolue.<\/p>\n<p class=\" wall-content\">D\u2019apr\u00e8s nos confr\u00e8res du <a href=\"https:\/\/c.ledauphine.com\/faits-divers-justice\/2025\/08\/24\/isere-saint-martin-d-heres-deux-hommes-pretendant-avoir-ete-sequestres-retrouves-blesses-de-coups-de-couteau\" target=\"_blank\" rel=\"noopener\">Dauphin\u00e9 Lib\u00e9r\u00e9<\/a>, il s\u2019agirait de deux hommes, <strong>connus des services de police<\/strong> et qui auraient indiqu\u00e9 avoir \u00e9t\u00e9<strong> s\u00e9questr\u00e9s<\/strong> ensemble pendant plusieurs heures dans un appartement.<\/p>\n<p>Autre agression au couteau pr\u00e8s de la gare<\/p>\n<p class=\" wall-content\">Quelques heures plus tard, vers 6h15 \u00e0 Grenoble cette fois-ci, un jeune homme de 25 ans a \u00e9galement \u00e9t\u00e9 pris pour cible rue \u00c9mile-Gu\u00e9mard, pr\u00e8s de la gare. La victime a re\u00e7u plusieurs<strong> coups de couteau, notamment au thorax<\/strong>.<\/p>\n<p class=\" wall-content\">Gri\u00e8vement bless\u00e9, l\u2019homme a par ailleurs \u00e9t\u00e9 transport\u00e9 au CHU de Grenoble, en urgence absolue.<\/p>\n<p class=\" wall-content\">L\u2019origine et les circonstances de ces deux agressions ne sont, pour l\u2019heure, pas connues.<\/p>\n<p class=\" wall-content\">Personnalisez votre actualit\u00e9 en ajoutant vos villes et m\u00e9dias en favori avec <a href=\"https:\/\/moncompte.actu.fr\" title=\"D\u00e9couvez Mon Actu\" rel=\"nofollow noopener\" data-trk=\"{&quot;cta&quot;:{&quot;action&quot;:&quot;https:\\\/\\\/moncompte.actu.fr&quot;,&quot;category&quot;:&quot;mon compte&quot;,&quot;from&quot;:&quot;article footer&quot;,&quot;name&quot;:&quot;Mon actu&quot;,&quot;type&quot;:&quot;cta&quot;}}\" target=\"_blank\">Mon Actu<\/a>.<\/p>\n","protected":false},"excerpt":{"rendered":"Par Emma Ressegaire Publi\u00e9 le 25 ao\u00fbt 2025 \u00e0 12h10 Dans la nuit de samedi 23 au dimanche&hellip;\n","protected":false},"author":2,"featured_media":342577,"comment_status":"","ping_status":"","sticky":false,"template":"","format":"standard","meta":{"footnotes":""},"categories":[9566],"tags":[1111,11,2430,1777,674,118,1011,27,2731,12,1072,1311,25],"class_list":{"0":"post-342576","1":"post","2":"type-post","3":"status-publish","4":"format-standard","5":"has-post-thumbnail","7":"category-grenoble","8":"tag-actu","9":"tag-actualites","10":"tag-auvergne-rhone-alpes","11":"tag-eu","12":"tag-europe","13":"tag-faits-divers","14":"tag-fr","15":"tag-france","16":"tag-grenoble","17":"tag-news","18":"tag-police","19":"tag-pompiers","20":"tag-republique-francaise"},"share_on_mastodon":{"url":"https:\/\/pubeurope.com\/@fr\/115088908948517349","error":""},"_links":{"self":[{"href":"https:\/\/www.europesays.com\/fr\/wp-json\/wp\/v2\/posts\/342576","targetHints":{"allow":["GET"]}}],"collection":[{"href":"https:\/\/www.europesays.com\/fr\/wp-json\/wp\/v2\/posts"}],"about":[{"href":"https:\/\/www.europesays.com\/fr\/wp-json\/wp\/v2\/types\/post"}],"author":[{"embeddable":true,"href":"https:\/\/www.europesays.com\/fr\/wp-json\/wp\/v2\/users\/2"}],"replies":[{"embeddable":true,"href":"https:\/\/www.europesays.com\/fr\/wp-json\/wp\/v2\/comments?post=342576"}],"version-history":[{"count":0,"href":"https:\/\/www.europesays.com\/fr\/wp-json\/wp\/v2\/posts\/342576\/revisions"}],"wp:featuredmedia":[{"embeddable":true,"href":"https:\/\/www.europesays.com\/fr\/wp-json\/wp\/v2\/media\/342577"}],"wp:attachment":[{"href":"https:\/\/www.europesays.com\/fr\/wp-json\/wp\/v2\/media?parent=342576"}],"wp:term":[{"taxonomy":"category","embeddable":true,"href":"https:\/\/www.europesays.com\/fr\/wp-json\/wp\/v2\/categories?post=342576"},{"taxonomy":"post_tag","embeddable":true,"href":"https:\/\/www.europesays.com\/fr\/wp-json\/wp\/v2\/tags?post=342576"}],"curies":[{"name":"wp","href":"https:\/\/api.w.org\/{rel}","templated":true}]}}