{"id":342578,"date":"2025-08-25T10:22:19","date_gmt":"2025-08-25T10:22:19","guid":{"rendered":"https:\/\/www.europesays.com\/fr\/342578\/"},"modified":"2025-08-25T10:22:19","modified_gmt":"2025-08-25T10:22:19","slug":"deux-hommes-en-garde-a-vue","status":"publish","type":"post","link":"https:\/\/www.europesays.com\/fr\/342578\/","title":{"rendered":"deux hommes en garde \u00e0 vue"},"content":{"rendered":"<p>Deux hommes ont \u00e9t\u00e9 plac\u00e9s en garde \u00e0 vue pour meurtre aggrav\u00e9, suite \u00e0 la d\u00e9couverte samedi du corps d&rsquo;un homme en partie calcin\u00e9 \u00e0 La Chapelle-Erbr\u00e9e en Ille-et-Vilaine. Ils sont \u00e2g\u00e9s de 37 et de 70 ans.<\/p>\n<p>\n      La Quotidienne Soci\u00e9t\u00e9\n    <\/p>\n<p>\n      De la vie quotidienne aux grands enjeux, recevez tous les jours les sujets qui font la soci\u00e9t\u00e9 locale, comme la justice, l\u2019\u00e9ducation, la sant\u00e9 et la famille.\n    <\/p>\n<p>    France T\u00e9l\u00e9visions utilise votre adresse e-mail afin de vous envoyer la newsletter \u00ab\u00a0La Quotidienne Soci\u00e9t\u00e9\u00a0\u00bb. Vous pouvez vous d\u00e9sinscrire \u00e0 tout moment via le lien en bas de cette newsletter. <a target=\"_blank\" href=\"https:\/\/www.francetelevisions.fr\/groupe\/confidentialite\/politique-de-confidentialite\/politique-de-confidentialite-de-france-televisions-6503\" rel=\"nofollow noopener\">Notre politique de confidentialit\u00e9<\/a><\/p>\n<p>La victime a pu \u00eatre identifi\u00e9e \u00ab\u00a0gr\u00e2ce \u00e0 son t\u00e9l\u00e9phone portable retrouv\u00e9 sur le lieu, qui n&rsquo;avait pas totalement br\u00fbl\u00e9, ainsi que par ses tatouages. Il s&rsquo;agit d&rsquo;un homme de 46 ans demeurant Argentr\u00e9 du Plessis\u00a0\u00bb, a pr\u00e9cis\u00e9 Fr\u00e9d\u00e9ric Teillet, le procureur de Rennes.<\/p>\n<p>Un premier suspect, \u00e2g\u00e9 de 37 ans, a \u00e9t\u00e9 interpell\u00e9 samedi en d\u00e9but d&rsquo;apr\u00e8s-midi et un second \u00e2g\u00e9 de 70 ans dimanche matin. \u00ab\u00a0Ces deux hommes sont plac\u00e9s en garde \u00e0 vue du chef de meurtre aggrav\u00e9\u00a0\u00bb, a indiqu\u00e9 le procureur de la R\u00e9publique. De nouvelles informations seront communiqu\u00e9es par le procureur, \u00e0 la fin de ces gardes \u00e0 vue ce lundi apr\u00e8s-midi.\u00a0<\/p>\n","protected":false},"excerpt":{"rendered":"Deux hommes ont \u00e9t\u00e9 plac\u00e9s en garde \u00e0 vue pour meurtre aggrav\u00e9, suite \u00e0 la d\u00e9couverte samedi du&hellip;\n","protected":false},"author":2,"featured_media":342579,"comment_status":"","ping_status":"","sticky":false,"template":"","format":"standard","meta":{"footnotes":""},"categories":[2821],"tags":[1111,11,829,1777,674,1011,27,12,584,25],"class_list":{"0":"post-342578","1":"post","2":"type-post","3":"status-publish","4":"format-standard","5":"has-post-thumbnail","7":"category-rennes","8":"tag-actu","9":"tag-actualites","10":"tag-bretagne","11":"tag-eu","12":"tag-europe","13":"tag-fr","14":"tag-france","15":"tag-news","16":"tag-rennes","17":"tag-republique-francaise"},"share_on_mastodon":{"url":"https:\/\/pubeurope.com\/@fr\/115088912849905825","error":""},"_links":{"self":[{"href":"https:\/\/www.europesays.com\/fr\/wp-json\/wp\/v2\/posts\/342578","targetHints":{"allow":["GET"]}}],"collection":[{"href":"https:\/\/www.europesays.com\/fr\/wp-json\/wp\/v2\/posts"}],"about":[{"href":"https:\/\/www.europesays.com\/fr\/wp-json\/wp\/v2\/types\/post"}],"author":[{"embeddable":true,"href":"https:\/\/www.europesays.com\/fr\/wp-json\/wp\/v2\/users\/2"}],"replies":[{"embeddable":true,"href":"https:\/\/www.europesays.com\/fr\/wp-json\/wp\/v2\/comments?post=342578"}],"version-history":[{"count":0,"href":"https:\/\/www.europesays.com\/fr\/wp-json\/wp\/v2\/posts\/342578\/revisions"}],"wp:featuredmedia":[{"embeddable":true,"href":"https:\/\/www.europesays.com\/fr\/wp-json\/wp\/v2\/media\/342579"}],"wp:attachment":[{"href":"https:\/\/www.europesays.com\/fr\/wp-json\/wp\/v2\/media?parent=342578"}],"wp:term":[{"taxonomy":"category","embeddable":true,"href":"https:\/\/www.europesays.com\/fr\/wp-json\/wp\/v2\/categories?post=342578"},{"taxonomy":"post_tag","embeddable":true,"href":"https:\/\/www.europesays.com\/fr\/wp-json\/wp\/v2\/tags?post=342578"}],"curies":[{"name":"wp","href":"https:\/\/api.w.org\/{rel}","templated":true}]}}