{"id":342580,"date":"2025-08-25T10:23:11","date_gmt":"2025-08-25T10:23:11","guid":{"rendered":"https:\/\/www.europesays.com\/fr\/342580\/"},"modified":"2025-08-25T10:23:11","modified_gmt":"2025-08-25T10:23:11","slug":"pres-de-rennes-70-pompiers-mobilises-contre-un-incendie","status":"publish","type":"post","link":"https:\/\/www.europesays.com\/fr\/342580\/","title":{"rendered":"pr\u00e8s de Rennes, 70 pompiers mobilis\u00e9s contre un incendie"},"content":{"rendered":"<p>            Par<br \/>\n        <strong><br \/>\n            <a href=\"https:\/\/actu.fr\/auteur\/lou-batteux\" title=\"Consulter tous les articles de Lou Batteux\" rel=\"nofollow noopener\" target=\"_blank\">Lou Batteux<\/a><br \/>\n        <\/strong><\/p>\n<p>        Publi\u00e9 le<\/p>\n<p>            25 ao\u00fbt 2025 \u00e0 11h46        <\/p>\n<p>Dimanche 24 ao\u00fbt, aux alentours de 11h36, <strong>un incendie<\/strong> s\u2019est d\u00e9clench\u00e9 dans un logement du premier \u00e9tage d\u2019un <strong>immeuble situ\u00e9 au 1, rue Rosa Parks au Rheu<\/strong>, en face du Super U. Selon le Codis (centre op\u00e9rationnel d\u00e9partemental d\u2019incendie et de secours), le feu proviendrait \u00ab\u00a0a priori d\u2019un barbecue\u00a0\u00bb.<\/p>\n<p>    <a href=\"https:\/\/www.google.com\/maps\/embed?pb=!1m18!1m12!1m3!1d1329.042623211512!2d-1.7967242752232793!3d48.09425355417907!2m3!1f0!2f0!3f0!3m2!1i1024!2i768!4f13.1!3m3!1m2!1s0x480ee23af5618bbd%3A0xdd58cb06eff1a437!2s1%20Rue%20Rosa%20Park%2C%2035650%20Le%20Rheu!5e1!3m2!1sfr!2sfr!4v1756114499981!5m2!1sfr!2sfr\" title=\"Ouvrie le lien\" rel=\"nofollow noopener\" target=\"_blank\">Cliquez ici pour visualiser le contenu<\/a><\/p>\n<p>Les habitants relog\u00e9s<\/p>\n<p class=\" wall-content\">Les <strong>70 pompiers mobilis\u00e9s<\/strong> sur les lieux sont parvenus \u00e0 \u00e9teindre compl\u00e8tement l\u2019incendie vers <strong>20h30,<\/strong> mais une \u00e9quipe est rest\u00e9e en <strong>surveillance<\/strong> sur place jusqu\u2019\u00e0 minuit.\u00a0<\/p>\n<p class=\" wall-content\">Bien qu\u2019<strong>aucun bless\u00e9<\/strong> n\u2019ait \u00e9t\u00e9 d\u00e9clar\u00e9 selon le CODIS, \u00ab\u00a0tout l\u2019immeuble est d\u00e9truit\u00a0\u00bb. Ses occupants ont donc d\u00fb \u00eatre <strong>relog\u00e9s<\/strong> rapidement.<\/p>\n<p class=\" wall-content\">Personnalisez votre actualit\u00e9 en ajoutant vos villes et m\u00e9dias en favori avec <a href=\"https:\/\/moncompte.actu.fr\" title=\"D\u00e9couvez Mon Actu\" rel=\"nofollow noopener\" data-trk=\"{&quot;cta&quot;:{&quot;action&quot;:&quot;https:\\\/\\\/moncompte.actu.fr&quot;,&quot;category&quot;:&quot;mon compte&quot;,&quot;from&quot;:&quot;article footer&quot;,&quot;name&quot;:&quot;Mon actu&quot;,&quot;type&quot;:&quot;cta&quot;}}\" target=\"_blank\">Mon Actu<\/a>.<\/p>\n","protected":false},"excerpt":{"rendered":"Par Lou Batteux Publi\u00e9 le 25 ao\u00fbt 2025 \u00e0 11h46 Dimanche 24 ao\u00fbt, aux alentours de 11h36, un&hellip;\n","protected":false},"author":2,"featured_media":342581,"comment_status":"","ping_status":"","sticky":false,"template":"","format":"standard","meta":{"footnotes":""},"categories":[2821],"tags":[1111,11,829,1777,674,118,1011,27,1310,12,1311,584,25],"class_list":{"0":"post-342580","1":"post","2":"type-post","3":"status-publish","4":"format-standard","5":"has-post-thumbnail","7":"category-rennes","8":"tag-actu","9":"tag-actualites","10":"tag-bretagne","11":"tag-eu","12":"tag-europe","13":"tag-faits-divers","14":"tag-fr","15":"tag-france","16":"tag-incendie","17":"tag-news","18":"tag-pompiers","19":"tag-rennes","20":"tag-republique-francaise"},"share_on_mastodon":{"url":"https:\/\/pubeurope.com\/@fr\/115088916698404315","error":""},"_links":{"self":[{"href":"https:\/\/www.europesays.com\/fr\/wp-json\/wp\/v2\/posts\/342580","targetHints":{"allow":["GET"]}}],"collection":[{"href":"https:\/\/www.europesays.com\/fr\/wp-json\/wp\/v2\/posts"}],"about":[{"href":"https:\/\/www.europesays.com\/fr\/wp-json\/wp\/v2\/types\/post"}],"author":[{"embeddable":true,"href":"https:\/\/www.europesays.com\/fr\/wp-json\/wp\/v2\/users\/2"}],"replies":[{"embeddable":true,"href":"https:\/\/www.europesays.com\/fr\/wp-json\/wp\/v2\/comments?post=342580"}],"version-history":[{"count":0,"href":"https:\/\/www.europesays.com\/fr\/wp-json\/wp\/v2\/posts\/342580\/revisions"}],"wp:featuredmedia":[{"embeddable":true,"href":"https:\/\/www.europesays.com\/fr\/wp-json\/wp\/v2\/media\/342581"}],"wp:attachment":[{"href":"https:\/\/www.europesays.com\/fr\/wp-json\/wp\/v2\/media?parent=342580"}],"wp:term":[{"taxonomy":"category","embeddable":true,"href":"https:\/\/www.europesays.com\/fr\/wp-json\/wp\/v2\/categories?post=342580"},{"taxonomy":"post_tag","embeddable":true,"href":"https:\/\/www.europesays.com\/fr\/wp-json\/wp\/v2\/tags?post=342580"}],"curies":[{"name":"wp","href":"https:\/\/api.w.org\/{rel}","templated":true}]}}