{"id":342582,"date":"2025-08-25T10:24:18","date_gmt":"2025-08-25T10:24:18","guid":{"rendered":"https:\/\/www.europesays.com\/fr\/342582\/"},"modified":"2025-08-25T10:24:18","modified_gmt":"2025-08-25T10:24:18","slug":"strasbourg-lorganiste-belge-benoit-mernier-a-lance-le-festival-strasorgues-a-la-cathedrale","status":"publish","type":"post","link":"https:\/\/www.europesays.com\/fr\/342582\/","title":{"rendered":"Strasbourg. L\u2019organiste belge Beno\u00eet Mernier a lanc\u00e9 le festival Stras\u2019orgues \u00e0 la cath\u00e9drale"},"content":{"rendered":"<p>Pourquoi changer une formule qui gagne\u00a0lorsque la fr\u00e9quentation du festival renoue d\u2019ann\u00e9e en ann\u00e9e avec des chiffres r\u00e9jouissants\u00a0?<\/p>\n<p>Sous la houlette du directeur Damien Simon, la maquette, ancr\u00e9e, propose visites d\u2019orgues, d\u2019un atelier de facture, concerts matin, midi et soir \u00e0 Strasbourg, escapade unique \u00e0 l\u2019ext\u00e9rieur, \u00e0 Monswiller et Haguenau\u2026 Dans son court discours liminaire, le pr\u00e9sident de Stras\u2019orgues, Thierry Mignot, rappelle l\u2019invitation \u00ab au dialogue et \u00e0&#8230;<\/p>\n","protected":false},"excerpt":{"rendered":"Pourquoi changer une formule qui gagne\u00a0lorsque la fr\u00e9quentation du festival renoue d\u2019ann\u00e9e en ann\u00e9e avec des chiffres r\u00e9jouissants\u00a0?&hellip;\n","protected":false},"author":2,"featured_media":342583,"comment_status":"","ping_status":"","sticky":false,"template":"","format":"standard","meta":{"footnotes":""},"categories":[2820],"tags":[1111,11,2389,1687,2880,1777,674,107,1011,27,775,873,12,25,640,2879],"class_list":{"0":"post-342582","1":"post","2":"type-post","3":"status-publish","4":"format-standard","5":"has-post-thumbnail","7":"category-strasbourg","8":"tag-actu","9":"tag-actualites","10":"tag-alsace","11":"tag-culture-loisirs","12":"tag-edition-strasbourg","13":"tag-eu","14":"tag-europe","15":"tag-fil-info","16":"tag-fr","17":"tag-france","18":"tag-grand-est","19":"tag-musique","20":"tag-news","21":"tag-republique-francaise","22":"tag-strasbourg","23":"tag-strasbourg-ville"},"share_on_mastodon":{"url":"https:\/\/pubeurope.com\/@fr\/115088920769762309","error":""},"_links":{"self":[{"href":"https:\/\/www.europesays.com\/fr\/wp-json\/wp\/v2\/posts\/342582","targetHints":{"allow":["GET"]}}],"collection":[{"href":"https:\/\/www.europesays.com\/fr\/wp-json\/wp\/v2\/posts"}],"about":[{"href":"https:\/\/www.europesays.com\/fr\/wp-json\/wp\/v2\/types\/post"}],"author":[{"embeddable":true,"href":"https:\/\/www.europesays.com\/fr\/wp-json\/wp\/v2\/users\/2"}],"replies":[{"embeddable":true,"href":"https:\/\/www.europesays.com\/fr\/wp-json\/wp\/v2\/comments?post=342582"}],"version-history":[{"count":0,"href":"https:\/\/www.europesays.com\/fr\/wp-json\/wp\/v2\/posts\/342582\/revisions"}],"wp:featuredmedia":[{"embeddable":true,"href":"https:\/\/www.europesays.com\/fr\/wp-json\/wp\/v2\/media\/342583"}],"wp:attachment":[{"href":"https:\/\/www.europesays.com\/fr\/wp-json\/wp\/v2\/media?parent=342582"}],"wp:term":[{"taxonomy":"category","embeddable":true,"href":"https:\/\/www.europesays.com\/fr\/wp-json\/wp\/v2\/categories?post=342582"},{"taxonomy":"post_tag","embeddable":true,"href":"https:\/\/www.europesays.com\/fr\/wp-json\/wp\/v2\/tags?post=342582"}],"curies":[{"name":"wp","href":"https:\/\/api.w.org\/{rel}","templated":true}]}}