{"id":342584,"date":"2025-08-25T10:25:21","date_gmt":"2025-08-25T10:25:21","guid":{"rendered":"https:\/\/www.europesays.com\/fr\/342584\/"},"modified":"2025-08-25T10:25:21","modified_gmt":"2025-08-25T10:25:21","slug":"la-sig-strasbourg-lance-sa-preparation-par-une-victoire-face-a-lasa","status":"publish","type":"post","link":"https:\/\/www.europesays.com\/fr\/342584\/","title":{"rendered":"La SIG Strasbourg lance sa pr\u00e9paration par une victoire face \u00e0 l\u2019ASA"},"content":{"rendered":"<p data-start=\"389\" data-end=\"746\">La SIG Strasbourg retrouvait la comp\u00e9tition ce dimanche \u00e0 la Forest Arena, face \u00e0 l\u2019Alliance Sport Alsace, pour son premier test de pr\u00e9saison. Malgr\u00e9 les absences de Gabe Brown et Mike Davis Jr, m\u00e9nag\u00e9s, les Strasbourgeois sont all\u00e9s chercher une courte victoire (80-83). <a target=\"_blank\" rel=\"noopener nofollow\" href=\"https:\/\/www.bebasket.fr\/joueur\/marcus-keene\">Marcus Keene (1,75 m, 30 ans)<\/a>, d\u00e9j\u00e0 en mode \u00ab clutch \u00bb, a fait basculer le match dans le money-time.<\/p>\n<blockquote class=\"twitter-tweet\" data-width=\"550\" data-dnt=\"true\">\n<p lang=\"fr\" dir=\"ltr\">Dans une rencontre disput\u00e9e et une fin de match tendue, nos Sigmen ont su faire la diff\u00e9rence dans les derniers instants \ud83d\udd25<\/p>\n<p>\ud83d\udd1c Prochain match : ce samedi \u00e0 Nancy !<a href=\"https:\/\/twitter.com\/hashtag\/gosig?src=hash&amp;ref_src=twsrc%5Etfw\" rel=\"nofollow noopener\" target=\"_blank\">#gosig<\/a> <a href=\"https:\/\/twitter.com\/hashtag\/sigstrasbourg?src=hash&amp;ref_src=twsrc%5Etfw\" rel=\"nofollow noopener\" target=\"_blank\">#sigstrasbourg<\/a> <a href=\"https:\/\/t.co\/Uvq6C0MsW4\" rel=\"nofollow\">pic.twitter.com\/Uvq6C0MsW4<\/a><\/p>\n<p>\u2014 SIG Strasbourg (@sigstrasbourg) <a href=\"https:\/\/twitter.com\/sigstrasbourg\/status\/1959919150463074694?ref_src=twsrc%5Etfw\" rel=\"nofollow noopener\" target=\"_blank\">August 25, 2025<\/a><\/p>\n<\/blockquote>\n<p><strong>Marcus Keene en patron<\/strong><\/p>\n<p data-start=\"775\" data-end=\"1267\">Dans une rencontre accroch\u00e9e du d\u00e9but \u00e0 la fin, la SIG Strasbourg a d\u00fb s\u2019en remettre au talent de son meneur am\u00e9ricain. Auteur de 23 points, Marcus Keene a inscrit 13 des 15 derniers points de son \u00e9quipe en moins de deux minutes, offrant ainsi la victoire aux siens. \u00ab On a forc\u00e9ment \u00e0 c\u0153ur de ramener la victoire lors d\u2019une premi\u00e8re rencontre. Ce soir, on gagne sur la fin de match donc cela montre le caract\u00e8re de cette \u00e9quipe \u00bb, a soulign\u00e9 William Pfister <a target=\"_blank\" rel=\"noopener nofollow\" href=\"https:\/\/sigstrasbourg.fr\/2025\/08\/est-au-debut-de-la-preparation-donc-les-erreurs-sont-normales\">sur le site officiel du club<\/a>.<\/p>\n<p><strong>Un groupe encore en rodage<\/strong><\/p>\n<p data-start=\"1300\" data-end=\"1703\">Face \u00e0 une formation d\u2019\u00c9lite 2, les Alsaciens ont montr\u00e9 de bonnes s\u00e9quences mais aussi de nombreuses approximations. \u00ab On est peut-\u00eatre jeune et on manque d\u2019exp\u00e9rience, mais il n\u2019est pas question d\u2019excuser un manque d\u2019intensit\u00e9 de notre part. Ce match doit nous aider \u00e0 comprendre le niveau exig\u00e9 \u00bb, a insist\u00e9 l\u2019assistant coach Massimo Maffezzoli dans les colonnes des <a target=\"_blank\" rel=\"noopener nofollow\" href=\"https:\/\/c.dna.fr\/sport\/2025\/08\/24\/marcus-keene-sauve-la-sig\">Derni\u00e8res Nouvelles d\u2019Alsace<\/a>.<\/p>\n<p data-start=\"1705\" data-end=\"1906\"><a target=\"_blank\" rel=\"noopener nofollow\" href=\"https:\/\/www.bebasket.fr\/joueur\/jahel-trefle\">Jahel Trefle<\/a>\u00a0(6 points \u00e0 2\/2 et 0 rebond pour 6 d\u2019\u00e9valuation en 17 minutes) ou encore <a target=\"_blank\" rel=\"noopener nofollow\" href=\"https:\/\/www.bebasket.fr\/joueur\/oscar-wembanyama\">Oscar Wembanyama<\/a> (2 points \u00e0 1\/1, 2 rebonds et 3 passes d\u00e9cisives pour 9 d\u2019\u00e9valuation en 23 minutes) ont eu l\u2019occasion de s\u2019exprimer, preuve que le staff n\u2019h\u00e9site pas \u00e0 responsabiliser les jeunes d\u00e8s le d\u00e9but de la pr\u00e9paration.<\/p>\n<p><strong>Prochain rendez-vous \u00e0 Nancy<\/strong><\/p>\n<p data-start=\"1941\" data-end=\"2190\">Apr\u00e8s ce premier galop d\u2019essai, Strasbourg poursuivra sa pr\u00e9paration d\u00e8s samedi (20h) sur le parquet du SLUC Nancy, cette fois face \u00e0 un adversaire de Betclic \u00c9LITE. L\u2019occasion de continuer \u00e0 monter en puissance \u00e0 un mois de la reprise officielle.<\/p>\n<p><script async src=\"https:\/\/platform.twitter.com\/widgets.js\" charset=\"utf-8\"><\/script><\/p>\n","protected":false},"excerpt":{"rendered":"La SIG Strasbourg retrouvait la comp\u00e9tition ce dimanche \u00e0 la Forest Arena, face \u00e0 l\u2019Alliance Sport Alsace, pour&hellip;\n","protected":false},"author":2,"featured_media":342585,"comment_status":"","ping_status":"","sticky":false,"template":"","format":"standard","meta":{"footnotes":""},"categories":[2820],"tags":[1111,11,1777,674,1011,27,775,12,25,640],"class_list":{"0":"post-342584","1":"post","2":"type-post","3":"status-publish","4":"format-standard","5":"has-post-thumbnail","7":"category-strasbourg","8":"tag-actu","9":"tag-actualites","10":"tag-eu","11":"tag-europe","12":"tag-fr","13":"tag-france","14":"tag-grand-est","15":"tag-news","16":"tag-republique-francaise","17":"tag-strasbourg"},"share_on_mastodon":{"url":"https:\/\/pubeurope.com\/@fr\/115088924553594328","error":""},"_links":{"self":[{"href":"https:\/\/www.europesays.com\/fr\/wp-json\/wp\/v2\/posts\/342584","targetHints":{"allow":["GET"]}}],"collection":[{"href":"https:\/\/www.europesays.com\/fr\/wp-json\/wp\/v2\/posts"}],"about":[{"href":"https:\/\/www.europesays.com\/fr\/wp-json\/wp\/v2\/types\/post"}],"author":[{"embeddable":true,"href":"https:\/\/www.europesays.com\/fr\/wp-json\/wp\/v2\/users\/2"}],"replies":[{"embeddable":true,"href":"https:\/\/www.europesays.com\/fr\/wp-json\/wp\/v2\/comments?post=342584"}],"version-history":[{"count":0,"href":"https:\/\/www.europesays.com\/fr\/wp-json\/wp\/v2\/posts\/342584\/revisions"}],"wp:featuredmedia":[{"embeddable":true,"href":"https:\/\/www.europesays.com\/fr\/wp-json\/wp\/v2\/media\/342585"}],"wp:attachment":[{"href":"https:\/\/www.europesays.com\/fr\/wp-json\/wp\/v2\/media?parent=342584"}],"wp:term":[{"taxonomy":"category","embeddable":true,"href":"https:\/\/www.europesays.com\/fr\/wp-json\/wp\/v2\/categories?post=342584"},{"taxonomy":"post_tag","embeddable":true,"href":"https:\/\/www.europesays.com\/fr\/wp-json\/wp\/v2\/tags?post=342584"}],"curies":[{"name":"wp","href":"https:\/\/api.w.org\/{rel}","templated":true}]}}