{"id":342586,"date":"2025-08-25T10:27:11","date_gmt":"2025-08-25T10:27:11","guid":{"rendered":"https:\/\/www.europesays.com\/fr\/342586\/"},"modified":"2025-08-25T10:27:11","modified_gmt":"2025-08-25T10:27:11","slug":"nice-zine-un-opus-musical-de-23-titres-incarne-une-celebration-de-la-culture-occitane","status":"publish","type":"post","link":"https:\/\/www.europesays.com\/fr\/342586\/","title":{"rendered":"NICE : ZINE, un opus musical de 23 titres incarne une c\u00e9l\u00e9bration de la culture occitane"},"content":{"rendered":"<p><b>Cet opus musical de 23 titres incarne une c\u00e9l\u00e9bration de la culture occitane, proven\u00e7ale et ni\u00e7oise, mettant en lumi\u00e8re la voix puissante et captivante de l\u2019artiste.<\/b><\/p>\n<p>Ainsi que sa capacit\u00e9 \u00e0 composer des m\u00e9lodies envo\u00fbtantes, et \u00e0 transformer aussi des chansons connues du monde entier avec des parodies ancr\u00e9es dans le territoire. Certaines chansons \u00e9voquent l\u2019amour et la passion, tandis que d\u2019autres abordent des th\u00e8mes plus profonds tels que l\u2019identit\u00e9, la r\u00e9silience et la pr\u00e9servation de la langue.<\/p>\n<p><a href=\"https:\/\/www.zine.fr\/post\/sortie-musicale-cantar-la-vida-cantar-l-esper\" target=\"_blank\" rel=\"noopener nofollow\" data-saferedirecturl=\"https:\/\/www.google.com\/url?q=https:\/\/www.zine.fr\/post\/sortie-musicale-cantar-la-vida-cantar-l-esper&amp;source=gmail&amp;ust=1756197257343000&amp;usg=AOvVaw2GwfUP0BeRp4sQztaplciq\">https:\/\/www.zine.fr\/post\/sortie-musicale-cantar-la-vida-cantar-l-esper<\/a><\/p>\n<p><strong>Et, une chanson phare avec plus de 100 000 vues tous r\u00e9seaux confondus :<\/strong>\u00a0<a href=\"https:\/\/www.zine.fr\/post\/chanson-de-parole-au-mercat-de-la-lib%C3%A9\" data-saferedirecturl=\"https:\/\/www.google.com\/url?q=https:\/\/www.zine.fr\/post\/chanson-de-parole-au-mercat-de-la-lib%25C3%25A9&amp;source=gmail&amp;ust=1756197257343000&amp;usg=AOvVaw1TkkBV0E8b-yYRpxlS31_R\" rel=\"nofollow noopener\" target=\"_blank\">https:\/\/www.zine.fr\/post\/chanson-de-parole-au-mercat-de-la-lib%C3%A9<\/a><\/p>\n<p style=\"font-weight: 400;\"><strong>Vous pourrez \u00e9galement d\u00e9couvrir certaines des chansons sur sc\u00e8ne lors des manifestations \u00e0 venir :<\/strong><\/p>\n<p style=\"font-weight: 400;\">30 ao\u00fbt, Tourettes-Levens (06) : 14h, atelier chants polyphoniques Festival \u201c M\u2019en bal\u00e8ti! \u201d.<br \/>18 septembre, Coaraze (06) : \u00e9mission Radio Nissa Pantai \u2013 Festival Voc\u00e0lia dal Palhons.<br \/>20 septembre, Nice (06) : spectacle Salle Laure Ecart \u2013 Festival Voc\u00e0lia dal Palhons.<\/p>\n<p style=\"font-weight: 400;\">18 et 19 octobre : Falicon (06) : 2 jours de stage de polyphonies.<\/p>\n<p>Cantar la vida, cantar l\u2019esper, son dernier album, est un v\u00e9ritable manifeste. \u00c0 travers des morceaux comme Au March\u00e9 de la Lib\u00e9ration, Zine prend le pari de sortir des cercles traditionnels. Ses chansons, loin de se limiter \u00e0 un public restreint, atteignent des oreilles insoup\u00e7onn\u00e9es, franchissant des barri\u00e8res sociales et culturelles. Son art, nourri des racines de la langue ni\u00e7oise, se projette vers un avenir o\u00f9 la culture ne se fige pas, mais \u00e9volue, se r\u00e9invente. Zine ne se contente pas de chanter en ni\u00e7ois : elle en fait un outil d\u2019expression moderne et vivant, capable de toucher des publics de tous horizons. Dans un contexte o\u00f9 la culture occitane est souvent per\u00e7ue comme fig\u00e9e, Zine apporte une vision dynamique, ouverte et pleine d\u2019espoir. Son album est une invitation \u00e0 \u00ab chanter la vie, chanter l\u2019espoir \u00bb \u2013 un appel \u00e0 vivre pleinement, \u00e0 revendiquer une identit\u00e9 forte, sans renier la richesse de son histoire.<\/p>\n","protected":false},"excerpt":{"rendered":"Cet opus musical de 23 titres incarne une c\u00e9l\u00e9bration de la culture occitane, proven\u00e7ale et ni\u00e7oise, mettant en&hellip;\n","protected":false},"author":2,"featured_media":342587,"comment_status":"","ping_status":"","sticky":false,"template":"","format":"standard","meta":{"footnotes":""},"categories":[2819],"tags":[1111,11,1777,674,1011,27,12,2401,882,25],"class_list":{"0":"post-342586","1":"post","2":"type-post","3":"status-publish","4":"format-standard","5":"has-post-thumbnail","7":"category-nice","8":"tag-actu","9":"tag-actualites","10":"tag-eu","11":"tag-europe","12":"tag-fr","13":"tag-france","14":"tag-news","15":"tag-nice","16":"tag-provence-alpes-cote-dazur","17":"tag-republique-francaise"},"share_on_mastodon":{"url":"https:\/\/pubeurope.com\/@fr\/115088932540910308","error":""},"_links":{"self":[{"href":"https:\/\/www.europesays.com\/fr\/wp-json\/wp\/v2\/posts\/342586","targetHints":{"allow":["GET"]}}],"collection":[{"href":"https:\/\/www.europesays.com\/fr\/wp-json\/wp\/v2\/posts"}],"about":[{"href":"https:\/\/www.europesays.com\/fr\/wp-json\/wp\/v2\/types\/post"}],"author":[{"embeddable":true,"href":"https:\/\/www.europesays.com\/fr\/wp-json\/wp\/v2\/users\/2"}],"replies":[{"embeddable":true,"href":"https:\/\/www.europesays.com\/fr\/wp-json\/wp\/v2\/comments?post=342586"}],"version-history":[{"count":0,"href":"https:\/\/www.europesays.com\/fr\/wp-json\/wp\/v2\/posts\/342586\/revisions"}],"wp:featuredmedia":[{"embeddable":true,"href":"https:\/\/www.europesays.com\/fr\/wp-json\/wp\/v2\/media\/342587"}],"wp:attachment":[{"href":"https:\/\/www.europesays.com\/fr\/wp-json\/wp\/v2\/media?parent=342586"}],"wp:term":[{"taxonomy":"category","embeddable":true,"href":"https:\/\/www.europesays.com\/fr\/wp-json\/wp\/v2\/categories?post=342586"},{"taxonomy":"post_tag","embeddable":true,"href":"https:\/\/www.europesays.com\/fr\/wp-json\/wp\/v2\/tags?post=342586"}],"curies":[{"name":"wp","href":"https:\/\/api.w.org\/{rel}","templated":true}]}}