{"id":342588,"date":"2025-08-25T10:28:12","date_gmt":"2025-08-25T10:28:12","guid":{"rendered":"https:\/\/www.europesays.com\/fr\/342588\/"},"modified":"2025-08-25T10:28:12","modified_gmt":"2025-08-25T10:28:12","slug":"des-jardins-familiaux-a-sainte-luce-sur-loire","status":"publish","type":"post","link":"https:\/\/www.europesays.com\/fr\/342588\/","title":{"rendered":"Des jardins familiaux \u00e0 Sainte-Luce-sur-Loire"},"content":{"rendered":"<p>                            <strong>1700 m2 de potagers partag\u00e9s sont d\u00e9sormais accessibles aux luc\u00e9ens et luc\u00e9ennes. Ils sont situ\u00e9s au nord de la Coul\u00e9e des Islettes.<\/strong><\/p>\n<p>De nouveaux jardins familiaux ont ouvert \u00e0 <strong><a href=\"https:\/\/hellogazettenantes.fr\/a-sainte-luce-sur-loire-un-ilot-de-fraicheur-parc-auvigne\/\" rel=\"nofollow noopener\" target=\"_blank\">Sainte-Luce-sur-Loire<\/a><\/strong> au nord de la Coul\u00e9e des Islettes. Ils sont g\u00e9r\u00e9s par l\u2019association des Jardins des Islettes. 1700 m2 de potagers partag\u00e9s sont accessibles au habitants afin de cultiver leurs l\u00e9gumes et de cr\u00e9er du lien social. Un projet s\u2019inscrivant dans le programme municipal \u00ab Ville nourrici\u00e8re \u00bb.<\/p>\n<p>Ces jardins se composent de 21 parcelles individuelles et d\u2019une parcelle collective destin\u00e9e aux b\u00e9n\u00e9ficiaires du CCAS. Tous sont \u00e9quip\u00e9s d\u2019un r\u00e9cup\u00e9rateur d\u2019eau et d\u2019une armoire de jardin. Composteurs, pr\u00e9au, tables de pique-nique, toilettes et cuve d\u2019eau commune font partie des \u00e9quipements. Budget total pour ce projet ? 230 000 \u20ac.\u00a0 L\u2019association des Jardins des Islettes compte aujourd\u2019hui\u00a0\u00ab\u00a0plus d\u2019une quinzaine de familles adh\u00e9rentes et presque toutes les parcelles sont attribu\u00e9es\u00a0\u00bb indique la ville dans un communiqu\u00e9.<\/p>\n<p>\u00ab Nous sommes en phase d\u2019exp\u00e9rimentation, le travail le plus important d\u00e9butera en septembre en pr\u00e9parant la terre, pour permettre de planter des l\u00e9gumes \u00e0 l\u2019automne \u00bb pr\u00e9cise Camille Le Guern, pr\u00e9sidente de l\u2019association. Samedi dernier, le maire de Sainte-Luce-sur-Loire, Anthony Descloziers est all\u00e9 \u00e0 la rencontre des membres de ces jardins familiaux. Lionel Salvayre, conseiller municipal d\u00e9l\u00e9gu\u00e9 aux espaces verts et au projet alimentaire \u00e9tait \u00e0 ses c\u00f4t\u00e9s.<\/p>\n<p style=\"text-align: center;\">Infos compl\u00e9mentaires :<\/p>\n<p style=\"text-align: center;\">Inscription\u00a0 jardinsdesislettes@outlook.com<\/p>\n<p>Photo : Ville de Sainte-Luce-sur-Loire, Lionel Salvayre et le Maire Anthony Descloziers            <\/p>\n<p><img decoding=\"async\" alt=\"Advertisement\" src=\"data:image\/svg+xml,%3Csvg%20xmlns=\" http:=\"\" data-lazy-src=\"https:\/\/www.europesays.com\/fr\/wp-content\/uploads\/2025\/04\/Application-mobile-hello-gazette-nantes.gif\"\/><\/p>\n","protected":false},"excerpt":{"rendered":"1700 m2 de potagers partag\u00e9s sont d\u00e9sormais accessibles aux luc\u00e9ens et luc\u00e9ennes. Ils sont situ\u00e9s au nord de&hellip;\n","protected":false},"author":2,"featured_media":342589,"comment_status":"","ping_status":"","sticky":false,"template":"","format":"standard","meta":{"footnotes":""},"categories":[2818],"tags":[1111,11,1777,674,1011,27,766,12,2636,25],"class_list":{"0":"post-342588","1":"post","2":"type-post","3":"status-publish","4":"format-standard","5":"has-post-thumbnail","7":"category-nantes","8":"tag-actu","9":"tag-actualites","10":"tag-eu","11":"tag-europe","12":"tag-fr","13":"tag-france","14":"tag-nantes","15":"tag-news","16":"tag-pays-de-la-loire","17":"tag-republique-francaise"},"share_on_mastodon":{"url":"https:\/\/pubeurope.com\/@fr\/115088936403069327","error":""},"_links":{"self":[{"href":"https:\/\/www.europesays.com\/fr\/wp-json\/wp\/v2\/posts\/342588","targetHints":{"allow":["GET"]}}],"collection":[{"href":"https:\/\/www.europesays.com\/fr\/wp-json\/wp\/v2\/posts"}],"about":[{"href":"https:\/\/www.europesays.com\/fr\/wp-json\/wp\/v2\/types\/post"}],"author":[{"embeddable":true,"href":"https:\/\/www.europesays.com\/fr\/wp-json\/wp\/v2\/users\/2"}],"replies":[{"embeddable":true,"href":"https:\/\/www.europesays.com\/fr\/wp-json\/wp\/v2\/comments?post=342588"}],"version-history":[{"count":0,"href":"https:\/\/www.europesays.com\/fr\/wp-json\/wp\/v2\/posts\/342588\/revisions"}],"wp:featuredmedia":[{"embeddable":true,"href":"https:\/\/www.europesays.com\/fr\/wp-json\/wp\/v2\/media\/342589"}],"wp:attachment":[{"href":"https:\/\/www.europesays.com\/fr\/wp-json\/wp\/v2\/media?parent=342588"}],"wp:term":[{"taxonomy":"category","embeddable":true,"href":"https:\/\/www.europesays.com\/fr\/wp-json\/wp\/v2\/categories?post=342588"},{"taxonomy":"post_tag","embeddable":true,"href":"https:\/\/www.europesays.com\/fr\/wp-json\/wp\/v2\/tags?post=342588"}],"curies":[{"name":"wp","href":"https:\/\/api.w.org\/{rel}","templated":true}]}}