{"id":342590,"date":"2025-08-25T10:29:19","date_gmt":"2025-08-25T10:29:19","guid":{"rendered":"https:\/\/www.europesays.com\/fr\/342590\/"},"modified":"2025-08-25T10:29:19","modified_gmt":"2025-08-25T10:29:19","slug":"parcours-artistique-le-off-du-van-big-city-nantes","status":"publish","type":"post","link":"https:\/\/www.europesays.com\/fr\/342590\/","title":{"rendered":"Parcours artistique le OFF du VAN ! \u2013 Big City Nantes"},"content":{"rendered":"<p>Tu n\u2019es s\u00fbrement pas pass\u00e9.e \u00e0 c\u00f4t\u00e9 de l\u2019\u00e9dition 2025 du Voyage \u00e0 Nantes qui invite l\u2019\u00e9trange dans les rues de Nantes\u2026 Mais savais-tu qu\u2019il existe un parcours artistique parall\u00e8le qui te fait aller au-del\u00e0 la ligne verte ? Du<strong> 28 juin au 31 ao\u00fbt 2025<\/strong>, le <strong>centre-ville de Nantes<\/strong> accueille la 7\u1d49 \u00e9dition du OFF du Voyage \u00e0 Nantes ! Port\u00e9 par l\u2019association des commer\u00e7ants du centre-ville Plein Centre, cet \u00e9v\u00e9nement gratuit propose un parcours artistique dans les rues, les vitrines et les commerces du centre-ville.<\/p>\n","protected":false},"excerpt":{"rendered":"Tu n\u2019es s\u00fbrement pas pass\u00e9.e \u00e0 c\u00f4t\u00e9 de l\u2019\u00e9dition 2025 du Voyage \u00e0 Nantes qui invite l\u2019\u00e9trange dans&hellip;\n","protected":false},"author":2,"featured_media":342591,"comment_status":"","ping_status":"","sticky":false,"template":"","format":"standard","meta":{"footnotes":""},"categories":[2818],"tags":[1111,11,1777,674,1011,27,766,12,2636,25],"class_list":{"0":"post-342590","1":"post","2":"type-post","3":"status-publish","4":"format-standard","5":"has-post-thumbnail","7":"category-nantes","8":"tag-actu","9":"tag-actualites","10":"tag-eu","11":"tag-europe","12":"tag-fr","13":"tag-france","14":"tag-nantes","15":"tag-news","16":"tag-pays-de-la-loire","17":"tag-republique-francaise"},"share_on_mastodon":{"url":"https:\/\/pubeurope.com\/@fr\/115088940521015811","error":""},"_links":{"self":[{"href":"https:\/\/www.europesays.com\/fr\/wp-json\/wp\/v2\/posts\/342590","targetHints":{"allow":["GET"]}}],"collection":[{"href":"https:\/\/www.europesays.com\/fr\/wp-json\/wp\/v2\/posts"}],"about":[{"href":"https:\/\/www.europesays.com\/fr\/wp-json\/wp\/v2\/types\/post"}],"author":[{"embeddable":true,"href":"https:\/\/www.europesays.com\/fr\/wp-json\/wp\/v2\/users\/2"}],"replies":[{"embeddable":true,"href":"https:\/\/www.europesays.com\/fr\/wp-json\/wp\/v2\/comments?post=342590"}],"version-history":[{"count":0,"href":"https:\/\/www.europesays.com\/fr\/wp-json\/wp\/v2\/posts\/342590\/revisions"}],"wp:featuredmedia":[{"embeddable":true,"href":"https:\/\/www.europesays.com\/fr\/wp-json\/wp\/v2\/media\/342591"}],"wp:attachment":[{"href":"https:\/\/www.europesays.com\/fr\/wp-json\/wp\/v2\/media?parent=342590"}],"wp:term":[{"taxonomy":"category","embeddable":true,"href":"https:\/\/www.europesays.com\/fr\/wp-json\/wp\/v2\/categories?post=342590"},{"taxonomy":"post_tag","embeddable":true,"href":"https:\/\/www.europesays.com\/fr\/wp-json\/wp\/v2\/tags?post=342590"}],"curies":[{"name":"wp","href":"https:\/\/api.w.org\/{rel}","templated":true}]}}