{"id":342592,"date":"2025-08-25T10:30:21","date_gmt":"2025-08-25T10:30:21","guid":{"rendered":"https:\/\/www.europesays.com\/fr\/342592\/"},"modified":"2025-08-25T10:30:21","modified_gmt":"2025-08-25T10:30:21","slug":"course-a-pied-a-bordeaux-familiale","status":"publish","type":"post","link":"https:\/\/www.europesays.com\/fr\/342592\/","title":{"rendered":"course \u00e0 pied \u00e0 Bordeaux familiale"},"content":{"rendered":"\n<p><strong>Le vendredi 26 septembre 2025, le quartier Bacalan accueillera la Bacala\u2019night, une course \u00e0 pied \u00e0 Bordeaux qui ne ressemble pas aux autres. Ici, on parle de sport en mode tropical, de d\u00e9guisements et d\u2019une soir\u00e9e festive qui prolonge l\u2019effort. Une course avec les enfants pour certains, une vraie performance pour d\u2019autres, enfin bref un \u00e9v\u00e9nement sportif accessible et convivial.<\/strong><\/p>\n<p> Une course \u00e0 pied \u00e0 Bordeaux un peu particuli\u00e8re\u2026 <\/p>\n<p>Si vous pensez \u201crunning\u201d rime avec chrono et souffrance, oubliez. La <strong>Bacala\u2019night<\/strong> casse les codes. Elle m\u00eale<strong> effort, musique, d\u00e9guisements<\/strong> et une atmosph\u00e8re de fin d\u2019\u00e9t\u00e9 qui sent le soleil. Le d\u00e9part se fait au <strong>Garage Moderne<\/strong>, dans le quartier Bacalan, connu pour son esprit associatif et festif.<\/p>\n<p>\u00c0 partir de 18h45, les coureurs se retrouvent. \u00c0 19h, les<strong> enfants ouvrent le bal<\/strong> avec une boucle de <strong>1,2 km<\/strong>,<strong> r\u00e9serv\u00e9e aux 6-11 ans<\/strong>. Une mani\u00e8re simple de faire d\u00e9couvrir le <strong>sport en famille<\/strong>, sans pression, dans un cadre festif.<\/p>\n<p>\u00c0 19h30, place aux grands. Une boucle de <strong>7,3 km<\/strong> attend les coureurs <strong>de 13 \u00e0 99 ans<\/strong>. Pas besoin d\u2019\u00eatre marathonien. Ici, chacun court \u00e0 son rythme, en baskets\u2026 ou en costume de pirate, de banane g\u00e9ante ou de perroquet tropical. Parce que oui, la <strong>course d\u00e9guis\u00e9e<\/strong> fait partie du jeu.<\/p>\n<p> Un \u00e9v\u00e9nement sporti et festif <img loading=\"lazy\" width=\"699\" height=\"366\" alt=\"Course \u00e0 pied la bacala'night\" title=\"La Bacala'Night : une course d\u00e9guis\u00e9e avec vos enfants qui se termine en soir\u00e9e tropicale 1\"  nitro-lazy- nitro-lazy-src=\"https:\/\/cdn-ilbobfj.nitrocdn.com\/LLQyioEDmPooSUeshdcABKPnDEWJyTwh\/assets\/images\/optimized\/rev-fefab80\/quoifaireabordeaux.com\/wp-content\/uploads\/2025\/08\/course-a-pied-bordeaux.jpg\" class=\"wp-image-18811460 nitro-lazy\" decoding=\"async\" nitro-lazy-empty=\"\" id=\"NDYzOjU4Mw==-1\" src=\"data:image\/svg+xml;nitro-empty-id=NDYzOjU4Mw==-1;base64,PHN2ZyB2aWV3Qm94PSIwIDAgNjk5IDM2NiIgd2lkdGg9IjY5OSIgaGVpZ2h0PSIzNjYiIHhtbG5zPSJodHRwOi8vd3d3LnczLm9yZy8yMDAwL3N2ZyI+PC9zdmc+\"\/> <\/p>\n<p>La Bacala\u2019night, c\u2019est aussi rester apr\u00e8s l\u2019effort. D\u00e8s 20h, la soir\u00e9e se poursuit avec un esprit \u201c<strong>caribbean disco<\/strong>\u201d. <strong>DJ aux platines<\/strong>, <strong>cocktails fruit\u00e9s, plats br\u00e9siliens et v\u00e9g\u00e9s<\/strong> : on se r\u00e9gale autant qu\u2019on danse.<\/p>\n<p>C\u2019est l\u00e0 que l\u2019\u00e9v\u00e9nement prend tout son sens.<strong> Les familles profitent<\/strong> ensemble et les coureurs refont la course.<\/p>\n<p> Tarifs et formules d\u2019inscription <\/p>\n<p>Les organisateurs ont pens\u00e9 \u00e0 plusieurs formules pour que chacun trouve son bonheur. L\u2019inscription \u00e0 la <strong>course \u00e0 pied \u00e0 Bordeaux<\/strong> varie selon vos envies :<\/p>\n<ul class=\"wp-block-list\">\n<li>La <strong>course enfants (1,2 km)<\/strong> est gratuite, histoire d\u2019encourager la d\u00e9couverte du <strong>sport en famille<\/strong>.<\/li>\n<li>La <strong>course 7 km solo<\/strong> co\u00fbte <strong>6 \u20ac<\/strong>, une participation accessible pour un <strong>\u00e9v\u00e9nement sportif<\/strong> de quartier.<\/li>\n<li>Pour ceux qui veulent combiner sport et saveurs, deux options existent :\n<ul class=\"wp-block-list\">\n<li><strong>Course 7 km + feijoada br\u00e9silienne<\/strong> : 15 \u20ac<\/li>\n<li><strong>Course 7 km + plat v\u00e9g\u00e9 (taboul\u00e9, houmous, falafel)<\/strong> : 14 \u20ac<\/li>\n<\/ul>\n<\/li>\n<li>Si vous pr\u00e9f\u00e9rez juste manger, sans courir, les plats sont disponibles s\u00e9par\u00e9ment : <strong>9 \u20ac pour la feijoada<\/strong> et <strong>8 \u20ac pour l\u2019assiette v\u00e9g\u00e9<\/strong>.<\/li>\n<\/ul>\n<p>Toutes les inscriptions se font sur HelloAsso, avec une date limite fix\u00e9e au 21 septembre 2025 \u00e0 minuit. <strong>Certificat m\u00e9dical, licence ou PPS (Parcours Pr\u00e9vention Sant\u00e9) obligatoires pour la course adulte<\/strong>.<\/p>\n<p> Du sport en famille avant tout <\/p>\n<p>Ce qui fait le charme de la <strong>Bacala\u2019night<\/strong>, c\u2019est sa dimension familiale. Les enfants commencent, les parents suivent, et tout le monde se retrouve ensuite autour de la soir\u00e9e. Ce n\u2019est pas qu\u2019une <strong>course \u00e0 pied \u00e0 Bordeaux<\/strong>, c\u2019est un moment \u00e0 partager. Les d\u00e9guisements renforcent ce c\u00f4t\u00e9 festif. On croise des familles enti\u00e8res costum\u00e9es, des bandes d\u2019amis d\u00e9guis\u00e9s en \u00e9quipe et quelques irr\u00e9ductibles qui courent sans artifice, juste pour le plaisir.<\/p>\n<p>L\u2019ambiance reste l\u00e9g\u00e8re et conviviale, m\u00eame sur le parcours. Certains prennent le temps de marcher, d\u2019autres sprintent d\u00e9guis\u00e9s, mais tous finissent avec le sourire.<\/p>\n<p> La soir\u00e9e tropicale apr\u00e8s la course <\/p>\n<p>Une fois les baskets pos\u00e9es, direction la piste de danse. La soir\u00e9e \u201cdisco cara\u00efbe\u201d d\u00e9marre vers 20h. Musique, cocktails d\u2019\u00e9t\u00e9, ambiance color\u00e9e. Les d\u00e9guisements quittent la course pour envahir le dancefloor. Ceux qui ont choisi la <strong>formule repas<\/strong> r\u00e9cup\u00e8rent autour d\u2019un bon plat, pendant que les enfants s\u2019amusent encore.<\/p>\n<p> Devenir b\u00e9n\u00e9vole <\/p>\n<p>Comme tout <strong>\u00e9v\u00e9nement sportif<\/strong>, <a href=\"https:\/\/www.facebook.com\/events\/1932461524180456\" target=\"_blank\" rel=\"noreferrer noopener nofollow\">la Bacala\u2019night<\/a> a besoin de b\u00e9n\u00e9voles. <strong>Balisage du parcours, s\u00e9curit\u00e9, accompagnement des coureurs <\/strong>: il y a mille fa\u00e7ons d\u2019aider. L\u2019inscription se fait aussi sur <a href=\"https:\/\/www.helloasso.com\/associations\/le-garage-moderne\/evenements\/la-bacalan-night-course-de-fin-d-ete-vendredi-26-septembre?fbclid=IwY2xjawMZAIxleHRuA2FlbQIxMABicmlkETExdDVCbjlGNjNxN04wUnRRAR6IG3kx0ihqeNZh9_TYwVAmBZtWGkikYEcZfvC2CHyQakcpBjx5P5y5QoxiDg_aem_HP9-ip2U9YRPGhL-25yvAA\" target=\"_blank\" rel=\"noreferrer noopener nofollow\">HelloAsso<\/a>, gratuitement et permet de participer autrement \u00e0 l\u2019\u00e9v\u00e9nement.<\/p>\n<p>Retrouvez tous nos bons plans en cliquant <a href=\"https:\/\/quoifaireabordeaux.com\/category\/bons-plans\/\" target=\"_blank\" rel=\"noreferrer noopener nofollow\">ICI<\/a>.<\/p>\n<p>  Informations pratiques <\/p>\n<p>concernant l&rsquo;\u00e9v\u00e9nement sportif<\/p>\n<p data-start=\"5331\" data-end=\"5370\"><strong data-start=\"5331\" data-end=\"5339\">Date<\/strong> : vendredi 26 septembre 2025<\/p>\n<p data-start=\"5373\" data-end=\"5441\"><strong data-start=\"5373\" data-end=\"5381\">Lieu<\/strong> : Le Garage Moderne \u2013 176 rue Achard, 33300 Bordeaux<\/p>\n<p data-start=\"5444\" data-end=\"5460\"><strong data-start=\"5444\" data-end=\"5456\">Horaires<\/strong> :<\/p>\n<p data-start=\"5465\" data-end=\"5482\">18h45 : accueil<\/p>\n<p data-start=\"5487\" data-end=\"5528\">19h : course enfants (1,2 km, 6-11 ans)<\/p>\n<p data-start=\"5533\" data-end=\"5577\">19h30 : course adulte (7,3 km, d\u00e8s 13 ans)<\/p>\n<p data-start=\"5582\" data-end=\"5623\">20h \u2013 minuit : soir\u00e9e tropicale avec DJ<\/p>\n<p data-start=\"5626\" data-end=\"5705\"><strong data-start=\"5626\" data-end=\"5636\">Tarifs<\/strong> : de 6 \u20ac \u00e0 15 \u20ac selon la formule choisie (course enfants gratuite)<\/p>\n<p data-start=\"5708\" data-end=\"5783\"><strong data-start=\"5708\" data-end=\"5724\">Inscriptions<\/strong> : <a href=\"https:\/\/www.helloasso.com\/associations\/le-garage-moderne\/evenements\/la-bacalan-night-course-de-fin-d-ete-vendredi-26-septembre?fbclid=IwY2xjawMZAIxleHRuA2FlbQIxMABicmlkETExdDVCbjlGNjNxN04wUnRRAR6IG3kx0ihqeNZh9_TYwVAmBZtWGkikYEcZfvC2CHyQakcpBjx5P5y5QoxiDg_aem_HP9-ip2U9YRPGhL-25yvAA\" target=\"_blank\" rel=\"noopener nofollow\"><strong>ICI HelloAsso \u2013 Bacala\u2019night<\/strong><\/a><\/p>\n<p data-start=\"5786\" data-end=\"5845\"><strong data-start=\"5786\" data-end=\"5814\">Cl\u00f4ture des inscriptions<\/strong> : 21 septembre 2025 \u00e0 minuit<\/p>\n","protected":false},"excerpt":{"rendered":"Le vendredi 26 septembre 2025, le quartier Bacalan accueillera la Bacala\u2019night, une course \u00e0 pied \u00e0 Bordeaux qui&hellip;\n","protected":false},"author":2,"featured_media":342593,"comment_status":"","ping_status":"","sticky":false,"template":"","format":"standard","meta":{"footnotes":""},"categories":[2817],"tags":[1111,11,1997,1777,674,1011,27,12,2219,25],"class_list":{"0":"post-342592","1":"post","2":"type-post","3":"status-publish","4":"format-standard","5":"has-post-thumbnail","7":"category-bordeaux","8":"tag-actu","9":"tag-actualites","10":"tag-bordeaux","11":"tag-eu","12":"tag-europe","13":"tag-fr","14":"tag-france","15":"tag-news","16":"tag-nouvelle-aquitaine","17":"tag-republique-francaise"},"share_on_mastodon":{"url":"https:\/\/pubeurope.com\/@fr\/115088944297807086","error":""},"_links":{"self":[{"href":"https:\/\/www.europesays.com\/fr\/wp-json\/wp\/v2\/posts\/342592","targetHints":{"allow":["GET"]}}],"collection":[{"href":"https:\/\/www.europesays.com\/fr\/wp-json\/wp\/v2\/posts"}],"about":[{"href":"https:\/\/www.europesays.com\/fr\/wp-json\/wp\/v2\/types\/post"}],"author":[{"embeddable":true,"href":"https:\/\/www.europesays.com\/fr\/wp-json\/wp\/v2\/users\/2"}],"replies":[{"embeddable":true,"href":"https:\/\/www.europesays.com\/fr\/wp-json\/wp\/v2\/comments?post=342592"}],"version-history":[{"count":0,"href":"https:\/\/www.europesays.com\/fr\/wp-json\/wp\/v2\/posts\/342592\/revisions"}],"wp:featuredmedia":[{"embeddable":true,"href":"https:\/\/www.europesays.com\/fr\/wp-json\/wp\/v2\/media\/342593"}],"wp:attachment":[{"href":"https:\/\/www.europesays.com\/fr\/wp-json\/wp\/v2\/media?parent=342592"}],"wp:term":[{"taxonomy":"category","embeddable":true,"href":"https:\/\/www.europesays.com\/fr\/wp-json\/wp\/v2\/categories?post=342592"},{"taxonomy":"post_tag","embeddable":true,"href":"https:\/\/www.europesays.com\/fr\/wp-json\/wp\/v2\/tags?post=342592"}],"curies":[{"name":"wp","href":"https:\/\/api.w.org\/{rel}","templated":true}]}}