{"id":342595,"date":"2025-08-25T10:32:09","date_gmt":"2025-08-25T10:32:09","guid":{"rendered":"https:\/\/www.europesays.com\/fr\/342595\/"},"modified":"2025-08-25T10:32:09","modified_gmt":"2025-08-25T10:32:09","slug":"la-rentree-se-prepare-avec-des-nouveautes-dans-cette-commune-pres-de-toulouse","status":"publish","type":"post","link":"https:\/\/www.europesays.com\/fr\/342595\/","title":{"rendered":"la rentr\u00e9e se pr\u00e9pare avec des nouveaut\u00e9s dans cette commune pr\u00e8s de Toulouse"},"content":{"rendered":"<p>            Par<br \/>\n        <strong><br \/>\n            <a href=\"https:\/\/actu.fr\/auteur\/journaliste-lg\" title=\"Consulter tous les articles de R\u00e9daction Lauragais\" rel=\"nofollow noopener\" target=\"_blank\">R\u00e9daction Lauragais<\/a><br \/>\n        <\/strong><\/p>\n<p>        Publi\u00e9 le<\/p>\n<p>            25 ao\u00fbt 2025 \u00e0 12h22        <\/p>\n<p>L\u2019association Sport, culture, loisirs \u00e0 <a href=\"https:\/\/actu.fr\/occitanie\/issus_31240\" rel=\"nofollow noopener\" target=\"_blank\">Issus<\/a> (ASCLI) pr\u00e9pare sa rentr\u00e9e 2025, avec un beau programme d\u2019activit\u00e9s pour tous, parmi lesquelles nombre de nouveaut\u00e9s. Pour les plus jeunes<b>, la plupart des propositions des ann\u00e9es pass\u00e9es sont reconduites<\/b>, notamment trois s\u00e9ances multisport adapt\u00e9es \u00e0 chaque niveau, de la maternelle au CM 2\u2009; celle destin\u00e9e aux CE-CM se d\u00e9roulant \u00e0 <a href=\"https:\/\/actu.fr\/occitanie\/noueilles_31401\" rel=\"nofollow noopener\" target=\"_blank\">Noueilles<\/a>.<\/p>\n<p>Pour les petits<\/p>\n<p class=\" wall-content\">Les cours, anim\u00e9s par Margaux et Thomas, sont r\u00e9partis sur les fins d\u2019apr\u00e8s-midi des lundis et mardis. Margaux propose \u00e9galement <b>deux s\u00e9ances de yoga <\/b>(pour les maternels et les primaires) les jeudis apr\u00e8s 17\u2009h. <b>Les deux ateliers chant <\/b>dirig\u00e9s par Audrey (\u00e9veil musical jusqu\u2019au CP, chorale jusqu\u2019en 3e) sont \u00e9galement reconduits les lundis \u00e0 16\u2009h\u200945 et 17\u2009h\u200930.<\/p>\n<p class=\" wall-content\">Quant aux grandes nouveaut\u00e9s de l\u2019ann\u00e9e, elles sont\u2009:<b> le karat\u00e9<\/b>, anim\u00e9 par Val\u00e9rie, les lundis (baby \u00e0 Issus, CE1-6e \u00e0 Noueilles)\u2009; <b>le th\u00e9\u00e2tre<\/b> avec Dany (Grande section-CE1 et CE2-6e) et<b> la danse contemporaine<\/b> avec Kehinde (CE1-coll\u00e8ge) les mercredis apr\u00e8s-midi. \u00c0 noter que les enfants peuvent \u00eatre pris en charge directement pour les activit\u00e9s se d\u00e9roulant apr\u00e8s l\u2019\u00e9cole.<\/p>\n<p>Pour les grands aussi<\/p>\n<p class=\" wall-content\">Pour les adultes et grands ados,<b> une s\u00e9ance de Pilates <\/b>est propos\u00e9e les lundis d\u00e8s 9\u2009h\u200915, prise en charge par Margaux et Thomas. Ces derniers animeront \u00e9galement <b>une heure de renforcement musculaire<\/b> les lundis \u00e0 19\u2009h et deux s\u00e9ances de yoga les jeudis, \u00e0 10\u2009h\u200930 et \u00e0 19\u2009h.<\/p>\n<p class=\" wall-content\">Au chapitre des nouveaut\u00e9s, on note <b>le karat\u00e9 <\/b>(de 19\u2009h\u200930 \u00e0 21\u2009h \u00e0 Noueilles),<b> la danse contemporaine <\/b>(les mardis \u00e0 18\u2009h\u200950) et <b>l\u2019afro danse <\/b>anim\u00e9e par Frank, les mercredis \u00e0 17\u2009h\u200915. Voil\u00e0 pour les sportifs\u2009!<\/p>\n<p>Vid\u00e9os : en ce moment sur Actu<\/p>\n<p class=\" wall-content\">Sinon, Nad\u00e8ge animera <b>une s\u00e9ance de sophrologie<\/b>, un mercredi sur deux, \u00e0 19\u2009h. En alternance \u00e9galement, les lundis \u00e0 20\u2009h\u200915, il y aura <b>chorale <\/b>avec Audrey ou guitare en co-formation. <b>Les ateliers d\u2019apprentissage de la langue des signes<\/b> (les mercredis de 18\u2009h\u200930 \u00e0 20\u2009h avec Sylvie) et<b> le th\u00e9\u00e2tre<\/b> (les jeudis de 20\u2009h\u200915 \u00e0 21\u2009h\u200945 avec Dany) sont les deux autres nouveaut\u00e9s culturelles de la saison. Restent<b> les loisirs cr\u00e9atifs<\/b> (les mardis de 14\u2009h\u200930 \u00e0 16\u2009h\u200930 en co-formation) et<b> les concours de belote<\/b> (le premier mardi de chaque mois \u00e0 partir du 7\u00a0octobre).<\/p>\n<p>Votre r\u00e9gion, votre actu !<\/p>\n<p>Recevez chaque jour les infos qui comptent pour vous.<\/p>\n<p>\t<a href=\"https:\/\/actu.fr\/newsletter\" class=\"ac-btn ac-btn--corner ac-btn--medium ac-btn--blue800\" rel=\"nofollow noopener\" target=\"_blank\">S&rsquo;incrire<\/a><br \/>\nAdh\u00e9sions et tarifs<\/p>\n<p class=\" wall-content\">L\u2019adh\u00e9sion \u00e0 l\u2019association (6\u00a0\u20ac) est n\u00e9cessaire quelle que soit l\u2019activit\u00e9 choisie. Toutes les activit\u00e9s sont bas\u00e9es \u00e0 Issus, sauf le multisport CE-CM, le karat\u00e9 CE-6e et le karat\u00e9 ados-adultes qui se d\u00e9roulent les lundis en fin d\u2019apr\u00e8s-midi \u00e0 Noueilles.<\/p>\n<p class=\" wall-content\">Pour les activit\u00e9s pour les enfants, les tarifs oscillent entre 125 et 150\u00a0\u20ac \u00e0 l\u2019ann\u00e9e\u2009; pour les adultes, entre 140 et 300\u00a0\u20ac, les activit\u00e9s en co-formation (guitare et loisirs cr\u00e9atifs) \u00e9tant gratuites.<\/p>\n<p><b>Infos pratiques<\/b><br \/>Plus d\u2019informations \u00e0 <a href=\"http:\/\/actu.fr\/cdn-cgi\/l\/email-protection#ea8b99898683d9dbdedfdaaa8d878b8386c4898587\" rel=\"nofollow noopener\" target=\"_blank\">[email\u00a0protected]<\/a><br \/>Inscriptions sur <a href=\"http:\/\/www.helloasso.com\/associations\/ascli-association-sport-culture-loisirs-a-issus\" rel=\"nofollow noopener\" target=\"_blank\">la page HelloAsso de l\u2019ASCLI<\/a><\/p>\n<p class=\" wall-content\">Personnalisez votre actualit\u00e9 en ajoutant vos villes et m\u00e9dias en favori avec <a href=\"https:\/\/moncompte.actu.fr\" title=\"D\u00e9couvez Mon Actu\" rel=\"nofollow noopener\" data-trk=\"{&quot;cta&quot;:{&quot;action&quot;:&quot;https:\\\/\\\/moncompte.actu.fr&quot;,&quot;category&quot;:&quot;mon compte&quot;,&quot;from&quot;:&quot;article footer&quot;,&quot;name&quot;:&quot;Mon actu&quot;,&quot;type&quot;:&quot;cta&quot;}}\" target=\"_blank\">Mon Actu<\/a>.<\/p>\n","protected":false},"excerpt":{"rendered":"Par R\u00e9daction Lauragais Publi\u00e9 le 25 ao\u00fbt 2025 \u00e0 12h22 L\u2019association Sport, culture, loisirs \u00e0 Issus (ASCLI) pr\u00e9pare&hellip;\n","protected":false},"author":2,"featured_media":342596,"comment_status":"","ping_status":"","sticky":false,"template":"","format":"standard","meta":{"footnotes":""},"categories":[2816],"tags":[1111,11,1777,674,1011,27,1652,12,2680,25,517,2312],"class_list":{"0":"post-342595","1":"post","2":"type-post","3":"status-publish","4":"format-standard","5":"has-post-thumbnail","7":"category-toulouse","8":"tag-actu","9":"tag-actualites","10":"tag-eu","11":"tag-europe","12":"tag-fr","13":"tag-france","14":"tag-loisirs-culture","15":"tag-news","16":"tag-occitanie","17":"tag-republique-francaise","18":"tag-sport","19":"tag-toulouse"},"share_on_mastodon":{"url":"https:\/\/pubeurope.com\/@fr\/115088952140011655","error":""},"_links":{"self":[{"href":"https:\/\/www.europesays.com\/fr\/wp-json\/wp\/v2\/posts\/342595","targetHints":{"allow":["GET"]}}],"collection":[{"href":"https:\/\/www.europesays.com\/fr\/wp-json\/wp\/v2\/posts"}],"about":[{"href":"https:\/\/www.europesays.com\/fr\/wp-json\/wp\/v2\/types\/post"}],"author":[{"embeddable":true,"href":"https:\/\/www.europesays.com\/fr\/wp-json\/wp\/v2\/users\/2"}],"replies":[{"embeddable":true,"href":"https:\/\/www.europesays.com\/fr\/wp-json\/wp\/v2\/comments?post=342595"}],"version-history":[{"count":0,"href":"https:\/\/www.europesays.com\/fr\/wp-json\/wp\/v2\/posts\/342595\/revisions"}],"wp:featuredmedia":[{"embeddable":true,"href":"https:\/\/www.europesays.com\/fr\/wp-json\/wp\/v2\/media\/342596"}],"wp:attachment":[{"href":"https:\/\/www.europesays.com\/fr\/wp-json\/wp\/v2\/media?parent=342595"}],"wp:term":[{"taxonomy":"category","embeddable":true,"href":"https:\/\/www.europesays.com\/fr\/wp-json\/wp\/v2\/categories?post=342595"},{"taxonomy":"post_tag","embeddable":true,"href":"https:\/\/www.europesays.com\/fr\/wp-json\/wp\/v2\/tags?post=342595"}],"curies":[{"name":"wp","href":"https:\/\/api.w.org\/{rel}","templated":true}]}}