{"id":342597,"date":"2025-08-25T10:33:10","date_gmt":"2025-08-25T10:33:10","guid":{"rendered":"https:\/\/www.europesays.com\/fr\/342597\/"},"modified":"2025-08-25T10:33:10","modified_gmt":"2025-08-25T10:33:10","slug":"telesurveillance-patrouilles-de-nuit-pres-de-toulouse-cette-commune-muscle-son-dispositif-de-securite","status":"publish","type":"post","link":"https:\/\/www.europesays.com\/fr\/342597\/","title":{"rendered":"T\u00e9l\u00e9surveillance, patrouilles de nuit&#8230; Pr\u00e8s de Toulouse, cette commune muscle son dispositif de s\u00e9curit\u00e9"},"content":{"rendered":"<p>            Par<br \/>\n        <strong><br \/>\n            <a href=\"https:\/\/actu.fr\/auteur\/enzo-legros\" title=\"Consulter tous les articles de Enzo Legros\" target=\"_blank\" rel=\"noopener\">Enzo Legros<\/a><br \/>\n        <\/strong><\/p>\n<p>        Publi\u00e9 le<\/p>\n<p>            25 ao\u00fbt 2025 \u00e0 12h22        <\/p>\n<p>\u00ab\u2009C\u2019est une \u00e9volution normale des choses\u2009\u00bb. \u00c0 la mairie <a href=\"https:\/\/actu.fr\/occitanie\/muret_31395\" target=\"_blank\" rel=\"noopener\">de Muret<\/a>, pr\u00e8s de Toulouse, investir dans de nouvelles cam\u00e9ras de surveillance sonne comme une \u00e9vidence depuis longtemps. La sous-pr\u00e9fecture de Haute-Garonne, \u00e0 30\u00a0minutes de la Ville rose, devient de plus en plus \u00ab\u2009pris\u00e9e et attractive\u2009\u00bb selon la mairie. De quoi l\u2019obliger \u00e0 <strong>voir plus grand pour la s\u00e9curit\u00e9<\/strong> de ses habitants. M\u00eame si Muret ne fait pas partie des communes les plus touch\u00e9es par la d\u00e9linquance, la commune pr\u00e9f\u00e8re prendre un temps d\u2019avance.<\/p>\n<p>De la t\u00e9l\u00e9surveillance aux entr\u00e9es de la ville<\/p>\n<p class=\" wall-content\">La d\u00e9cision de se munir de nouvelles cam\u00e9ras de surveillance a \u00e9t\u00e9 act\u00e9e au dernier conseil municipal, mais l\u2019initiative remonte \u00e0 plusieurs mois. Contact\u00e9e par <a href=\"https:\/\/actu.fr\/toulouse\/\" target=\"_blank\" rel=\"noopener\">Actu Toulouse<\/a>, la mairie explique que cet investissement \u00ab\u2009fait partie d\u2019un long processus\u2009\u00bb, visant \u00e0 am\u00e9liorer le niveau de s\u00e9curit\u00e9 \u00e0 Muret. L\u2019installation des cam\u00e9ras aura lieu \u00e0 la rentr\u00e9e de septembre\u00a02025.<\/p>\n<p class=\" wall-content\"><strong>Huit points de surveillance<\/strong> ont \u00e9t\u00e9 s\u00e9lectionn\u00e9s, aux entr\u00e9es et sorties de la ville. Ils pourront comporter entre deux et quatre cam\u00e9ras.<\/p>\n<p>Un panel de t\u00e9l\u00e9surveillance qui s\u2019\u00e9largit<\/p>\n<p class=\" wall-content\">Cette nouvelle arriv\u00e9e de cam\u00e9ras \u00e0 Muret s\u2019ajoute \u00e0 celles d\u00e9j\u00e0 install\u00e9es ces derni\u00e8res ann\u00e9es. Les futurs appareils seront situ\u00e9s \u00e0 proximit\u00e9 du cin\u00e9ma, du CHU, du lyc\u00e9e Aragon, de l\u2019avenue de l\u2019Europe, de la salle de concert Horizon Pyr\u00e9n\u00e9es, du boulevard Peyramont rejoignant <a href=\"https:\/\/actu.fr\/tag\/autoroute-64-a64\" target=\"_blank\" rel=\"noopener\">l\u2019A64<\/a>, du poste de peloton motoris\u00e9 de la gendarmerie et de l\u2019avenue d\u2019Ox.<\/p>\n<p class=\" wall-content\"><strong>\u00ab\u2009Le maire n\u2019est pas favorable au tout cam\u00e9ra\u2009\u00bb<\/strong>, pr\u00e9cise Delphine Benjamoile, charg\u00e9e de communication de la mairie.<\/p>\n<p>Mise en place de patrouilles de nuit<\/p>\n<p class=\" wall-content\">Le premier \u00e9dile Mur\u00e9tain a expliqu\u00e9 lors du dernier conseil municipal l\u2019int\u00e9r\u00eat d\u2019investir dans la s\u00e9curit\u00e9 \u00e0 ce moment pr\u00e9cis.<\/p>\n<p>Votre r\u00e9gion, votre actu !<\/p>\n<p>Recevez chaque jour les infos qui comptent pour vous.<\/p>\n<p>\t<a href=\"https:\/\/actu.fr\/newsletter\" class=\"ac-btn ac-btn--corner ac-btn--medium ac-btn--blue800\" target=\"_blank\" rel=\"noopener\">S&rsquo;incrire<\/a><\/p>\n<blockquote class=\"ac-article-quote wall-content\">\n<p>Notre ville de 27 000 habitants est plac\u00e9e pr\u00e8s d\u2019une grosse m\u00e9tropole. Lorsque nous regardons les statistiques (ndlr : de la d\u00e9linquance), nous nous situons dans les moyennes basses. Malgr\u00e9 tout, la s\u00e9curit\u00e9 est un sujet sur lequel nous devons \u00eatre s\u00e9rieux, pragmatiques ; ce que nous sommes. <\/p>\n<p>    <strong>Andr\u00e9 Mandement<\/strong><br \/>\n        Maire de Muret    <\/p><\/blockquote>\n<p class=\" wall-content\">Trois policiers ont \u00e9t\u00e9 recrut\u00e9s r\u00e9cemment, notamment pour mettre en place des patrouilles de nuit. Elles circulent depuis le d\u00e9but du mois de juillet <strong>deux fois par semaine<\/strong> dans les rues de Muret de fa\u00e7on \u00ab\u2009al\u00e9atoire\u2009\u00bb, de 17h \u00e0 1h du matin. \u00c0 l\u2019avenir, la fr\u00e9quence de ces op\u00e9rations est amen\u00e9e \u00e0 s\u2019\u00e9toffer. L\u2019objectif \u00e9tant de \u00ab\u2009couvrir le plus possible le territoire communal\u2009\u00bb, et de garantir \u00ab\u2009la tranquillit\u00e9 et s\u00e9curit\u00e9 aux Mur\u00e9tains\u2009\u00bb, indique Andr\u00e9 Mandement.<\/p>\n<p class=\" wall-content\">Personnalisez votre actualit\u00e9 en ajoutant vos villes et m\u00e9dias en favori avec <a href=\"https:\/\/moncompte.actu.fr\" title=\"D\u00e9couvez Mon Actu\" rel=\"nofollow noopener\" data-trk=\"{&quot;cta&quot;:{&quot;action&quot;:&quot;https:\\\/\\\/moncompte.actu.fr&quot;,&quot;category&quot;:&quot;mon compte&quot;,&quot;from&quot;:&quot;article footer&quot;,&quot;name&quot;:&quot;Mon actu&quot;,&quot;type&quot;:&quot;cta&quot;}}\" target=\"_blank\">Mon Actu<\/a>.<\/p>\n","protected":false},"excerpt":{"rendered":"Par Enzo Legros Publi\u00e9 le 25 ao\u00fbt 2025 \u00e0 12h22 \u00ab\u2009C\u2019est une \u00e9volution normale des choses\u2009\u00bb. \u00c0 la&hellip;\n","protected":false},"author":2,"featured_media":342598,"comment_status":"","ping_status":"","sticky":false,"template":"","format":"standard","meta":{"footnotes":""},"categories":[2816],"tags":[1111,11,1777,674,1011,27,2825,12,2680,25,104,2312,7939],"class_list":{"0":"post-342597","1":"post","2":"type-post","3":"status-publish","4":"format-standard","5":"has-post-thumbnail","7":"category-toulouse","8":"tag-actu","9":"tag-actualites","10":"tag-eu","11":"tag-europe","12":"tag-fr","13":"tag-france","14":"tag-insecurite","15":"tag-news","16":"tag-occitanie","17":"tag-republique-francaise","18":"tag-societe","19":"tag-toulouse","20":"tag-videosurveillance"},"share_on_mastodon":{"url":"https:\/\/pubeurope.com\/@fr\/115088955966563000","error":""},"_links":{"self":[{"href":"https:\/\/www.europesays.com\/fr\/wp-json\/wp\/v2\/posts\/342597","targetHints":{"allow":["GET"]}}],"collection":[{"href":"https:\/\/www.europesays.com\/fr\/wp-json\/wp\/v2\/posts"}],"about":[{"href":"https:\/\/www.europesays.com\/fr\/wp-json\/wp\/v2\/types\/post"}],"author":[{"embeddable":true,"href":"https:\/\/www.europesays.com\/fr\/wp-json\/wp\/v2\/users\/2"}],"replies":[{"embeddable":true,"href":"https:\/\/www.europesays.com\/fr\/wp-json\/wp\/v2\/comments?post=342597"}],"version-history":[{"count":0,"href":"https:\/\/www.europesays.com\/fr\/wp-json\/wp\/v2\/posts\/342597\/revisions"}],"wp:featuredmedia":[{"embeddable":true,"href":"https:\/\/www.europesays.com\/fr\/wp-json\/wp\/v2\/media\/342598"}],"wp:attachment":[{"href":"https:\/\/www.europesays.com\/fr\/wp-json\/wp\/v2\/media?parent=342597"}],"wp:term":[{"taxonomy":"category","embeddable":true,"href":"https:\/\/www.europesays.com\/fr\/wp-json\/wp\/v2\/categories?post=342597"},{"taxonomy":"post_tag","embeddable":true,"href":"https:\/\/www.europesays.com\/fr\/wp-json\/wp\/v2\/tags?post=342597"}],"curies":[{"name":"wp","href":"https:\/\/api.w.org\/{rel}","templated":true}]}}