{"id":342601,"date":"2025-08-25T10:36:09","date_gmt":"2025-08-25T10:36:09","guid":{"rendered":"https:\/\/www.europesays.com\/fr\/342601\/"},"modified":"2025-08-25T10:36:09","modified_gmt":"2025-08-25T10:36:09","slug":"deux-pietonnes-fauchees-par-une-moto-trois-blesses-graves","status":"publish","type":"post","link":"https:\/\/www.europesays.com\/fr\/342601\/","title":{"rendered":"deux pi\u00e9tonnes fauch\u00e9es par une moto, trois bless\u00e9s graves"},"content":{"rendered":"<p>            Par<br \/>\n        <strong><br \/>\n            <a href=\"https:\/\/actu.fr\/auteur\/thibault-nadal-actu-fr\" title=\"Consulter tous les articles de Thibault Nadal\" target=\"_blank\" rel=\"noopener\">Thibault Nadal<\/a><br \/>\n        <\/strong><\/p>\n<p>        Publi\u00e9 le<\/p>\n<p>            25 ao\u00fbt 2025 \u00e0 10h58        <\/p>\n<p><strong>INFO ACTU MARSEILLE<\/strong>. Drame \u00e0 <a href=\"https:\/\/actu.fr\/marseille\/\" target=\"_blank\" rel=\"noopener\">Marseille<\/a>. Ce dimanche 24\u00a0ao\u00fbt 2025, un grave <a href=\"https:\/\/actu.fr\/tag\/accident\" target=\"_blank\" rel=\"noopener\">accident<\/a> a eu lieu sur la route de <strong>La Gineste<\/strong> (9e), apprend actu Marseille aupr\u00e8s <a href=\"https:\/\/actu.fr\/tag\/marin-pompier\" target=\"_blank\" rel=\"noopener\">des marins-pompiers<\/a>.<\/p>\n<p>    <a href=\"https:\/\/www.google.com\/maps\/embed?pb=!1m18!1m12!1m3!1d55326.50167715965!2d5.457116147826366!3d43.21492021250313!2m3!1f0!2f0!3f0!3m2!1i1024!2i768!4f13.1!3m3!1m2!1s0x12c9b9752e72b85d%3A0xac556ecae93c9892!2sCol%20de%20la%20Gineste!5e0!3m2!1sfr!2sfr!4v1756106912057!5m2!1sfr!2sfr\" title=\"Ouvrie le lien\" target=\"_blank\" rel=\"noopener\">Cliquez ici pour visualiser le contenu<\/a><\/p>\n<p>Pas de pronostic vital engag\u00e9<\/p>\n<p class=\" wall-content\">Il \u00e9tait presque 21\u00a0heures ce dimanche soir quand plusieurs personnes ont signal\u00e9 un important accident avec <strong>la pr\u00e9sence en nombre des secours<\/strong>.<\/p>\n<p class=\" wall-content\">Contact\u00e9s, les secours indiquent qu\u2019une collision a eu lieu entre un motard de 22\u00a0ans et deux pi\u00e9tonnes, \u00e2g\u00e9es de 22 et 29\u00a0ans. Les trois personnes ont \u00e9t\u00e9<strong> transport\u00e9es \u00e0 l\u2019h\u00f4pital<\/strong>, sans que leur pronostic vital ne soit engag\u00e9.<\/p>\n<p class=\" wall-content\">Pour le moment, les circonstances de ce drame ne sont pas connues. Mais, ce n\u2019est pas la premi\u00e8re fois qu\u2019un grave accident a lieu sur cette route, tr\u00e8s pris\u00e9e pour sa vue exceptionnelle sur Marseille et qui relie Cassis (<a href=\"https:\/\/actu.fr\/provence-alpes-cote-d-azur\/bouches-du-rhone_13\" target=\"_blank\" rel=\"noopener\">Bouches-du-Rh\u00f4ne<\/a>) \u00e0 la cit\u00e9 phoc\u00e9enne, mais aussi tr\u00e8s dangereuse en raison de ses nombreux virages. Le 30\u00a0juin dernier, <a href=\"https:\/\/actu.fr\/provence-alpes-cote-d-azur\/marseille_13055\/marseille-grave-accident-sur-cette-route-dangereuse-un-mort-de-20-ans-des-blesses-ce-que-l-on-sait_62842764.html\" target=\"_blank\" rel=\"noopener\">un jeune homme de 20\u00a0ans est mort<\/a> apr\u00e8s une sortie de route qui avait \u00e9galement fait deux bless\u00e9s, dont un grave.<\/p>\n<p class=\" wall-content\">Personnalisez votre actualit\u00e9 en ajoutant vos villes et m\u00e9dias en favori avec <a href=\"https:\/\/moncompte.actu.fr\" title=\"D\u00e9couvez Mon Actu\" rel=\"nofollow noopener\" data-trk=\"{&quot;cta&quot;:{&quot;action&quot;:&quot;https:\\\/\\\/moncompte.actu.fr&quot;,&quot;category&quot;:&quot;mon compte&quot;,&quot;from&quot;:&quot;article footer&quot;,&quot;name&quot;:&quot;Mon actu&quot;,&quot;type&quot;:&quot;cta&quot;}}\" target=\"_blank\">Mon Actu<\/a>.<\/p>\n","protected":false},"excerpt":{"rendered":"Par Thibault Nadal Publi\u00e9 le 25 ao\u00fbt 2025 \u00e0 10h58 INFO ACTU MARSEILLE. Drame \u00e0 Marseille. Ce dimanche&hellip;\n","protected":false},"author":2,"featured_media":342602,"comment_status":"","ping_status":"","sticky":false,"template":"","format":"standard","meta":{"footnotes":""},"categories":[2814],"tags":[119,1111,11,1777,674,118,1011,27,17289,884,12,882,25],"class_list":{"0":"post-342601","1":"post","2":"type-post","3":"status-publish","4":"format-standard","5":"has-post-thumbnail","7":"category-marseille","8":"tag-accident","9":"tag-actu","10":"tag-actualites","11":"tag-eu","12":"tag-europe","13":"tag-faits-divers","14":"tag-fr","15":"tag-france","16":"tag-marin-pompier","17":"tag-marseille","18":"tag-news","19":"tag-provence-alpes-cote-dazur","20":"tag-republique-francaise"},"share_on_mastodon":{"url":"https:\/\/pubeurope.com\/@fr\/115088968037277083","error":""},"_links":{"self":[{"href":"https:\/\/www.europesays.com\/fr\/wp-json\/wp\/v2\/posts\/342601","targetHints":{"allow":["GET"]}}],"collection":[{"href":"https:\/\/www.europesays.com\/fr\/wp-json\/wp\/v2\/posts"}],"about":[{"href":"https:\/\/www.europesays.com\/fr\/wp-json\/wp\/v2\/types\/post"}],"author":[{"embeddable":true,"href":"https:\/\/www.europesays.com\/fr\/wp-json\/wp\/v2\/users\/2"}],"replies":[{"embeddable":true,"href":"https:\/\/www.europesays.com\/fr\/wp-json\/wp\/v2\/comments?post=342601"}],"version-history":[{"count":0,"href":"https:\/\/www.europesays.com\/fr\/wp-json\/wp\/v2\/posts\/342601\/revisions"}],"wp:featuredmedia":[{"embeddable":true,"href":"https:\/\/www.europesays.com\/fr\/wp-json\/wp\/v2\/media\/342602"}],"wp:attachment":[{"href":"https:\/\/www.europesays.com\/fr\/wp-json\/wp\/v2\/media?parent=342601"}],"wp:term":[{"taxonomy":"category","embeddable":true,"href":"https:\/\/www.europesays.com\/fr\/wp-json\/wp\/v2\/categories?post=342601"},{"taxonomy":"post_tag","embeddable":true,"href":"https:\/\/www.europesays.com\/fr\/wp-json\/wp\/v2\/tags?post=342601"}],"curies":[{"name":"wp","href":"https:\/\/api.w.org\/{rel}","templated":true}]}}