{"id":342603,"date":"2025-08-25T10:37:10","date_gmt":"2025-08-25T10:37:10","guid":{"rendered":"https:\/\/www.europesays.com\/fr\/342603\/"},"modified":"2025-08-25T10:37:10","modified_gmt":"2025-08-25T10:37:10","slug":"pres-de-marseille-cette-plage-fermee-durgence-apres-une-importante-pollution","status":"publish","type":"post","link":"https:\/\/www.europesays.com\/fr\/342603\/","title":{"rendered":"Pr\u00e8s de Marseille. Cette plage ferm\u00e9e d&rsquo;urgence apr\u00e8s une importante pollution"},"content":{"rendered":"<p>            Par<br \/>\n        <strong><br \/>\n            <a href=\"https:\/\/actu.fr\/auteur\/thibault-nadal-actu-fr\" title=\"Consulter tous les articles de Thibault Nadal\" rel=\"nofollow noopener\" target=\"_blank\">Thibault Nadal<\/a><br \/>\n        <\/strong><\/p>\n<p>        Publi\u00e9 le<\/p>\n<p>            25 ao\u00fbt 2025 \u00e0 12h34        <\/p>\n<p>Un message d\u2019alerte diffus\u00e9 par les autorit\u00e9s. Ce lundi 25\u00a0ao\u00fbt 2025, la pr\u00e9fecture des <a href=\"https:\/\/actu.fr\/provence-alpes-cote-d-azur\/bouches-du-rhone_13\" rel=\"nofollow noopener\" target=\"_blank\">Bouches-du-Rh\u00f4ne<\/a> indique qu\u2019un \u00ab\u2009\u00e9v\u00e9nement est en cours\u2009\u00bb \u00e0 <a href=\"https:\/\/actu.fr\/provence-alpes-cote-d-azur\/fos-sur-mer_13039\" rel=\"nofollow noopener\" target=\"_blank\">Fos-sur-Mer<\/a>.<\/p>\n<p class=\" wall-content\"><strong>\u00ab\u2009Des galettes d\u2019hydrocarbures sont observ\u00e9es sur la plage du Cavaou\u2009\u00bb<\/strong>, pr\u00e9cise-t-elle dans un message diffus\u00e9 sur <a href=\"https:\/\/actu.fr\/tag\/reseaux-sociaux\" rel=\"nofollow noopener\" target=\"_blank\">les r\u00e9seaux sociaux<\/a>.<\/p>\n<p>    <a href=\"https:\/\/www.google.com\/maps\/embed?pb=!1m18!1m12!1m3!1d77949.16069981751!2d4.914813139910208!3d43.443829876219326!2m3!1f0!2f0!3f0!3m2!1i1024!2i768!4f13.1!3m3!1m2!1s0x12b619beb6801909%3A0xd4becf3781882947!2sPlage%20du%20Cavaou!5e0!3m2!1sfr!2sfr!4v1756117257293!5m2!1sfr!2sfr\" title=\"Ouvrie le lien\" rel=\"nofollow noopener\" target=\"_blank\">Cliquez ici pour visualiser le contenu<\/a><\/p>\n<p>Le secteur \u00e0 \u00e9viter<\/p>\n<p class=\" wall-content\">Elle ajoute que les <a href=\"https:\/\/actu.fr\/tag\/pompiers\" rel=\"nofollow noopener\" target=\"_blank\">pompiers<\/a> et <a href=\"https:\/\/actu.fr\/tag\/marin-pompier\" rel=\"nofollow noopener\" target=\"_blank\">marins-pompiers<\/a> m\u00e8nent actuellement <strong>des \u00ab\u2009op\u00e9rations terrestres et maritimes\u2009\u00bb<\/strong>. \u00ab\u2009Le centre op\u00e9rationnel d\u00e9partemental (COD) est ouvert en pr\u00e9fecture.\u2009\u00bb<\/p>\n<p class=\" wall-content\">Pour ne pas g\u00eaner les secours, le secteur est \u00e0 \u00e9viter, recommande la pr\u00e9fecture.<\/p>\n<p>    <a href=\"https:\/\/www.facebook.com\/plugins\/post.php?href=https%3A%2F%2Fwww.facebook.com%2Fvilledefos%2Fposts%2Fpfbid024EuywPvxwzfht52hRStzk73NczoEa451JbM4cahHE6x4cWjvSJbSvrpkcXbS32A1l&amp;show_text=true&amp;width=350\" title=\"Ouvrie le lien\" rel=\"nofollow noopener\" target=\"_blank\">Cliquez ici pour visualiser le contenu<\/a><\/p>\n<p class=\" wall-content\"><strong>\u00bb Plus d\u2019informations \u00e0 suivre\u2026<\/strong><\/p>\n<p class=\" wall-content\">Personnalisez votre actualit\u00e9 en ajoutant vos villes et m\u00e9dias en favori avec <a href=\"https:\/\/moncompte.actu.fr\" title=\"D\u00e9couvez Mon Actu\" rel=\"nofollow noopener\" data-trk=\"{&quot;cta&quot;:{&quot;action&quot;:&quot;https:\\\/\\\/moncompte.actu.fr&quot;,&quot;category&quot;:&quot;mon compte&quot;,&quot;from&quot;:&quot;article footer&quot;,&quot;name&quot;:&quot;Mon actu&quot;,&quot;type&quot;:&quot;cta&quot;}}\" target=\"_blank\">Mon Actu<\/a>.<\/p>\n","protected":false},"excerpt":{"rendered":"Par Thibault Nadal Publi\u00e9 le 25 ao\u00fbt 2025 \u00e0 12h34 Un message d\u2019alerte diffus\u00e9 par les autorit\u00e9s. Ce&hellip;\n","protected":false},"author":2,"featured_media":342604,"comment_status":"","ping_status":"","sticky":false,"template":"","format":"standard","meta":{"footnotes":""},"categories":[2814],"tags":[1111,11,1777,674,1011,27,884,12,1311,882,25,104],"class_list":{"0":"post-342603","1":"post","2":"type-post","3":"status-publish","4":"format-standard","5":"has-post-thumbnail","7":"category-marseille","8":"tag-actu","9":"tag-actualites","10":"tag-eu","11":"tag-europe","12":"tag-fr","13":"tag-france","14":"tag-marseille","15":"tag-news","16":"tag-pompiers","17":"tag-provence-alpes-cote-dazur","18":"tag-republique-francaise","19":"tag-societe"},"share_on_mastodon":{"url":"https:\/\/pubeurope.com\/@fr\/115088972075825182","error":""},"_links":{"self":[{"href":"https:\/\/www.europesays.com\/fr\/wp-json\/wp\/v2\/posts\/342603","targetHints":{"allow":["GET"]}}],"collection":[{"href":"https:\/\/www.europesays.com\/fr\/wp-json\/wp\/v2\/posts"}],"about":[{"href":"https:\/\/www.europesays.com\/fr\/wp-json\/wp\/v2\/types\/post"}],"author":[{"embeddable":true,"href":"https:\/\/www.europesays.com\/fr\/wp-json\/wp\/v2\/users\/2"}],"replies":[{"embeddable":true,"href":"https:\/\/www.europesays.com\/fr\/wp-json\/wp\/v2\/comments?post=342603"}],"version-history":[{"count":0,"href":"https:\/\/www.europesays.com\/fr\/wp-json\/wp\/v2\/posts\/342603\/revisions"}],"wp:featuredmedia":[{"embeddable":true,"href":"https:\/\/www.europesays.com\/fr\/wp-json\/wp\/v2\/media\/342604"}],"wp:attachment":[{"href":"https:\/\/www.europesays.com\/fr\/wp-json\/wp\/v2\/media?parent=342603"}],"wp:term":[{"taxonomy":"category","embeddable":true,"href":"https:\/\/www.europesays.com\/fr\/wp-json\/wp\/v2\/categories?post=342603"},{"taxonomy":"post_tag","embeddable":true,"href":"https:\/\/www.europesays.com\/fr\/wp-json\/wp\/v2\/tags?post=342603"}],"curies":[{"name":"wp","href":"https:\/\/api.w.org\/{rel}","templated":true}]}}