{"id":342605,"date":"2025-08-25T10:38:11","date_gmt":"2025-08-25T10:38:11","guid":{"rendered":"https:\/\/www.europesays.com\/fr\/342605\/"},"modified":"2025-08-25T10:38:11","modified_gmt":"2025-08-25T10:38:11","slug":"lyon-les-automobilistes-vont-un-peu-moins-galerer-cette-route-importante-rouvre","status":"publish","type":"post","link":"https:\/\/www.europesays.com\/fr\/342605\/","title":{"rendered":"Lyon. Les automobilistes vont (un peu) moins gal\u00e9rer : cette route importante rouvre"},"content":{"rendered":"<p>            Par<br \/>\n        <strong><br \/>\n            <a href=\"https:\/\/actu.fr\/auteur\/anthony-soudani\" title=\"Consulter tous les articles de Anthony Soudani\" target=\"_blank\" rel=\"noopener\">Anthony Soudani<\/a><br \/>\n        <\/strong><\/p>\n<p>        Publi\u00e9 le<\/p>\n<p>            25 ao\u00fbt 2025 \u00e0 12h35        <\/p>\n<p>\u00ab\u00a0La route de Genas a rouvert aujourd\u2019hui, <strong>une semaine plus t\u00f4t<\/strong> que pr\u00e9vu !\u00a0\u00bb, annonce <a href=\"https:\/\/actu.fr\/auvergne-rhone-alpes\/lyon_69123\/lyon-tarifs-des-tcl-fake-news-bruno-bernard-recadre-sechement-pierre-oliver_63049828.html\" target=\"_blank\" rel=\"noopener\">Bruno Bernard<\/a>, pr\u00e9sident de la M\u00e9tropole. Cet axe tr\u00e8s fr\u00e9quent\u00e9, qui relie l\u2019est de l\u2019agglom\u00e9ration \u00e0 <a href=\"https:\/\/actu.fr\/lyon\/\" target=\"_blank\" rel=\"noopener\">Lyon<\/a>, constitue l\u2019un des grands chantiers du mandat des \u00c9cologistes.<br \/>\u00ab\u00a0Gr\u00e2ce \u00e0 la mobilisation des entreprises tout l\u2019\u00e9t\u00e9, la circulation reprend sur cet axe majeur du <a href=\"https:\/\/actu.fr\/auvergne-rhone-alpes\/lyon_69123\/lyon-voici-le-futur-bus-qui-circulera-entre-la-part-dieu-et-vaulx-en-velin-en-2026_62284781.html\" target=\"_blank\" rel=\"noopener\">futur BHNS Part-Dieu \u2013 Sept Chemins<\/a>\u00ab\u00a0, poursuit le patron de la M\u00e9tropole. En effet, la route va accueillir le futur <strong>bus \u00e0 Haut niveau de service<\/strong> des TCL qui reliera Vaulx-en-Velin au quartier d\u2019affaires lyonnais en 25 minutes.<\/p>\n<p>Une premi\u00e8re partie du BHNS livr\u00e9e d\u00e9but 2026<\/p>\n<p class=\" wall-content\">Si la route de Genas est d\u00e9sormais rouverte \u00e0 la circulation, autour, le chantier continue avec des bassins d\u2019infiltration pour mieux g\u00e9rer les eaux de pluie, la plateforme d\u00e9di\u00e9e au bus, ainsi que le r\u00e9am\u00e9nagement des trottoirs et de la voirie.<\/p>\n<p class=\" wall-content\">Les espaces destin\u00e9s au mobilier urbain et aux plantations sont aussi en pr\u00e9paration. \u00ab\u00a0Prochaine \u00e9tape : un axe transform\u00e9, plus v\u00e9g\u00e9talis\u00e9 et mieux adapt\u00e9 aux mobilit\u00e9s, pour accueillir <strong>d\u00e8s 2026 une ligne de bus performante<\/strong> et r\u00e9guli\u00e8re\u00a0\u00bb, se r\u00e9jouit Bruno Bernard.\u00a0<\/p>\n<p>    <img   decoding=\"async\" loading=\"lazy\" src=\"https:\/\/www.europesays.com\/fr\/wp-content\/uploads\/2025\/08\/bhns-lyon-960x640.jpeg\" alt=\"Le bus \u00e0 haut niveau de service qui sera mis en service en 2026 entre la Part-Dieu et Vaulx-en-Velin.\" width=\"960\" height=\"640\"\/><br \/>\n    Voici \u00e0 quoi ressemblera le bus \u00e0 haut niveau de service qui sera mis en service en 2026 entre la Part-Dieu et Vaulx-en-Velin. (\u00a9X\/ Bruno Bernard)<\/p>\n<p class=\" wall-content\">Une livraison qui sera seulement partielle, rappelons-le. Une premi\u00e8re partie entre Part-Dieu et Kimmerling \u00e0 Villeurbanne sera bien mise en route au premier semestre 2026. Cependant, le reste de la ligne sortira de terre <strong>qu\u2019en 2027<\/strong> pour relier le quartier d\u2019affaires lyonnais \u00e0 Vaulx-en-Velin.<\/p>\n<p>Des conflits ralentissent la livraison finale<\/p>\n<p class=\" wall-content\">Le sujet des expropriations ayant rendu les choses difficiles, notamment \u00e0 Bron, o\u00f9 <a href=\"https:\/\/actu.fr\/auvergne-rhone-alpes\/lyon_69123\/lyon-bus-express-la-querelle-explosive-entre-la-metropole-et-un-maire-provoque-un-retard_61786525.html\" target=\"_blank\" rel=\"noopener\">Bruno Bernard accuse le maire Les R\u00e9publicains, J\u00e9r\u00e9mie Br\u00e9aud, de s\u2019\u00eatre oppos\u00e9 syst\u00e9matiquement<\/a>. Ce dernier affirme n\u2019\u00eatre qu\u2019un \u00ab\u00a0bouc \u00e9missaire\u00a0\u00bb et que le pr\u00e9sident de la M\u00e9tropole devrait \u00ab\u00a0plut\u00f4t assumer ses erreurs\u00a0\u00bb.<\/p>\n<p>Votre r\u00e9gion, votre actu !<\/p>\n<p>Recevez chaque jour les infos qui comptent pour vous.<\/p>\n<p>\t<a href=\"https:\/\/actu.fr\/newsletter\" class=\"ac-btn ac-btn--corner ac-btn--medium ac-btn--blue800\" target=\"_blank\" rel=\"noopener\">S&rsquo;incrire<\/a><\/p>\n<blockquote class=\"tiktok-embed\" cite=\"https:\/\/www.tiktok.com\/@actulyon\/video\/7434942517797211424\" data-video-id=\"7434942517797211424\" data-embed-from=\"oembed\" style=\"max-width:605px; min-width:325px;\"><p>\n<a target=\"_blank\" title=\"@actulyon\" href=\"https:\/\/www.tiktok.com\/@actulyon?refer=embed\" rel=\"noopener\">@actulyon<\/a> <\/p>\n<p>\ud83d\udea8\ud83d\ude21 Des habitants vont perdre leurs maisons dans la m\u00e9tropole de Lyon. Plusieurs riverains de la route de Genas \u00e0 Bron devraient \u00eatre expropri\u00e9s ces prochaines ann\u00e9es pour permettre le passage du bus \u00ab\u00a0Part-Dieu\/ Sept Chemins Vaulx-en-Velin\u00a0\u00bb.  Les riverains sont tr\u00e8s en col\u00e8re contre la M\u00e9tropole de Lyon. Un collectif s\u2019est mont\u00e9 pour d\u00e9poser un recours en justice pour faire arr\u00eater le chantier. La mise en service a \u00e9t\u00e9 d\u00e9cal\u00e9e en 2027, les travaux prenant du retard. <a title=\"lyon\" target=\"_blank\" href=\"https:\/\/www.tiktok.com\/tag\/lyon?refer=embed\" rel=\"noopener\">#lyon<\/a> <a title=\"actu\" target=\"_blank\" href=\"https:\/\/www.tiktok.com\/tag\/actu?refer=embed\" rel=\"noopener\">#actu<\/a> <a title=\"travaux\" target=\"_blank\" href=\"https:\/\/www.tiktok.com\/tag\/travaux?refer=embed\" rel=\"noopener\">#travaux<\/a> <a title=\"temoignage\" target=\"_blank\" href=\"https:\/\/www.tiktok.com\/tag\/temoignage?refer=embed\" rel=\"noopener\">#temoignage<\/a> <a title=\"fy\" target=\"_blank\" href=\"https:\/\/www.tiktok.com\/tag\/fy?refer=embed\" rel=\"noopener\">#fy<\/a> <a title=\"fyt\" target=\"_blank\" href=\"https:\/\/www.tiktok.com\/tag\/fyt?refer=embed\" rel=\"noopener\">#fyt<\/a> <a title=\"info\" target=\"_blank\" href=\"https:\/\/www.tiktok.com\/tag\/info?refer=embed\" rel=\"noopener\">#info<\/a> <a title=\"actulyon\" target=\"_blank\" href=\"https:\/\/www.tiktok.com\/tag\/actulyon?refer=embed\" rel=\"noopener\">#actulyon<\/a> <\/p>\n<p> <a target=\"_blank\" title=\"\u266c Very Sad - Enchan\" href=\"https:\/\/www.tiktok.com\/music\/Very-Sad-7170212466167646210?refer=embed\" rel=\"noopener\">\u266c Very Sad \u2013 Enchan<\/a> <\/p>\n<\/blockquote>\n<p class=\" wall-content\">Ce chantier, une fois termin\u00e9 en 2027, devra ensuite laisser place \u00e0 celui du <strong>prolongement de la ligne de Sept-Chemins au m\u00e9tro Parilly.<\/strong> Cette extension doit, elle, \u00eatre livr\u00e9e en 2029.<\/p>\n<p class=\" wall-content\">Personnalisez votre actualit\u00e9 en ajoutant vos villes et m\u00e9dias en favori avec <a href=\"https:\/\/moncompte.actu.fr\" title=\"D\u00e9couvez Mon Actu\" rel=\"nofollow noopener\" data-trk=\"{&quot;cta&quot;:{&quot;action&quot;:&quot;https:\\\/\\\/moncompte.actu.fr&quot;,&quot;category&quot;:&quot;mon compte&quot;,&quot;from&quot;:&quot;article footer&quot;,&quot;name&quot;:&quot;Mon actu&quot;,&quot;type&quot;:&quot;cta&quot;}}\" target=\"_blank\">Mon Actu<\/a>.<\/p>\n<p>                    <script async src=\"\/\/www.tiktok.com\/embed.js\"><\/script><\/p>\n","protected":false},"excerpt":{"rendered":"Par Anthony Soudani Publi\u00e9 le 25 ao\u00fbt 2025 \u00e0 12h35 \u00ab\u00a0La route de Genas a rouvert aujourd\u2019hui, une&hellip;\n","protected":false},"author":2,"featured_media":342606,"comment_status":"","ping_status":"","sticky":false,"template":"","format":"standard","meta":{"footnotes":""},"categories":[1889],"tags":[1111,11,2430,5921,1777,674,1011,27,2808,2428,12,25,104,5787],"class_list":{"0":"post-342605","1":"post","2":"type-post","3":"status-publish","4":"format-standard","5":"has-post-thumbnail","7":"category-lyon","8":"tag-actu","9":"tag-actualites","10":"tag-auvergne-rhone-alpes","11":"tag-bruno-bernard","12":"tag-eu","13":"tag-europe","14":"tag-fr","15":"tag-france","16":"tag-grand-lyon","17":"tag-lyon","18":"tag-news","19":"tag-republique-francaise","20":"tag-societe","21":"tag-transports-en-commun-lyonnais-tcl"},"share_on_mastodon":{"url":"https:\/\/pubeurope.com\/@fr\/115088975835972514","error":""},"_links":{"self":[{"href":"https:\/\/www.europesays.com\/fr\/wp-json\/wp\/v2\/posts\/342605","targetHints":{"allow":["GET"]}}],"collection":[{"href":"https:\/\/www.europesays.com\/fr\/wp-json\/wp\/v2\/posts"}],"about":[{"href":"https:\/\/www.europesays.com\/fr\/wp-json\/wp\/v2\/types\/post"}],"author":[{"embeddable":true,"href":"https:\/\/www.europesays.com\/fr\/wp-json\/wp\/v2\/users\/2"}],"replies":[{"embeddable":true,"href":"https:\/\/www.europesays.com\/fr\/wp-json\/wp\/v2\/comments?post=342605"}],"version-history":[{"count":0,"href":"https:\/\/www.europesays.com\/fr\/wp-json\/wp\/v2\/posts\/342605\/revisions"}],"wp:featuredmedia":[{"embeddable":true,"href":"https:\/\/www.europesays.com\/fr\/wp-json\/wp\/v2\/media\/342606"}],"wp:attachment":[{"href":"https:\/\/www.europesays.com\/fr\/wp-json\/wp\/v2\/media?parent=342605"}],"wp:term":[{"taxonomy":"category","embeddable":true,"href":"https:\/\/www.europesays.com\/fr\/wp-json\/wp\/v2\/categories?post=342605"},{"taxonomy":"post_tag","embeddable":true,"href":"https:\/\/www.europesays.com\/fr\/wp-json\/wp\/v2\/tags?post=342605"}],"curies":[{"name":"wp","href":"https:\/\/api.w.org\/{rel}","templated":true}]}}