{"id":342617,"date":"2025-08-25T10:45:11","date_gmt":"2025-08-25T10:45:11","guid":{"rendered":"https:\/\/www.europesays.com\/fr\/342617\/"},"modified":"2025-08-25T10:45:11","modified_gmt":"2025-08-25T10:45:11","slug":"queens-of-the-stone-age-en-concert-au-grand-rex-de-paris-en-octobre-2025-news-rockurlife","status":"publish","type":"post","link":"https:\/\/www.europesays.com\/fr\/342617\/","title":{"rendered":"Queens Of The Stone Age : en concert au Grand Rex de Paris en octobre 2025 ! &#8211; News &#8211; RockUrLife"},"content":{"rendered":"<p>Apr\u00e8s avoir litt\u00e9ralement hant\u00e9 les catacombes parisiennes lors d\u2019un live aussi singulier que m\u00e9morable,\u00a0<strong>Queens of the Stone Age<\/strong>\u00a0annonce son retour dans la capitale pour un concert exceptionnel et unique en son genre !<\/p>\n<p> Le groupe californien investira\u00a0<strong>Le Grand Rex le 20 octobre 2025<\/strong>, dans le cadre de\u00a0<strong>The Catacombs Tour<\/strong>, une tourn\u00e9e \u00e0 l\u2019atmosph\u00e8re aussi sombre que raffin\u00e9e.<\/p>\n<p>Une soir\u00e9e \u00e0 part dans l\u2019histoire du groupe\u00a0: dans l\u2019esprit de sa prestation film\u00e9e sous les rues de <strong>Paris<\/strong>, <strong>Josh Homme<\/strong> et sa bande proposeront des versions\u00a0r\u00e9arrang\u00e9es avec un ensemble \u00e0 cordes\u00a0de titres issus de leur riche discographie. L\u2019occasion rare de red\u00e9couvrir leur univers abrasif dans un \u00e9crin plus feutr\u00e9, presque c\u00e9r\u00e9monial.<\/p>\n<p>Ouverture de la billetterie\u00a0: les places seront mises en vente\u00a0vendredi 29 ao\u00fbt \u00e0 10h (heure de Paris)\u00a0via\u00a0ce<a href=\"https:\/\/queensofthestoneage.lnk.to\/PFR25\" target=\"_blank\" rel=\"noopener\"> lien officiel<\/a>. Attention, la jauge du <strong>Grand Rex<\/strong> \u00e9tant bien plus r\u00e9duite que celle de leurs pr\u00e9c\u00e9dents passages en festival ou en ar\u00e9na, les billets risquent de s\u2019arracher.<\/p>\n<p>\u00a0\u00c0 noter\u00a0que les fans pr\u00e9sents \u00e0 la s\u00e9ance de Q&amp;A organis\u00e9e ce\u00a025 ao\u00fbt \u00e0 14h \u00e0 la <strong>Fnac \u2013 Forum des Halles<\/strong>\u00a0pourront b\u00e9n\u00e9ficier d\u2019un\u00a0acc\u00e8s anticip\u00e9 \u00e0 la billetterie\u00a0pour la date parisienne. L\u2019\u00e9v\u00e9nement est \u00e0\u00a0capacit\u00e9 limit\u00e9e, entr\u00e9e selon le principe du premier arriv\u00e9, premier servi.<\/p>\n<p>Une chose est s\u00fbre : apr\u00e8s avoir cl\u00f4tur\u00e9\u00a0<strong>Rock En Seine 2025<\/strong>\u00a0en apoth\u00e9ose, <strong>Queens Of The Stone Age<\/strong> s\u2019appr\u00eate \u00e0 offrir \u00e0 <strong>Paris<\/strong> un moment suspendu entre rock brut et \u00e9l\u00e9gance fun\u00e8bre. Un rendez-vous \u00e0 ne manquer sous aucun pr\u00e9texte.<\/p>\n<p><img loading=\"lazy\" decoding=\"async\" width=\"819\" height=\"1024\" src=\"https:\/\/www.europesays.com\/fr\/wp-content\/uploads\/2025\/08\/IMG_2190-819x1024.jpeg\" alt=\"\" class=\"wp-image-225200\"\/><\/p>\n","protected":false},"excerpt":{"rendered":"Apr\u00e8s avoir litt\u00e9ralement hant\u00e9 les catacombes parisiennes lors d\u2019un live aussi singulier que m\u00e9morable,\u00a0Queens of the Stone Age\u00a0annonce&hellip;\n","protected":false},"author":2,"featured_media":342618,"comment_status":"","ping_status":"","sticky":false,"template":"","format":"standard","meta":{"footnotes":""},"categories":[1888],"tags":[11,1777,674,1011,27,47878,12,626,31726,25,47879],"class_list":{"0":"post-342617","1":"post","2":"type-post","3":"status-publish","4":"format-standard","5":"has-post-thumbnail","7":"category-paris","8":"tag-actualites","9":"tag-eu","10":"tag-europe","11":"tag-fr","12":"tag-france","13":"tag-le-grand-rex","14":"tag-news","15":"tag-paris","16":"tag-queens-of-the-stone-age","17":"tag-republique-francaise","18":"tag-the-catacombs-tour"},"share_on_mastodon":{"url":"https:\/\/pubeurope.com\/@fr\/115089003359987608","error":""},"_links":{"self":[{"href":"https:\/\/www.europesays.com\/fr\/wp-json\/wp\/v2\/posts\/342617","targetHints":{"allow":["GET"]}}],"collection":[{"href":"https:\/\/www.europesays.com\/fr\/wp-json\/wp\/v2\/posts"}],"about":[{"href":"https:\/\/www.europesays.com\/fr\/wp-json\/wp\/v2\/types\/post"}],"author":[{"embeddable":true,"href":"https:\/\/www.europesays.com\/fr\/wp-json\/wp\/v2\/users\/2"}],"replies":[{"embeddable":true,"href":"https:\/\/www.europesays.com\/fr\/wp-json\/wp\/v2\/comments?post=342617"}],"version-history":[{"count":0,"href":"https:\/\/www.europesays.com\/fr\/wp-json\/wp\/v2\/posts\/342617\/revisions"}],"wp:featuredmedia":[{"embeddable":true,"href":"https:\/\/www.europesays.com\/fr\/wp-json\/wp\/v2\/media\/342618"}],"wp:attachment":[{"href":"https:\/\/www.europesays.com\/fr\/wp-json\/wp\/v2\/media?parent=342617"}],"wp:term":[{"taxonomy":"category","embeddable":true,"href":"https:\/\/www.europesays.com\/fr\/wp-json\/wp\/v2\/categories?post=342617"},{"taxonomy":"post_tag","embeddable":true,"href":"https:\/\/www.europesays.com\/fr\/wp-json\/wp\/v2\/tags?post=342617"}],"curies":[{"name":"wp","href":"https:\/\/api.w.org\/{rel}","templated":true}]}}