{"id":342619,"date":"2025-08-25T10:46:13","date_gmt":"2025-08-25T10:46:13","guid":{"rendered":"https:\/\/www.europesays.com\/fr\/342619\/"},"modified":"2025-08-25T10:46:13","modified_gmt":"2025-08-25T10:46:13","slug":"russie-accuse-d-espionnage-le-chercheur-laurent-vinatier-de-retour-au-tribunal-a-moscou","status":"publish","type":"post","link":"https:\/\/www.europesays.com\/fr\/342619\/","title":{"rendered":"Russie. Accus\u00e9 d&rsquo;\u00ab espionnage \u00bb, le chercheur Laurent Vinatier de retour au tribunal \u00e0 Moscou"},"content":{"rendered":"<p>Le chercheur fran\u00e7ais Laurent Vinatier, <a href=\"https:\/\/www.ledauphine.com\/faits-divers-justice\/2025\/02\/24\/paris-denonce-la-condamnation-maintenue-en-appel-de-laurent-vinatier-a-trois-ans-de-prison\" target=\"_blank\" rel=\"noopener\">d\u00e9j\u00e0 condamn\u00e9 \u00e0 trois ans de prison en Russie<\/a>, doit compara\u00eetre lundi devant un tribunal de Moscou pour des accusations d&rsquo;\u00ab espionnage \u00bb, ce qui laisse pr\u00e9sager une prolongation de sa peine. L&rsquo;audience dans cette nouvelle affaire doit se d\u00e9rouler \u00e0 huis clos, a confirm\u00e9 Anastassia Pychkina, porte-parole du tribunal de Lefortovo. Il n&rsquo;est toutefois pas possible de savoir dans l&rsquo;imm\u00e9diat si Laurent Vinatier a \u00e9t\u00e9 inculp\u00e9 ou non pour ces accusations et aucune accusation sp\u00e9cifique n&rsquo;a \u00e9t\u00e9 d\u00e9voil\u00e9e par les enqu\u00eateurs ou le Parquet.\u00a0<\/p>\n<p>Incarc\u00e9r\u00e9 depuis juin 2024, ce chercheur sp\u00e9cialiste de l&rsquo;espace post-sovi\u00e9tique \u00e9tait employ\u00e9 sur le sol russe par le Centre pour le dialogue humanitaire, une ONG suisse qui fait de la m\u00e9diation dans des conflits hors des circuits diplomatiques officiels, notamment s&rsquo;agissant de l&rsquo;Ukraine. Laurent Vinatier a \u00e9t\u00e9 condamn\u00e9 en octobre 2024 \u00e0 trois ans de prison pour ne pas s&rsquo;\u00eatre enregistr\u00e9 en tant qu&rsquo;\u00ab agent de l&rsquo;\u00e9tranger \u00bb, un label utilis\u00e9 par les autorit\u00e9s russes pour r\u00e9primer leurs d\u00e9tracteurs.<\/p>\n<p>Jusqu&rsquo;\u00e0 20 ans de prison\u00a0?<\/p>\n<p>Les nouvelles accusations d&rsquo;espionnage le visant sont passibles d&rsquo;une peine pouvant aller jusqu&rsquo;\u00e0 20 ans de prison. \u00ab Connaissant le gouvernement russe on n&rsquo;a pas \u00e9t\u00e9 \u00e9tonn\u00e9 qu&rsquo;ils le poursuivent \u00e0 nouveau, qu&rsquo;ils trouvent encore des choses \u00e0 lui reprocher \u00bb, a d\u00e9clar\u00e9 la m\u00e8re du chercheur fran\u00e7ais, Brigitte Vinatier. Se disant \u00ab prise de court \u00bb par ces nouvelles accusations, elle a dit ne s&rsquo;attendre \u00ab \u00e0 rien de bien, \u00e0 rien de positif \u00bb. \u00ab Les autorit\u00e9s fran\u00e7aises ont r\u00e9clam\u00e9 des nouvelles et des informations tout le temps avec un manque de r\u00e9ponses de la part des autorit\u00e9s russes qui leur ont dit simplement qu&rsquo;elles seraient pr\u00e9venues en temps voulu \u00bb, a-t-elle indiqu\u00e9. Selon elle, son fils a \u00e9t\u00e9 transf\u00e9r\u00e9 r\u00e9cemment \u00e0 la prison moscovite de Lefortovo, notamment connue pour accueillir des d\u00e9tenus vis\u00e9s par des affaires \u00e0 r\u00e9sonance politique.<\/p>\n<p>Paris a exig\u00e9 de Moscou la lib\u00e9ration de son ressortissant, accusant la Russie de chercher \u00e0 prendre des Occidentaux en otage, alors que les relations entre les deux pays sont au plus bas depuis <a href=\"https:\/\/www.ledauphine.com\/france-monde\/ukraine\" target=\"_blank\" rel=\"noopener\">l&rsquo;assaut russe contre l&rsquo;Ukraine<\/a> lanc\u00e9 en 2022 et les sanctions qui ont suivi.<\/p>\n<p>  Ignorance et excuses<\/p>\n<p>Lors de son premier proc\u00e8s en octobre, Laurent Vinatier avait \u00e9t\u00e9 reconnu coupable d&rsquo;avoir manqu\u00e9 \u00e0 son obligation de s&rsquo;enregistrer sous le label d&rsquo;\u00ab agent de l&rsquo;\u00e9tranger \u00bb, alors m\u00eame qu&rsquo;il collectait des \u00ab informations dans le domaine des activit\u00e9s militaires \u00bb pouvant \u00eatre \u00ab utilis\u00e9es contre la s\u00e9curit\u00e9 \u00bb de la Russie. L&rsquo;int\u00e9ress\u00e9 avait reconnu les faits, mais plaid\u00e9 l&rsquo;ignorance. Il s&rsquo;est \u00e9galement excus\u00e9, esp\u00e9rant l&rsquo;indulgence de la justice.<\/p>\n<p>Le Fran\u00e7ais travaillait depuis des ann\u00e9es sur le conflit entre la Russie et l&rsquo;Ukraine, avant m\u00eame l&rsquo;offensive russe de f\u00e9vrier 2022, dans le cadre de discrets efforts diplomatiques en parall\u00e8le \u00e0 ceux des Etats. Jusqu&rsquo;\u00e0 son arrestation, il effectuait des voyages dans les deux pays.<\/p>\n","protected":false},"excerpt":{"rendered":"Le chercheur fran\u00e7ais Laurent Vinatier, d\u00e9j\u00e0 condamn\u00e9 \u00e0 trois ans de prison en Russie, doit compara\u00eetre lundi devant&hellip;\n","protected":false},"author":2,"featured_media":342620,"comment_status":"","ping_status":"","sticky":false,"template":"","format":"standard","meta":{"footnotes":""},"categories":[1591],"tags":[11,3206,274,1887,107,329,12,1885,1886,132],"class_list":{"0":"post-342619","1":"post","2":"type-post","3":"status-publish","4":"format-standard","5":"has-post-thumbnail","7":"category-russie","8":"tag-actualites","9":"tag-defense-guerre-conflit","10":"tag-faits-divers-justice","11":"tag-federation-de-russie","12":"tag-fil-info","13":"tag-france-monde","14":"tag-news","15":"tag-russia","16":"tag-russian-federation","17":"tag-russie"},"share_on_mastodon":{"url":"https:\/\/pubeurope.com\/@fr\/115089007200499338","error":""},"_links":{"self":[{"href":"https:\/\/www.europesays.com\/fr\/wp-json\/wp\/v2\/posts\/342619","targetHints":{"allow":["GET"]}}],"collection":[{"href":"https:\/\/www.europesays.com\/fr\/wp-json\/wp\/v2\/posts"}],"about":[{"href":"https:\/\/www.europesays.com\/fr\/wp-json\/wp\/v2\/types\/post"}],"author":[{"embeddable":true,"href":"https:\/\/www.europesays.com\/fr\/wp-json\/wp\/v2\/users\/2"}],"replies":[{"embeddable":true,"href":"https:\/\/www.europesays.com\/fr\/wp-json\/wp\/v2\/comments?post=342619"}],"version-history":[{"count":0,"href":"https:\/\/www.europesays.com\/fr\/wp-json\/wp\/v2\/posts\/342619\/revisions"}],"wp:featuredmedia":[{"embeddable":true,"href":"https:\/\/www.europesays.com\/fr\/wp-json\/wp\/v2\/media\/342620"}],"wp:attachment":[{"href":"https:\/\/www.europesays.com\/fr\/wp-json\/wp\/v2\/media?parent=342619"}],"wp:term":[{"taxonomy":"category","embeddable":true,"href":"https:\/\/www.europesays.com\/fr\/wp-json\/wp\/v2\/categories?post=342619"},{"taxonomy":"post_tag","embeddable":true,"href":"https:\/\/www.europesays.com\/fr\/wp-json\/wp\/v2\/tags?post=342619"}],"curies":[{"name":"wp","href":"https:\/\/api.w.org\/{rel}","templated":true}]}}