{"id":342623,"date":"2025-08-25T10:49:20","date_gmt":"2025-08-25T10:49:20","guid":{"rendered":"https:\/\/www.europesays.com\/fr\/342623\/"},"modified":"2025-08-25T10:49:20","modified_gmt":"2025-08-25T10:49:20","slug":"royaume-uni-lheure-de-la-republique-a-t-elle-sonne","status":"publish","type":"post","link":"https:\/\/www.europesays.com\/fr\/342623\/","title":{"rendered":"Royaume-Uni : l&rsquo;heure de la R\u00e9publique a-t-elle sonn\u00e9 ?"},"content":{"rendered":"<p>Un rapport \u00ab confidentiel \u00bb est venu g\u00e2cher les vacances de Charles III. Deux tiers des institutions du royaume ont refus\u00e9 le clich\u00e9 du souverain en uniforme de vice-amiral de la Navy r\u00e9alis\u00e9 par le photographe attitr\u00e9 de la cour, Hugo Burnand. Seulement 3 % des h\u00f4pitaux, 7 % des universit\u00e9s et 25 % des \u00e9glises anglicanes ? la confession d&rsquo;\u00c9tat dont le monarque est gouverneur supr\u00eame ? ont accept\u00e9 d&rsquo;accrocher la photo dans leurs locaux.<br \/>#RoyaumeUni #CharlesIII #Monarchie #Popularit\u00e9<\/p>\n<p>https:\/\/www.lepoint.fr\/monde\/royaume-uni-l-heure-de-la-republique-a-t-elle-sonne-25-08-2025-2596924_24.php<\/p>\n<p>Un article \u00e0 lire en int\u00e9gralit\u00e9 sur \u00ab Le Point \u00bb.<\/p>\n<p>Suivez-nous sur :<br \/>Youtube :<br \/>https:\/\/www.youtube.com\/c\/lepoint\/<\/p>\n<p>Facebook :<br \/>https:\/\/www.facebook.com\/lepoint.fr\/<\/p>\n<p>Twitter :<br \/>https:\/\/twitter.com\/LePoint<\/p>\n<p>Instagram :<br \/>https:\/\/www.instagram.com\/lepointfr<\/p>\n<p>Tik Tok :<br \/>https:\/\/www.tiktok.com\/@lepointfr<\/p>\n<p>LinkedIn :<br \/>https:\/\/www.linkedin.com\/company\/le-point\/posts\/<\/p>\n<p>Bluesky :<br \/>https:\/\/bsky.app\/profile\/lepoint.fr<\/p>\n<p>Threads :<br \/>https:\/\/www.threads.net\/@lepointfr<\/p>\n<p>WhatsApp :<br \/>https:\/\/www.whatsapp.com\/channel\/0029VaDv82FL2ATwZXFPAK3c<\/p>\n<p>www.lepoint.fr\n                        <\/p>\n<p><script async src=\"https:\/\/platform.twitter.com\/widgets.js\" charset=\"utf-8\"><\/script><script async src=\"\/\/www.instagram.com\/embed.js\"><\/script><script async src=\"\/\/www.tiktok.com\/embed.js\"><\/script><\/p>\n","protected":false},"excerpt":{"rendered":"Un rapport \u00ab confidentiel \u00bb est venu g\u00e2cher les vacances de Charles III. Deux tiers des institutions du&hellip;\n","protected":false},"author":2,"featured_media":342624,"comment_status":"","ping_status":"","sticky":false,"template":"","format":"standard","meta":{"footnotes":""},"categories":[1588],"tags":[11,1777,674,12,473,1853,1851,1850,1852],"class_list":{"0":"post-342623","1":"post","2":"type-post","3":"status-publish","4":"format-standard","5":"has-post-thumbnail","7":"category-royaume-uni","8":"tag-actualites","9":"tag-eu","10":"tag-europe","11":"tag-news","12":"tag-royaume-uni","13":"tag-royaume-uni-de-grande-bretagne-et-dirlande-du-nord","14":"tag-uk","15":"tag-united-kingdom","16":"tag-united-kingdom-of-great-britain-and-northern-ireland"},"share_on_mastodon":{"url":"https:\/\/pubeurope.com\/@fr\/115089019001446415","error":""},"_links":{"self":[{"href":"https:\/\/www.europesays.com\/fr\/wp-json\/wp\/v2\/posts\/342623","targetHints":{"allow":["GET"]}}],"collection":[{"href":"https:\/\/www.europesays.com\/fr\/wp-json\/wp\/v2\/posts"}],"about":[{"href":"https:\/\/www.europesays.com\/fr\/wp-json\/wp\/v2\/types\/post"}],"author":[{"embeddable":true,"href":"https:\/\/www.europesays.com\/fr\/wp-json\/wp\/v2\/users\/2"}],"replies":[{"embeddable":true,"href":"https:\/\/www.europesays.com\/fr\/wp-json\/wp\/v2\/comments?post=342623"}],"version-history":[{"count":0,"href":"https:\/\/www.europesays.com\/fr\/wp-json\/wp\/v2\/posts\/342623\/revisions"}],"wp:featuredmedia":[{"embeddable":true,"href":"https:\/\/www.europesays.com\/fr\/wp-json\/wp\/v2\/media\/342624"}],"wp:attachment":[{"href":"https:\/\/www.europesays.com\/fr\/wp-json\/wp\/v2\/media?parent=342623"}],"wp:term":[{"taxonomy":"category","embeddable":true,"href":"https:\/\/www.europesays.com\/fr\/wp-json\/wp\/v2\/categories?post=342623"},{"taxonomy":"post_tag","embeddable":true,"href":"https:\/\/www.europesays.com\/fr\/wp-json\/wp\/v2\/tags?post=342623"}],"curies":[{"name":"wp","href":"https:\/\/api.w.org\/{rel}","templated":true}]}}