{"id":342625,"date":"2025-08-25T10:50:11","date_gmt":"2025-08-25T10:50:11","guid":{"rendered":"https:\/\/www.europesays.com\/fr\/342625\/"},"modified":"2025-08-25T10:50:11","modified_gmt":"2025-08-25T10:50:11","slug":"la-france-et-lallemagne-conquierent-le-tourisme-en-albanie-les-italiens-perdent-du-terrain","status":"publish","type":"post","link":"https:\/\/www.europesays.com\/fr\/342625\/","title":{"rendered":"La France et l&rsquo;Allemagne \u00abconqui\u00e8rent\u00bb le tourisme en Albanie, les Italiens perdent du terrain"},"content":{"rendered":"<p>                                                La France et l&rsquo;Allemagne \u00abconqui\u00e8rent\u00bb le tourisme en Albanie, les Italiens perdent du terrain                    <\/p>\n<p>                        <img decoding=\"async\" src=\"https:\/\/www.europesays.com\/fr\/wp-content\/uploads\/2025\/08\/333333333333333333333333-600x360.jpg\" alt=\"\"\/><\/p>\n<p>                        Albanie<\/p>\n<p>                            <img decoding=\"async\" src=\"https:\/\/www.europesays.com\/fr\/wp-content\/uploads\/2025\/08\/1754177174_227_LogoExpress-96x96.png\" alt=\"\"\/><\/p>\n<p>                        Gazeta Express<br \/>\n                        25\/08\/2025 12:25<\/p>\n<p>Le nombre de touristes allemands et fran\u00e7ais dans les rues de Tirana et des villes c\u00f4ti\u00e8res a consid\u00e9rablement augment\u00e9 cet \u00e9t\u00e9, prenant le relais des Italiens, qui jusqu&rsquo;\u00e0 l&rsquo;ann\u00e9e derni\u00e8re dominaient les visites.<\/p>\n<p>Selon les donn\u00e9es de l&rsquo;INSTAT, publi\u00e9es par Monitor, au cours de la p\u00e9riode janvier-juillet 2025, les arriv\u00e9es en provenance d&rsquo;Allemagne ont atteint 231 28, avec une augmentation de 160% par rapport \u00e0 l&rsquo;ann\u00e9e pr\u00e9c\u00e9dente, tandis qu&rsquo;en provenance de France, elles ont atteint 48 XNUMX, avec une augmentation record de XNUMX%.<\/p>\n<p>Les voyagistes affirment qu&rsquo;il s&rsquo;agit principalement de touristes jeunes et individuels, tandis que la tendance est consid\u00e9r\u00e9e comme stable pour l&rsquo;ann\u00e9e prochaine.<\/p>\n<p>Parall\u00e8lement, l&rsquo;int\u00e9r\u00eat des Italiens pour l&rsquo;Albanie a diminu\u00e9\u00a0: leur nombre d&rsquo;arriv\u00e9es au cours des sept premiers mois de l&rsquo;ann\u00e9e n&rsquo;a augment\u00e9 que de 7\u00a0%, contre une hausse de 4.5\u00a0% un an plus t\u00f4t. Cependant, les Italiens demeurent le deuxi\u00e8me groupe touristique le plus important du pays, apr\u00e8s les Kosovars.<\/p>\n","protected":false},"excerpt":{"rendered":"La France et l&rsquo;Allemagne \u00abconqui\u00e8rent\u00bb le tourisme en Albanie, les Italiens perdent du terrain Albanie Gazeta Express 25\/08\/2025&hellip;\n","protected":false},"author":2,"featured_media":342626,"comment_status":"","ping_status":"","sticky":false,"template":"","format":"standard","meta":{"footnotes":""},"categories":[1587],"tags":[11,672,1804,1805,1803,1777,674,1801,12,1802],"class_list":{"0":"post-342625","1":"post","2":"type-post","3":"status-publish","4":"format-standard","5":"has-post-thumbnail","7":"category-allemagne","8":"tag-actualites","9":"tag-allemagne","10":"tag-bundesrepublik-deutschland","11":"tag-de","12":"tag-deutschland","13":"tag-eu","14":"tag-europe","15":"tag-germany","16":"tag-news","17":"tag-republique-federale-dallemagne"},"share_on_mastodon":{"url":"https:\/\/pubeurope.com\/@fr\/115089022962710510","error":""},"_links":{"self":[{"href":"https:\/\/www.europesays.com\/fr\/wp-json\/wp\/v2\/posts\/342625","targetHints":{"allow":["GET"]}}],"collection":[{"href":"https:\/\/www.europesays.com\/fr\/wp-json\/wp\/v2\/posts"}],"about":[{"href":"https:\/\/www.europesays.com\/fr\/wp-json\/wp\/v2\/types\/post"}],"author":[{"embeddable":true,"href":"https:\/\/www.europesays.com\/fr\/wp-json\/wp\/v2\/users\/2"}],"replies":[{"embeddable":true,"href":"https:\/\/www.europesays.com\/fr\/wp-json\/wp\/v2\/comments?post=342625"}],"version-history":[{"count":0,"href":"https:\/\/www.europesays.com\/fr\/wp-json\/wp\/v2\/posts\/342625\/revisions"}],"wp:featuredmedia":[{"embeddable":true,"href":"https:\/\/www.europesays.com\/fr\/wp-json\/wp\/v2\/media\/342626"}],"wp:attachment":[{"href":"https:\/\/www.europesays.com\/fr\/wp-json\/wp\/v2\/media?parent=342625"}],"wp:term":[{"taxonomy":"category","embeddable":true,"href":"https:\/\/www.europesays.com\/fr\/wp-json\/wp\/v2\/categories?post=342625"},{"taxonomy":"post_tag","embeddable":true,"href":"https:\/\/www.europesays.com\/fr\/wp-json\/wp\/v2\/tags?post=342625"}],"curies":[{"name":"wp","href":"https:\/\/api.w.org\/{rel}","templated":true}]}}