{"id":342628,"date":"2025-08-25T10:51:12","date_gmt":"2025-08-25T10:51:12","guid":{"rendered":"https:\/\/www.europesays.com\/fr\/342628\/"},"modified":"2025-08-25T10:51:12","modified_gmt":"2025-08-25T10:51:12","slug":"laustralopitheque-lucy-exposee-a-prague-une-premiere-en-europe","status":"publish","type":"post","link":"https:\/\/www.europesays.com\/fr\/342628\/","title":{"rendered":"l\u2019australopith\u00e8que Lucy expos\u00e9e \u00e0 Prague, une premi\u00e8re en Europe"},"content":{"rendered":"<p>Pr\u00e9cieusement emball\u00e9s, ils ont atterri mi-ao\u00fbt \u00e0 Prague, en R\u00e9publique tch\u00e8que\u00a0: les ossements de la plus c\u00e9l\u00e8bre australopith\u00e8que Lucy, d\u00e9couverts il y a un demi-si\u00e8cle en \u00c9thiopie, sont expos\u00e9s au mus\u00e9e national de Prague depuis ce lundi 25\u00a0ao\u00fbt.<\/p>\n<p>Ces 52 fragments dentaires, de cr\u00e2ne, de bassin et de f\u00e9mur, vieux de 3,18\u00a0millions d\u2019ann\u00e9es, \u00ab\u00a0n\u2019ont voyag\u00e9 qu\u2019une seule fois, aux \u00c9tats-Unis\u00a0\u00bb, entre\u00a02007 et\u00a02013, a rappel\u00e9 le directeur de l\u2019institution, Michal Lukes, \u00e0 leur arriv\u00e9e sur le sol tch\u00e8que. Ils figurent parmi \u00ab\u00a0les pi\u00e8ces pal\u00e9oanthropologiques les plus pr\u00e9cieuses et les plus anciennes au monde\u00a0\u00bb, souligne-t-il, saluant ce rare pr\u00eat d\u2019une dur\u00e9e de 60 jours du mus\u00e9e national d\u2019\u00c9thiopie.<\/p>\n<p>\u00ab\u00a0Une exposition historique\u00a0\u00bb<\/p>\n<p>Les visiteurs peuvent aussi d\u00e9couvrir le squelette quasi complet de Selam, jeune australopith\u00e8que morte \u00e0 deux ans et sept mois, qui aurait v\u00e9cu 100.000 ann\u00e9es avant Lucy.\u00a0D\u00e9couvert en 2000, il n\u2019avait jamais quitt\u00e9 l\u2019\u00c9thiopie.<\/p>\n<p>Une exposition \u00ab\u00a0historique\u00a0\u00bb donc, selon Addis Abeba \u2013 la capitale de l\u2019Ethiopie \u2013 offrant \u00ab\u00a0une occasion unique de voir de pr\u00e8s ces fossiles humains\u00a0\u00bb.<\/p>\n<p>C\u2019est le 24\u00a0novembre 1974, dans la r\u00e9gion de l\u2019Afar nich\u00e9e dans le nord-est du pays, que les ossements de Lucy ont \u00e9t\u00e9 mis au jour, permettant de composer environ 40\u00a0% du squelette. D\u2019abord appel\u00e9 A.L-288-1, cet hominid\u00e9 bip\u00e8de a \u00e9t\u00e9 baptis\u00e9 ainsi en r\u00e9f\u00e9rence \u00e0 la chanson des Beatles \u00ab\u00a0Lucy in the Sky with Diamonds\u00a0\u00bb, \u00e9cout\u00e9e par les pal\u00e9ontologues pendant les fouilles.<\/p>\n<p>Morte possiblement entre 11 et 13\u00a0ans (ce qui est consid\u00e9r\u00e9 comme un \u00e2ge adulte pour cette esp\u00e8ce), mesurant moins d\u20191,10\u00a0m de haut et pesant autour de 29\u00a0kg, Lucy est habituellement conserv\u00e9e dans une pi\u00e8ce non ouverte au public au c\u0153ur de la capitale \u00e9thiopienne.<\/p>\n<p>Tante de l\u2019humanit\u00e9<\/p>\n<p>Sa d\u00e9couverte \u00ab\u00a0a r\u00e9volutionn\u00e9\u00a0\u00bb la recherche scientifique et la compr\u00e9hension de nos anc\u00eatres \u00ab\u00a0d\u2019abord en raison de son \u00e9tat de conservation exceptionnel, et ensuite du fait de son \u00e2ge\u00a0\u00bb, explique Abebaw Ayalew Gella, directeur de l\u2019Autorit\u00e9 \u00e9thiopienne de protection du patrimoine.<\/p>\n<p>Tout comme Selam, le plus vieil enfant du monde, Lucy est \u00ab\u00a0une ambassadrice de l\u2019\u00c9thiopie, berceau de l\u2019humanit\u00e9\u00a0\u00bb, s\u2019enthousiasme-t-il. Longtemps d\u00e9crite comme la grand-m\u00e8re de l\u2019humanit\u00e9, elle est aujourd\u2019hui plut\u00f4t consid\u00e9r\u00e9e comme une tante ou une cousine\u00a0\u2013 sa filiation directe avec l\u2019Homme \u00e9tant contest\u00e9e.<\/p>\n<p>Selon une \u00e9tude publi\u00e9e en 2016 dans la revue Nature, elle passait au moins un tiers de son temps dans les arbres o\u00f9 elle dormait pour \u00e9chapper aux pr\u00e9dateurs, ce qui lui aurait \u00e9t\u00e9 fatal puisque qu\u2019elle est \u00ab\u00a0probablement\u00a0\u00bb morte apr\u00e8s une chute.<\/p>\n<p>Touma\u00ef, consid\u00e9r\u00e9 par certains pal\u00e9ontologues comme le premier repr\u00e9sentant de la lign\u00e9e humaine du haut de ses 7\u00a0millions d\u2019ann\u00e9es, ou encore Ardi, \u00e2g\u00e9 de 4,5\u00a0millions d\u2019ann\u00e9es, ont rejoint Lucy au panth\u00e9on pr\u00e9historique.<\/p>\n","protected":false},"excerpt":{"rendered":"Pr\u00e9cieusement emball\u00e9s, ils ont atterri mi-ao\u00fbt \u00e0 Prague, en R\u00e9publique tch\u00e8que\u00a0: les ossements de la plus c\u00e9l\u00e8bre australopith\u00e8que&hellip;\n","protected":false},"author":2,"featured_media":342629,"comment_status":"","ping_status":"","sticky":false,"template":"","format":"standard","meta":{"footnotes":""},"categories":[1586],"tags":[328,11,1777,674,1349,1011,27,329,1393,74,7107,12,2551,25],"class_list":{"0":"post-342628","1":"post","2":"type-post","3":"status-publish","4":"format-standard","5":"has-post-thumbnail","7":"category-europe","8":"tag-a-la-une","9":"tag-actualites","10":"tag-eu","11":"tag-europe","12":"tag-expositions","13":"tag-fr","14":"tag-france","15":"tag-france-monde","16":"tag-loisirs","17":"tag-monde","18":"tag-musees","19":"tag-news","20":"tag-patrimoine","21":"tag-republique-francaise"},"share_on_mastodon":{"url":"https:\/\/pubeurope.com\/@fr\/115089026952174973","error":""},"_links":{"self":[{"href":"https:\/\/www.europesays.com\/fr\/wp-json\/wp\/v2\/posts\/342628","targetHints":{"allow":["GET"]}}],"collection":[{"href":"https:\/\/www.europesays.com\/fr\/wp-json\/wp\/v2\/posts"}],"about":[{"href":"https:\/\/www.europesays.com\/fr\/wp-json\/wp\/v2\/types\/post"}],"author":[{"embeddable":true,"href":"https:\/\/www.europesays.com\/fr\/wp-json\/wp\/v2\/users\/2"}],"replies":[{"embeddable":true,"href":"https:\/\/www.europesays.com\/fr\/wp-json\/wp\/v2\/comments?post=342628"}],"version-history":[{"count":0,"href":"https:\/\/www.europesays.com\/fr\/wp-json\/wp\/v2\/posts\/342628\/revisions"}],"wp:featuredmedia":[{"embeddable":true,"href":"https:\/\/www.europesays.com\/fr\/wp-json\/wp\/v2\/media\/342629"}],"wp:attachment":[{"href":"https:\/\/www.europesays.com\/fr\/wp-json\/wp\/v2\/media?parent=342628"}],"wp:term":[{"taxonomy":"category","embeddable":true,"href":"https:\/\/www.europesays.com\/fr\/wp-json\/wp\/v2\/categories?post=342628"},{"taxonomy":"post_tag","embeddable":true,"href":"https:\/\/www.europesays.com\/fr\/wp-json\/wp\/v2\/tags?post=342628"}],"curies":[{"name":"wp","href":"https:\/\/api.w.org\/{rel}","templated":true}]}}