{"id":342637,"date":"2025-08-25T10:56:13","date_gmt":"2025-08-25T10:56:13","guid":{"rendered":"https:\/\/www.europesays.com\/fr\/342637\/"},"modified":"2025-08-25T10:56:13","modified_gmt":"2025-08-25T10:56:13","slug":"the-dutch-futures-guillamoundeguy-etincelant-3e","status":"publish","type":"post","link":"https:\/\/www.europesays.com\/fr\/342637\/","title":{"rendered":"The Dutch Futures : Guillamoundeguy \u00e9tincelant 3e"},"content":{"rendered":"<p>Depuis quelques semaines, <strong>Oihan Guillamoundeguy<\/strong> tient la forme de sa vie ! \u00c0 ses quatre top 5 &#8211; dont une victoire en Irlande &#8211; enregistr\u00e9s depuis la fin du mois de juin, le Landais en a ajout\u00e9 un cinqui\u00e8me en l&rsquo;espace de huit tournois, en terminant 3e de <strong>The Dutch Futures<\/strong> ce dimanche aux Pays-Bas. Celui-ci a \u00e9t\u00e9 arrach\u00e9 \u00e0 la force d&rsquo;un dernier tour stratosph\u00e9rique, comprenant sept birdies et un eagle, et \u00e9galant le meilleur score de la semaine : 62, soit neuf coups sous le par ! Solidement install\u00e9 au 2e rang de la <strong>Road to Mallorca<\/strong>, le joueur de 20 ans est assur\u00e9 d&rsquo;\u00e9voluer sur le <strong>DP World Tour<\/strong> la saison prochaine.<\/p>\n<p>Dans cette \u00e9preuve batave remport\u00e9e par l&rsquo;Italien <strong>Filippo Celli<\/strong> \u00e0 -15 total, un autre Tricolore a termin\u00e9 dans le top 10 : derri\u00e8re Guillamoundeguy (-10), <strong>Andoni Etchenique<\/strong> s&rsquo;est offert un deuxi\u00e8me top 10 cons\u00e9cutif en finissant 9e \u00e0 -7 gr\u00e2ce \u00e0 un dernier tour en 70 (-1). Le voil\u00e0 104e de l&rsquo;ordre du m\u00e9rite, lui qui il y a un mois naviguait au-del\u00e0 du 200e rang !<\/p>\n","protected":false},"excerpt":{"rendered":"Depuis quelques semaines, Oihan Guillamoundeguy tient la forme de sa vie ! \u00c0 ses quatre top 5 &#8211;&hellip;\n","protected":false},"author":2,"featured_media":342638,"comment_status":"","ping_status":"","sticky":false,"template":"","format":"standard","meta":{"footnotes":""},"categories":[1418],"tags":[1011,27,1472,60],"class_list":{"0":"post-342637","1":"post","2":"type-post","3":"status-publish","4":"format-standard","5":"has-post-thumbnail","7":"category-golf","8":"tag-fr","9":"tag-france","10":"tag-golf","11":"tag-sports"},"share_on_mastodon":{"url":"https:\/\/pubeurope.com\/@fr\/115089046407763959","error":""},"_links":{"self":[{"href":"https:\/\/www.europesays.com\/fr\/wp-json\/wp\/v2\/posts\/342637","targetHints":{"allow":["GET"]}}],"collection":[{"href":"https:\/\/www.europesays.com\/fr\/wp-json\/wp\/v2\/posts"}],"about":[{"href":"https:\/\/www.europesays.com\/fr\/wp-json\/wp\/v2\/types\/post"}],"author":[{"embeddable":true,"href":"https:\/\/www.europesays.com\/fr\/wp-json\/wp\/v2\/users\/2"}],"replies":[{"embeddable":true,"href":"https:\/\/www.europesays.com\/fr\/wp-json\/wp\/v2\/comments?post=342637"}],"version-history":[{"count":0,"href":"https:\/\/www.europesays.com\/fr\/wp-json\/wp\/v2\/posts\/342637\/revisions"}],"wp:featuredmedia":[{"embeddable":true,"href":"https:\/\/www.europesays.com\/fr\/wp-json\/wp\/v2\/media\/342638"}],"wp:attachment":[{"href":"https:\/\/www.europesays.com\/fr\/wp-json\/wp\/v2\/media?parent=342637"}],"wp:term":[{"taxonomy":"category","embeddable":true,"href":"https:\/\/www.europesays.com\/fr\/wp-json\/wp\/v2\/categories?post=342637"},{"taxonomy":"post_tag","embeddable":true,"href":"https:\/\/www.europesays.com\/fr\/wp-json\/wp\/v2\/tags?post=342637"}],"curies":[{"name":"wp","href":"https:\/\/api.w.org\/{rel}","templated":true}]}}