{"id":342639,"date":"2025-08-25T10:58:15","date_gmt":"2025-08-25T10:58:15","guid":{"rendered":"https:\/\/www.europesays.com\/fr\/342639\/"},"modified":"2025-08-25T10:58:15","modified_gmt":"2025-08-25T10:58:15","slug":"ne-pas-se-positionner-en-victime-le-fcg-repart-a-lassaut-de-la-pro-d2-le-dauphine-libere","status":"publish","type":"post","link":"https:\/\/www.europesays.com\/fr\/342639\/","title":{"rendered":"\u00ab Ne pas se positionner en victime \u00bb : le FCG repart \u00e0 l\u2019assaut de la Pro D2 &#8211; Le Dauphin\u00e9 Lib\u00e9r\u00e9"},"content":{"rendered":"<ol>\n<li><a href=\"https:\/\/news.google.com\/rss\/articles\/CBMitAFBVV95cUxNcTJfRl8zR2U0RmhuMlB5ckthMUtkekZGQ0hPMndMd3ZMUEdNeDB4SFdyeGNXSVViTEE5WVNHUi1xQ290a05sNXU5YTNaTHNSeWU5c1hCTmtiR3h6QXdtRzd5MGszamVwRzQ2X3JVQTQ3aWdkbTlCMHlwVE1sZXVCdDJRN01heUtZOElLbUpLUElFMEpkYVVHT3BnYlNSbWYtQjllV2tUS1Q2LWowRXpGeTI3a0M?oc=5\" target=\"_blank\" rel=\"noopener\">\u00ab Ne pas se positionner en victime \u00bb : le FCG repart \u00e0 l\u2019assaut de la Pro D2<\/a>&nbsp;&nbsp;Le Dauphin\u00e9 Lib\u00e9r\u00e9<\/li>\n<li><a href=\"https:\/\/news.google.com\/rss\/articles\/CBMiywFBVV95cUxQUkthU2g4ekx3eGpmV2RRbG42dURueV9OQ245b2FzeVBUVEFWS3VXWjVIUEphNXdLNFM4c2RVa3FQUDh6WG1qYmFJNzU1X01GRG1uNEhzekZTQjVUeE0yZXhDWjlTb2FxWFJQUGNKTEU5ZjlDR25YNDFjME4wMGhHeXJkNmtvYjRpb1dVa0thQ29iWmp3allVR1hneTQwcW9meXdvVmRib1VnaVptZ29lZzduM0t0eVZQYlYyakFtdXVlWmJiYTZLWXBoOA?oc=5\" target=\"_blank\" rel=\"noopener\">En images. FCG : victoire \u00e0 75 points, mal\u00e9diction de la mont\u00e9e en Top 14&#8230; Revivez la saison 2024-2025<\/a>&nbsp;&nbsp;Le Dauphin\u00e9 Lib\u00e9r\u00e9<\/li>\n<li><a href=\"https:\/\/news.google.com\/rss\/articles\/CBMirwFBVV95cUxOX0FlWGtzdG9nR1lxanpQRGE4Um9TS0NSWVltSlE2emFkZTJKSEczbXR2eWZ0eHk3T09ES1hGSXA2Q1VWcWpQalRQOWNLajVSVkNsR2MwUjE0TkpHa0FrcWxtRHd5WFM2dFVVN1ZkZ3VfSmsyb3R2QkRoZzRyVXJqbmFJcVRiZXpodDRmVW1BOENmM0JNdmJCV0FfbEF3QlJvOEZkOUgwOTZkU0w1OXVr?oc=5\" target=\"_blank\" rel=\"noopener\">Effectif : des recrues estampill\u00e9es Top 14 sont arriv\u00e9es \u00e0 Grenoble<\/a>&nbsp;&nbsp;Rugbyrama<\/li>\n<li><a href=\"https:\/\/news.google.com\/rss\/articles\/CBMixwFBVV95cUxNN2tkWXN1TzI5Zmpkd1QtWE45TkFvUlQzNkQyNFppX2puWUdTSUpVX3JQWGF2U3NYbERJMjBfQ0pqQVAtMVVfb2t6U09EeExQSlQ2ckRfSm45dnlZeFRIN0MxNHo1WXFDVVBReVFOUm84eHBSdldoQWdYZkNYOFNmUlhCUHlWaDVCbi1CM1ZmQWt4RzE5MzB5aXBHUmxTcjlNYUNRZl9nN3JfcWZZN25uOEVWdnRLNWd2ZzYzeWp2aTV6WVJCWnhN?oc=5\" target=\"_blank\" rel=\"noopener\">Rugby &#8211; Pro D2. FCG : \u00ab \u00c0 nous d\u2019\u00eatre pertinents et r\u00e9silients \u00bb : l\u2019ambition d&rsquo;Aubin Hueber pour la reprise<\/a>&nbsp;&nbsp;Le Dauphin\u00e9 Lib\u00e9r\u00e9<\/li>\n<li><a href=\"https:\/\/news.google.com\/rss\/articles\/CBMi8AFBVV95cUxNQk1vUUVjMFhiaG1rVm9xckhtUm1fTXNDcjRqV1NoLVF2ZXRCMXFieDFicmFlX1ZGY0dTWXRnWWtiR010cV9GQnRBMEVENW9LR2l5Zkx6Z3dBOVViTlJ6b3NPV01WZWJBWTk4MTlsVGJJZlg1X29mSnpYYXNaMzJBRlEtb2xvZjRxNTktNUZfTTRBei1PeW1TU3phaElYVFFGV3RMeG9QQnlYR1Q0LWRTdGRZVUZpZ3ZEQ0E0NDlxNEJERTVzTjVNZW9xZU53V0FhR3JrZ0VGNG9GSm1RZXRFYzBMX2M4Z2JnRjVrQnExYWk?oc=5\" target=\"_blank\" rel=\"noopener\">\u00ab\u00a0On a r\u00e9alis\u00e9 l\u2019irr\u00e9alisable\u00a0\u00bb : le FCG devra oublier ses \u00e9checs pour enfin retrouver le Top 14<\/a>&nbsp;&nbsp;Rugbyrama<\/li>\n<\/ol>\n","protected":false},"excerpt":{"rendered":"\u00ab Ne pas se positionner en victime \u00bb : le FCG repart \u00e0 l\u2019assaut de la Pro D2&nbsp;&nbsp;Le&hellip;\n","protected":false},"author":2,"featured_media":342640,"comment_status":"","ping_status":"","sticky":false,"template":"","format":"standard","meta":{"footnotes":""},"categories":[1416],"tags":[112,113,114,2727,1701,1011,27,2731,2732,108,2308,479,1468,517,1947,60],"class_list":{"0":"post-342639","1":"post","2":"type-post","3":"status-publish","4":"format-standard","5":"has-post-thumbnail","7":"category-rugby","8":"tag-edition-grenoble-agglomeration","9":"tag-edition-gresivaudan-oisans","10":"tag-edition-voiron-saint-marcellin","11":"tag-fcg-fc-grenoble-rugby","12":"tag-fil-info-sport","13":"tag-fr","14":"tag-france","15":"tag-grenoble","16":"tag-grenoble-bassin","17":"tag-isere","18":"tag-pro-d2","19":"tag-rugby","20":"tag-rugby-football","21":"tag-sport","22":"tag-sport-national","23":"tag-sports"},"share_on_mastodon":{"url":"https:\/\/pubeurope.com\/@fr\/115089054371565486","error":""},"_links":{"self":[{"href":"https:\/\/www.europesays.com\/fr\/wp-json\/wp\/v2\/posts\/342639","targetHints":{"allow":["GET"]}}],"collection":[{"href":"https:\/\/www.europesays.com\/fr\/wp-json\/wp\/v2\/posts"}],"about":[{"href":"https:\/\/www.europesays.com\/fr\/wp-json\/wp\/v2\/types\/post"}],"author":[{"embeddable":true,"href":"https:\/\/www.europesays.com\/fr\/wp-json\/wp\/v2\/users\/2"}],"replies":[{"embeddable":true,"href":"https:\/\/www.europesays.com\/fr\/wp-json\/wp\/v2\/comments?post=342639"}],"version-history":[{"count":0,"href":"https:\/\/www.europesays.com\/fr\/wp-json\/wp\/v2\/posts\/342639\/revisions"}],"wp:featuredmedia":[{"embeddable":true,"href":"https:\/\/www.europesays.com\/fr\/wp-json\/wp\/v2\/media\/342640"}],"wp:attachment":[{"href":"https:\/\/www.europesays.com\/fr\/wp-json\/wp\/v2\/media?parent=342639"}],"wp:term":[{"taxonomy":"category","embeddable":true,"href":"https:\/\/www.europesays.com\/fr\/wp-json\/wp\/v2\/categories?post=342639"},{"taxonomy":"post_tag","embeddable":true,"href":"https:\/\/www.europesays.com\/fr\/wp-json\/wp\/v2\/tags?post=342639"}],"curies":[{"name":"wp","href":"https:\/\/api.w.org\/{rel}","templated":true}]}}