{"id":342641,"date":"2025-08-25T10:59:10","date_gmt":"2025-08-25T10:59:10","guid":{"rendered":"https:\/\/www.europesays.com\/fr\/342641\/"},"modified":"2025-08-25T10:59:10","modified_gmt":"2025-08-25T10:59:10","slug":"us-open-alcaraz-est-anxieux-ce-sera-vraiment-difficile-daffronter-opelka-pour-la-premiere-fois-nous-connaissons-tous-son-style-de-jeu","status":"publish","type":"post","link":"https:\/\/www.europesays.com\/fr\/342641\/","title":{"rendered":"US Open > Alcaraz est anxieux : \u00ab\u00a0Ce sera vraiment difficile d&rsquo;affronter Opelka pour la premi\u00e8re fois. Nous connaissons tous son style de jeu\u00a0\u00bb"},"content":{"rendered":"<p>Affronter au premier tour d\u2019un tournoi du Grand Chelem, le g\u00e9ant Opelka n\u2019est pas un sin\u00e9\u00adcure. L\u2019Espagnol le sait et il va aborder cette rencontre avec beau\u00adcoup de s\u00e9rieux.<\/p>\n<p>\u00ab\u202f<strong>Ce sera vrai\u00adment diffi\u00adcile d\u2019af\u00adfronter Opelka pour la premi\u00e8re fois. Nous connais\u00adsons tous son style de jeu. Je dois donc \u00eatre pr\u00eat, rester concentr\u00e9 sur mon retour, essayer de le faire autant que possible. On verra bien. Je vais essayer de trouver un bon rythme de jeu, de bien jouer en fond de court quand il me le permettra. J\u2019ai une grande confiance en moi. Je me sens bien sur le court. J\u2019ai un bon feeling avec la balle. J\u2019essaie juste de me pr\u00e9parer du mieux que je\u00a0peux\u202f\u00bb<\/strong><\/p>\n<p class=\"post-published-date\" style=\"color: silver; font-size: 75%; text-align: left;\">Publi\u00e9 le lundi 25 ao\u00fbt 2025 \u00e0 10:44<\/p>\n","protected":false},"excerpt":{"rendered":"Affronter au premier tour d\u2019un tournoi du Grand Chelem, le g\u00e9ant Opelka n\u2019est pas un sin\u00e9\u00adcure. L\u2019Espagnol le&hellip;\n","protected":false},"author":2,"featured_media":342642,"comment_status":"","ping_status":"","sticky":false,"template":"","format":"standard","meta":{"footnotes":""},"categories":[1415],"tags":[1744,1011,27,60,1467],"class_list":{"0":"post-342641","1":"post","2":"type-post","3":"status-publish","4":"format-standard","5":"has-post-thumbnail","7":"category-tennis","8":"tag-alcaraz","9":"tag-fr","10":"tag-france","11":"tag-sports","12":"tag-tennis"},"share_on_mastodon":{"url":"https:\/\/pubeurope.com\/@fr\/115089058257197225","error":""},"_links":{"self":[{"href":"https:\/\/www.europesays.com\/fr\/wp-json\/wp\/v2\/posts\/342641","targetHints":{"allow":["GET"]}}],"collection":[{"href":"https:\/\/www.europesays.com\/fr\/wp-json\/wp\/v2\/posts"}],"about":[{"href":"https:\/\/www.europesays.com\/fr\/wp-json\/wp\/v2\/types\/post"}],"author":[{"embeddable":true,"href":"https:\/\/www.europesays.com\/fr\/wp-json\/wp\/v2\/users\/2"}],"replies":[{"embeddable":true,"href":"https:\/\/www.europesays.com\/fr\/wp-json\/wp\/v2\/comments?post=342641"}],"version-history":[{"count":0,"href":"https:\/\/www.europesays.com\/fr\/wp-json\/wp\/v2\/posts\/342641\/revisions"}],"wp:featuredmedia":[{"embeddable":true,"href":"https:\/\/www.europesays.com\/fr\/wp-json\/wp\/v2\/media\/342642"}],"wp:attachment":[{"href":"https:\/\/www.europesays.com\/fr\/wp-json\/wp\/v2\/media?parent=342641"}],"wp:term":[{"taxonomy":"category","embeddable":true,"href":"https:\/\/www.europesays.com\/fr\/wp-json\/wp\/v2\/categories?post=342641"},{"taxonomy":"post_tag","embeddable":true,"href":"https:\/\/www.europesays.com\/fr\/wp-json\/wp\/v2\/tags?post=342641"}],"curies":[{"name":"wp","href":"https:\/\/api.w.org\/{rel}","templated":true}]}}