{"id":342646,"date":"2025-08-25T11:03:15","date_gmt":"2025-08-25T11:03:15","guid":{"rendered":"https:\/\/www.europesays.com\/fr\/342646\/"},"modified":"2025-08-25T11:03:15","modified_gmt":"2025-08-25T11:03:15","slug":"cyclisme-transfert-un-geant-danois-quitte-movistar-et-rejoint-sa-soeur-chez-lidl-trek","status":"publish","type":"post","link":"https:\/\/www.europesays.com\/fr\/342646\/","title":{"rendered":"Cyclisme. Transfert &#8211; Un g\u00e9ant danois quitte Movistar&#8230; et rejoint sa soeur chez Lidl-Trek"},"content":{"rendered":"<p>Une histoire de famille. Chez les\u00a0<strong>Norsgaard<\/strong>, il semble qu&rsquo;on aime courir ensemble et dans la m\u00eame structure, puisqu&rsquo;un an seulement apr\u00e8s qu&rsquo;<strong><a href=\"https:\/\/www.cyclismactu.net\/..\/news-tour-de-france-femmes-route-emma-norsgaard-emue-ma-plus-belle-victoire-76427.html\" target=\"_blank\" rel=\"nofollow noopener\">Emma<\/a><\/strong>\u00a0a\u00a0quitt\u00e9 la <strong>Movistar<\/strong> pour rejoindre l&rsquo;\u00e9quipe <strong>Lidl-Trek<\/strong>, son grand fr\u00e8re\u00a0<strong>Mathias Norsgaard<\/strong> s&rsquo;est empress\u00e9 d&rsquo;en faire de m\u00eame pour la rejoindre et suivre ses traces au sein de la formation am\u00e9ricaine ! La fratrie n&rsquo;aura donc pas \u00e9t\u00e9 s\u00e9par\u00e9e bien longtemps, et ce alors m\u00eame que le Danois de 28 ans \u00e9tait sous contrat jusqu&rsquo;en 2026 avec l&rsquo;\u00e9curie espagnole, qu&rsquo;il avait rejoint en 2020. Apr\u00e8s six ans dans la WorldTeam ib\u00e9rique, \u00ab\u00a0le plus grand coureur du WorldTour\u00a0\u00bb du haut de ses 2.02 m\u00e8tres se lance donc dans une nouvelle aventure chez <strong><a href=\"https:\/\/www.cyclismactu.net\/..\/news-transfert-route-jonathan-milan-a-prolonge-chez-lidl-trek-jusqu-en-2029-89725.html\" target=\"_blank\" rel=\"nofollow noopener\">Lidl-Trek<\/a><\/strong>\u00a0pour les deux prochaines ann\u00e9es. Celui qui ne compte \u00e0 son maigre palmar\u00e8s qu&rsquo;un titre de champion national du chrono et une victoire sur le <strong>Tour de l&rsquo;Avenir 2019<\/strong> devrait \u00e0 nouveau se contenter d&rsquo;un r\u00f4le d&rsquo;\u00e9quipier pour <strong><a href=\"https:\/\/www.cyclismactu.net\/..\/news-tour-d-espagne-route-la-lidl-trek-autour-de-mads-pedersen-et-giulio-ciccone-89672.html\" target=\"_blank\" rel=\"nofollow noopener\">Mads Pedersen<\/a><\/strong> et consorts, \u00e0 la fois pr\u00e9cieux par sa taille et sa capacit\u00e9 \u00e0 rouler pour prot\u00e9ger ses leaders.<\/p>\n<p>Vid\u00e9o &#8211; Mathias Norsgaard va retrouver sa petite soeur Emma Lire la suite de l&rsquo;article&#13;<\/p>\n<p>\u00a0<\/p>\n<p>&#13;<br \/>\n\u00ab\u00a0Mads Pedersen aime les grands coureurs, et avec mes 2m02, je suis le plus grand du WorldTour\u00a0\u00bb&#13;<\/p>\n<p><strong>Mathias Norsgaard<\/strong> :<\/p>\n<p>&#13;<\/p>\n<p>\u00ab\u00a0Je suis tellement excit\u00e9 de rejoindre l&rsquo;\u00e9quipe. C&rsquo;est une v\u00e9ritable avanc\u00e9e pour moi. En fin de compte, mon r\u00f4le de cycliste est d&rsquo;\u00eatre un domestique, et je cherchais un leader d&rsquo;envergure auquel je pouvais m&rsquo;investir pleinement. Avec Mads, j&rsquo;ai le sentiment d&rsquo;avoir trouv\u00e9 exactement cela. Je veux exceller dans mon travail et j&rsquo;ai un grand r\u00eave : l&rsquo;aider \u00e0 remporter un Monument. J&rsquo;ai deux ans de moins que Mads, j&rsquo;ai donc grandi en le connaissant sans \u00eatre des amis proches. Au fil des ans, je l&rsquo;ai vu devenir un leader comme peu d&rsquo;autres dans le sport \u2013 inutile de lui demander s&rsquo;il est un leader, \u00e7a se voit dans sa fa\u00e7on de parler aux coureurs et au staff. Nous avions d\u00e9j\u00e0 parl\u00e9 de rouler ensemble, mais le cyclisme n&rsquo;offre pas toujours la situation id\u00e9ale. Maintenant, oui. Mads aime les grands coureurs, et avec mes 2m02, je suis le plus grand du WorldTour, ce qui, je pense, peut vraiment m&rsquo;aider dans mon r\u00f4le de domestique.<\/p>\n<p>&#13;<\/p>\n<p>J&rsquo;ai l&rsquo;impression que Lidl-Trek est l&rsquo;une des \u00e9quipes les mieux g\u00e9r\u00e9es du sport. Ici, tout est clair, juste de la grinta et du respect mutuel. Avec des leaders comme Mads, Ciccone, Milan et Skjelmose, je sais que j&rsquo;aurai toujours un r\u00f4le et un objectif clair au sein de l&rsquo;\u00e9quipe. Entendre Emma expliquer le fonctionnement de l&rsquo;\u00e9quipe n&rsquo;a fait que faciliter ma d\u00e9cision. J&rsquo;ai d\u00e9j\u00e0 couru dans la m\u00eame \u00e9quipe que ma s\u0153ur, et c&rsquo;est un sentiment incroyable, mais sp\u00e9cial. Partager des stages et des courses avec elle est une grande fiert\u00e9 pour ma famille, et j&rsquo;ai h\u00e2te de revivre cela.\u00a0\u00bb<\/p>\n<p>&#13;<\/p>\n<p>\u00a0<\/p>\n<p>&#13;<\/p>\n<p><strong>Luca Guercilena, directeur g\u00e9n\u00e9ral de Lidl-Trek<\/strong> :<\/p>\n<p>&#13;<\/p>\n<p>\u00ab\u00a0Mathias est un moteur puissant et nous sommes ravis de l&rsquo;accueillir \u00e0 bord pour les deux prochaines saisons. Il a la puissance n\u00e9cessaire pour travailler longtemps en premi\u00e8re ligne, mais aussi la polyvalence n\u00e9cessaire pour soutenir l&rsquo;\u00e9quipe jusque dans le final. Il a d\u00e9montr\u00e9 de solides qualit\u00e9s en contre-la-montre, et nous pensons qu&rsquo;il a encore du potentiel \u00e0 exploiter. Surtout, Mathias est tr\u00e8s motiv\u00e9 et veut tout donner pour ses co\u00e9quipiers, et nous sommes convaincus qu&rsquo;il s&rsquo;int\u00e9grera parfaitement \u00e0 notre groupe\u00a0\u00bb.<\/p>\n","protected":false},"excerpt":{"rendered":"Une histoire de famille. Chez les\u00a0Norsgaard, il semble qu&rsquo;on aime courir ensemble et dans la m\u00eame structure, puisqu&rsquo;un&hellip;\n","protected":false},"author":2,"featured_media":342647,"comment_status":"","ping_status":"","sticky":false,"template":"","format":"standard","meta":{"footnotes":""},"categories":[1411],"tags":[1154,207,211,1011,27,209,60,210,969,212,208,213],"class_list":{"0":"post-342646","1":"post","2":"type-post","3":"status-publish","4":"format-standard","5":"has-post-thumbnail","7":"category-cyclisme","8":"tag-cycling","9":"tag-cyclisme","10":"tag-ffc","11":"tag-fr","12":"tag-france","13":"tag-route","14":"tag-sports","15":"tag-tour-de-france","16":"tag-transfert","17":"tag-uci","18":"tag-velo","19":"tag-world-tour"},"share_on_mastodon":{"url":"https:\/\/pubeurope.com\/@fr\/115089074007838234","error":""},"_links":{"self":[{"href":"https:\/\/www.europesays.com\/fr\/wp-json\/wp\/v2\/posts\/342646","targetHints":{"allow":["GET"]}}],"collection":[{"href":"https:\/\/www.europesays.com\/fr\/wp-json\/wp\/v2\/posts"}],"about":[{"href":"https:\/\/www.europesays.com\/fr\/wp-json\/wp\/v2\/types\/post"}],"author":[{"embeddable":true,"href":"https:\/\/www.europesays.com\/fr\/wp-json\/wp\/v2\/users\/2"}],"replies":[{"embeddable":true,"href":"https:\/\/www.europesays.com\/fr\/wp-json\/wp\/v2\/comments?post=342646"}],"version-history":[{"count":0,"href":"https:\/\/www.europesays.com\/fr\/wp-json\/wp\/v2\/posts\/342646\/revisions"}],"wp:featuredmedia":[{"embeddable":true,"href":"https:\/\/www.europesays.com\/fr\/wp-json\/wp\/v2\/media\/342647"}],"wp:attachment":[{"href":"https:\/\/www.europesays.com\/fr\/wp-json\/wp\/v2\/media?parent=342646"}],"wp:term":[{"taxonomy":"category","embeddable":true,"href":"https:\/\/www.europesays.com\/fr\/wp-json\/wp\/v2\/categories?post=342646"},{"taxonomy":"post_tag","embeddable":true,"href":"https:\/\/www.europesays.com\/fr\/wp-json\/wp\/v2\/tags?post=342646"}],"curies":[{"name":"wp","href":"https:\/\/api.w.org\/{rel}","templated":true}]}}