{"id":342648,"date":"2025-08-25T11:04:10","date_gmt":"2025-08-25T11:04:10","guid":{"rendered":"https:\/\/www.europesays.com\/fr\/342648\/"},"modified":"2025-08-25T11:04:10","modified_gmt":"2025-08-25T11:04:10","slug":"medini-on-nous-prend-pour-des-c-avec-rabiot","status":"publish","type":"post","link":"https:\/\/www.europesays.com\/fr\/342648\/","title":{"rendered":"Medini : \u00ab On nous prend pour des c\u2026 avec Rabiot \u00bb"},"content":{"rendered":"<p><strong><\/p>\n<p>Najim Medini ne comprend pas la sortie de Roberto De Zerbi sur Adrien Rabiot. Le consultant n\u2019imagine pas les dirigeants revenir sur leurs propos du d\u00e9but de semaine.<\/p>\n<p><\/strong><\/p>\n<p>Au micro de Winamax, Najim Medini s\u2019est exprim\u00e9 sur l\u2019affaire Adrien Rabiot. Si la sortie de Roberto De Zerbi sur Adrien Rabiot a donn\u00e9 de l\u2019espoir \u00e0 quelques supporters, elle n\u2019a pas \u00e9t\u00e9 comprise par le consultant.<\/p>\n<p>\u00ab J\u2019ai \u00e9t\u00e9 un peu choqu\u00e9. <strong>Si Rabiot est r\u00e9int\u00e9gr\u00e9, c\u2019est honteux et ridicule<\/strong>. Les mots ont un sens et du poids. De Zerbi a tenu des propos forts et 24 heures plus tard, il se contredit. On nous prend pour des cons \u00bb, a-t-il d\u00e9clar\u00e9.<\/p>\n<p>Le consultant garde en t\u00eate les mots employ\u00e9s <a href=\"https:\/\/www.footmarseille.com\/128335-les-dirigeants-sceptiques-sur-un-retour-de-rabiot\" target=\"_blank\" rel=\"noopener\">par Medhi Benatia et Pablo Longoria<\/a>, pour justifier le placement de Rabiot sur la liste des transferts : \u00ab Ils ont parl\u00e9 de violence inou\u00efe. De Zerbi a dit qu\u2019il ne voulait pas se prostituer pour un joueur. Il y a eu des d\u00e9clarations de V\u00e9ronique Rabiot. Elle a dit que De Zerbi n\u2019arr\u00eatait pas d\u2019aboyer et que Benatia et Longoria n\u2019avaient rien \u00e0 faire l\u00e0. Si tu commences \u00e0 parler dans la presse\u2026 Il y a un moment, \u00e7a a du sens. On se sent trahis. Je me rangeais avec le club. \u00bb<\/p>\n<p>Pour Medini, le retour de Rabiot n\u2019a donc pas de sens. M\u00eame s\u2019il admet que \u00ab dans le football, <strong>\u00e7a va tr\u00e8s vite dans un sens comme dans l\u2019autre<\/strong> \u00bb.<\/p>\n<p>La suite du dossier d\u00e9pendra sans doute moins du sportif que des ego. A voir maintenant si V\u00e9ronique Rabiot, Medhi Benatia et Pablo Longoria parviendront \u00e0 renouer le dialogue.<\/p>\n","protected":false},"excerpt":{"rendered":"Najim Medini ne comprend pas la sortie de Roberto De Zerbi sur Adrien Rabiot. Le consultant n\u2019imagine pas&hellip;\n","protected":false},"author":2,"featured_media":324674,"comment_status":"","ping_status":"","sticky":false,"template":"","format":"standard","meta":{"footnotes":""},"categories":[1410],"tags":[63,1011,27,60],"class_list":{"0":"post-342648","1":"post","2":"type-post","3":"status-publish","4":"format-standard","5":"has-post-thumbnail","7":"category-football","8":"tag-football","9":"tag-fr","10":"tag-france","11":"tag-sports"},"share_on_mastodon":{"url":"https:\/\/pubeurope.com\/@fr\/115089077979470602","error":""},"_links":{"self":[{"href":"https:\/\/www.europesays.com\/fr\/wp-json\/wp\/v2\/posts\/342648","targetHints":{"allow":["GET"]}}],"collection":[{"href":"https:\/\/www.europesays.com\/fr\/wp-json\/wp\/v2\/posts"}],"about":[{"href":"https:\/\/www.europesays.com\/fr\/wp-json\/wp\/v2\/types\/post"}],"author":[{"embeddable":true,"href":"https:\/\/www.europesays.com\/fr\/wp-json\/wp\/v2\/users\/2"}],"replies":[{"embeddable":true,"href":"https:\/\/www.europesays.com\/fr\/wp-json\/wp\/v2\/comments?post=342648"}],"version-history":[{"count":0,"href":"https:\/\/www.europesays.com\/fr\/wp-json\/wp\/v2\/posts\/342648\/revisions"}],"wp:featuredmedia":[{"embeddable":true,"href":"https:\/\/www.europesays.com\/fr\/wp-json\/wp\/v2\/media\/324674"}],"wp:attachment":[{"href":"https:\/\/www.europesays.com\/fr\/wp-json\/wp\/v2\/media?parent=342648"}],"wp:term":[{"taxonomy":"category","embeddable":true,"href":"https:\/\/www.europesays.com\/fr\/wp-json\/wp\/v2\/categories?post=342648"},{"taxonomy":"post_tag","embeddable":true,"href":"https:\/\/www.europesays.com\/fr\/wp-json\/wp\/v2\/tags?post=342648"}],"curies":[{"name":"wp","href":"https:\/\/api.w.org\/{rel}","templated":true}]}}