{"id":342649,"date":"2025-08-25T11:05:10","date_gmt":"2025-08-25T11:05:10","guid":{"rendered":"https:\/\/www.europesays.com\/fr\/342649\/"},"modified":"2025-08-25T11:05:10","modified_gmt":"2025-08-25T11:05:10","slug":"le-chef-jean-imbert-accuse-de-violences-conjugales-le-celebre-cuisiner-et-vainqueur-de-top-chef-desormais-vise-par-une-plainte-de-son-ex-compagne-lila-salet","status":"publish","type":"post","link":"https:\/\/www.europesays.com\/fr\/342649\/","title":{"rendered":"Le chef Jean Imbert accus\u00e9 de violences conjugales\u00a0: le c\u00e9l\u00e8bre cuisiner et vainqueur de \u00ab\u00a0Top Chef\u00a0\u00bb d\u00e9sormais vis\u00e9 par une plainte de son ex-compagne Lila Salet"},"content":{"rendered":"<p>\n                                                                Lila Salet, ancienne actrice et ex-compagne de Jean Imbert, a d\u00e9pos\u00e9 plainte pour violences conjugales contre le c\u00e9l\u00e8bre cuisinier et ancien vainqueur de \u00ab\u00a0Top Chef\u00a0\u00bb.\n                            <\/p>\n<p>L\u2019ex-com\u00e9dienne de 33 ans a d\u00e9pos\u00e9 plainte samedi dans un commissariat de Versailles pour des faits qui se sont d\u00e9roul\u00e9s selon elle entre\u00a02012 et\u00a02013, au moment de sa liaison avec le chef, comme relat\u00e9 par le magazine Elle. Lila Salet, notamment vue dans le film \u00ab\u00a0Amour\u00a0&amp; turbulences\u00a0\u00bb avec Nicolas Bedos et Ludivine Sagnier, s\u2019\u00e9tait d\u00e9j\u00e0 confi\u00e9e dans ce magazine en avril, aux c\u00f4t\u00e9s de trois autres anciennes compagnes accusant de violences physiques et psychologiques le chef de la c\u00e9l\u00e8bre adresse parisienne Plaza Ath\u00e9n\u00e9e. Jean Imbert, 44 ans, a ni\u00e9 dans Elle avoir exerc\u00e9 la moindre violence physique ou psychologique envers ses ex-compagnes.<\/p>\n<p>Dans sa plainte, que l\u2019AFP a pu consulter, Lila Salet, aujourd\u2019hui \u00e0 la t\u00eate d\u2019une agence immobili\u00e8re, fait notamment \u00e9tat de gifles r\u00e9currentes et d\u2019une s\u00e9questration dans un h\u00f4tel. D\u00e9but 2013, Lila Salet avait d\u00e9pos\u00e9 plainte, avant de la retirer.<a href=\"https:\/\/www.lindependant.fr\/2025\/08\/20\/il-ma-mis-un-coup-de-tete-lancienne-miss-france-alexandra-rosenfeld-diffuse-sa-radio-du-nez-et-revele-les-violences-de-son-ancien-compagnon-le-chef-12884543.php\" target=\"_self\" rel=\"nofollow noopener\"> Il y a quelques jours, Alexandra Rosenfeld, ancienne Miss France (2006), a r\u00e9v\u00e9l\u00e9 sur Instagram \u00eatre une des ex-compagnes de Jean Imbert t\u00e9moignant dans Elle contre lui sous un pseudonyme.<\/a> Elle y accusait notamment l\u2019ancien gagnant de Top Chef (2012) de lui avoir fractur\u00e9 le nez, avec une radiographie \u00e0 l\u2019appui.<\/p>\n<p>\u00ab\u00a0Avec moi, il avait \u00e9t\u00e9 violent\u00a0\u00bb<\/p>\n<p>C\u2019est ce t\u00e9moignage qui a d\u00e9clench\u00e9 la plainte de samedi de Lila Salet. \u00ab\u00a0Avec moi, il avait \u00e9t\u00e9 violent\u00a0\u00bb, a-t-elle confi\u00e9 \u00e0 l\u2019AFP. \u00ab\u00a0J\u2019avais des doutes qu\u2019il l\u2019ait \u00e9t\u00e9 avec Alexandra Rosenfeld, mais je suis tomb\u00e9e des nues de savoir qu\u2019elle s\u2019\u00e9tait fait p\u00e9ter le nez\u00a0\u00bb. \u00ab\u00a0Donc, \u00e9videmment, \u00e7a a raviv\u00e9 une esp\u00e8ce de col\u00e8re, surtout que moi, j\u2019avais d\u00e9pos\u00e9 plainte en 2013 et que malheureusement, prise de compassion \u00e0 l\u2019\u00e9poque, je l\u2019avais retir\u00e9e\u00a0\u00bb, relate encore l\u2019ancienne com\u00e9dienne. \u00ab\u00a0Je veux que la justice soit rendue et que la v\u00e9rit\u00e9 soit entendue\u00a0\u00bb, conclut Lila Salet.<\/p>\n<p>Les communicants du chef, s\u2019adressant \u00e0 Elle, ont replac\u00e9 ce coup de t\u00eate sur Alexandra Rosenfeld dans \u00ab\u00a0un moment de violence subi par Jean Imbert alors qu\u2019il \u00e9tait empoign\u00e9 par\u00a0\u00bb sa compagne et \u00ab\u00a0s\u2019en est d\u00e9gag\u00e9\u00a0\u00bb. Le cuisinier m\u00e9diatique disait par ce m\u00eame canal regretter \u00ab\u00a0profond\u00e9ment les cons\u00e9quences pour\u00a0\u00bb l\u2019ancienne Miss France, d\u00e9crivant une relation \u00ab\u00a0insoutenable, marqu\u00e9e par les insultes et les crises\u00a0\u00bb.<\/p>\n","protected":false},"excerpt":{"rendered":"Lila Salet, ancienne actrice et ex-compagne de Jean Imbert, a d\u00e9pos\u00e9 plainte pour violences conjugales contre le c\u00e9l\u00e8bre&hellip;\n","protected":false},"author":2,"featured_media":342650,"comment_status":"","ping_status":"","sticky":false,"template":"","format":"standard","meta":{"footnotes":""},"categories":[1359],"tags":[58,59,1011,27,973],"class_list":{"0":"post-342649","1":"post","2":"type-post","3":"status-publish","4":"format-standard","5":"has-post-thumbnail","7":"category-people","8":"tag-divertissement","9":"tag-entertainment","10":"tag-fr","11":"tag-france","12":"tag-people"},"share_on_mastodon":{"url":"https:\/\/pubeurope.com\/@fr\/115089081814463487","error":""},"_links":{"self":[{"href":"https:\/\/www.europesays.com\/fr\/wp-json\/wp\/v2\/posts\/342649","targetHints":{"allow":["GET"]}}],"collection":[{"href":"https:\/\/www.europesays.com\/fr\/wp-json\/wp\/v2\/posts"}],"about":[{"href":"https:\/\/www.europesays.com\/fr\/wp-json\/wp\/v2\/types\/post"}],"author":[{"embeddable":true,"href":"https:\/\/www.europesays.com\/fr\/wp-json\/wp\/v2\/users\/2"}],"replies":[{"embeddable":true,"href":"https:\/\/www.europesays.com\/fr\/wp-json\/wp\/v2\/comments?post=342649"}],"version-history":[{"count":0,"href":"https:\/\/www.europesays.com\/fr\/wp-json\/wp\/v2\/posts\/342649\/revisions"}],"wp:featuredmedia":[{"embeddable":true,"href":"https:\/\/www.europesays.com\/fr\/wp-json\/wp\/v2\/media\/342650"}],"wp:attachment":[{"href":"https:\/\/www.europesays.com\/fr\/wp-json\/wp\/v2\/media?parent=342649"}],"wp:term":[{"taxonomy":"category","embeddable":true,"href":"https:\/\/www.europesays.com\/fr\/wp-json\/wp\/v2\/categories?post=342649"},{"taxonomy":"post_tag","embeddable":true,"href":"https:\/\/www.europesays.com\/fr\/wp-json\/wp\/v2\/tags?post=342649"}],"curies":[{"name":"wp","href":"https:\/\/api.w.org\/{rel}","templated":true}]}}