{"id":342651,"date":"2025-08-25T11:07:15","date_gmt":"2025-08-25T11:07:15","guid":{"rendered":"https:\/\/www.europesays.com\/fr\/342651\/"},"modified":"2025-08-25T11:07:15","modified_gmt":"2025-08-25T11:07:15","slug":"a-72-ans-helene-petit-raconte-lexil-des-afghans-de-cherbourg-dans-trois-livres","status":"publish","type":"post","link":"https:\/\/www.europesays.com\/fr\/342651\/","title":{"rendered":"\u00c0 72 ans, H\u00e9l\u00e8ne Petit raconte l&rsquo;exil des Afghans de Cherbourg dans trois livres"},"content":{"rendered":"<p>            Par<br \/>\n        <strong><br \/>\n            <a href=\"https:\/\/actu.fr\/auteur\/sarah-tytgat\" title=\"Consulter tous les articles de Sarah Tytgat\" target=\"_blank\" rel=\"noopener\">Sarah Tytgat<\/a><br \/>\n        <\/strong><\/p>\n<p>        Publi\u00e9 le<\/p>\n<p>            25 ao\u00fbt 2025 \u00e0 12h51        <\/p>\n<p>Elle a pris des notes durant six ans sur ses <b>rencontres avec les Afghans<\/b> du <b>camp d\u2019exil <\/b>de <a href=\"https:\/\/actu.fr\/normandie\/manche_50\" target=\"_blank\" rel=\"noopener\">Cherbourg<\/a> (Manche) et auto\u00e9dite aujourd\u2019hui<b> trois livres<\/b> qui racontent le parcours de ces gens qui ont <b>tout quitt\u00e9<\/b> pour une vie meilleure. <b>H\u00e9l\u00e8ne Petit <\/b>a 72 ans. Tr\u00e8s attir\u00e9e par le social, elle s\u2019int\u00e9resse tr\u00e8s vite au <b>ph\u00e9nom\u00e8ne de l\u2019exil<\/b>.<\/p>\n<p class=\" wall-content\">Alors qu\u2019elle est invit\u00e9e aux soir\u00e9es de son ami, ancien pr\u00e9sident de l\u2019association cherbourgeoise <a href=\"https:\/\/actu.fr\/normandie\/cherbourg-en-cotentin_50129\/sans-eux-leconomie-se-casserait-la-figure-a-cherbourg-itinerance-appelle-a-manifester-pour-les-migrants_61984278.html\" target=\"_blank\" rel=\"noopener\">Itin\u00e9rance<\/a>, elle rencontre des Afghans. De l\u00e0, marqu\u00e9e par la culture, par la vie qu\u2019ils menaient, elle s\u2019int\u00e9resse directement \u00e0 leur pays, leurs <b>parcours de vie<\/b>, ce qui la pousse \u00e0 se rendre au <b>camp du Maupas<\/b>.<\/p>\n<p>\u00ab Pour un moment de partage\u2009\u00bb<\/p>\n<p class=\" wall-content\">Dans ce camp, des tentes sont mises \u00e0 disposition par des associations pour les <b>migrants<\/b>. Par leurs r\u00e9cits, elle apprend \u00e0 aimer leur pays, leurs traditions et a de r\u00e9els <b>\u00e9changes <\/b>avec eux.<\/p>\n<p class=\" wall-content\">\u00c0 partir de ses notes, elle d\u00e9cide de publier<b> <\/b>trois livres qui racontent des histoires diff\u00e9rentes, afin de partager ces histoires de vie \u00e0 tous.<\/p>\n<blockquote class=\"ac-article-quote wall-content\">\n<p>Je n\u2019\u00e9cris pas pour vendre, mais pour un moment de partage.<\/p>\n<p>H\u00e9l\u00e8ne Petit, auteure des livres sur les Afghans<\/p><\/blockquote>\n<p class=\" wall-content\">L\u2019auteure ne se consid\u00e8re pas comme professionnelle, l\u2019<b>auto\u00e9dition<\/b> est un choix de simplicit\u00e9 pour elle. \u00ab\u2009Je ne voulais pas mettre de l\u2019\u00e9nergie \u00e0 chercher un \u00e9diteur mais si un se propose je ne dirais pas non\u2009\u00bb, glisse-t-elle.\u00a0<\/p>\n<p>Vid\u00e9os : en ce moment sur ActuTrois livres aux histoires fortes<\/p>\n<p class=\" wall-content\">Les trois livres d\u2019H\u00e9l\u00e8ne racontent <b>trois histoires<\/b> bien diff\u00e9rentes, bien que dans les r\u00e9cits des Afghans, le <b>deuil du pays<\/b>, le trajet pour <b>fuir\u00a0<\/b>\u00e0 la recherche d\u2019une <b>nouvelle vie <\/b>sont des sujets qui reviennent fr\u00e9quemment.<\/p>\n<p>    <img   decoding=\"async\" loading=\"lazy\" class=\"size-large\" src=\"https:\/\/www.europesays.com\/fr\/wp-content\/uploads\/2025\/08\/2964d5e595a861d64d5e595a8f074dv-960x640.jpg\" alt=\"Silhouettes d'exil, Entre deux mondes entre deux silences et Enayatullah, au fronti\u00e8re d'un homme en ruine sont les trois ouvrages d'H\u00e9l\u00e8ne Petit\" width=\"960\" height=\"640\"\/><br \/>\n    Silhouettes d\u2019exil, Entre deux mondes entre deux silences et Enayatullah, aux fronti\u00e8res d\u2019un homme en ruine sont les trois ouvrages d\u2019H\u00e9l\u00e8ne Petit. \u00a9Sarah Tytgat<\/p>\n<p>Votre r\u00e9gion, votre actu !<\/p>\n<p>Recevez chaque jour les infos qui comptent pour vous.<\/p>\n<p>\t<a href=\"https:\/\/actu.fr\/newsletter\" class=\"ac-btn ac-btn--corner ac-btn--medium ac-btn--blue800\" target=\"_blank\" rel=\"noopener\">S&rsquo;incrire<\/a><\/p>\n<p class=\" wall-content\">Le premier recueil Silhouette d\u2019exil d\u00e9peint le quotidien des Afghans vivant dans les camps, en attente d\u2019une opportunit\u00e9 de passage clandestin vers l\u2019Angleterre. Au sein des camps, on y d\u00e9couvre un accueil chaleureux, malgr\u00e9 les <b>blessures <\/b>et les <b>souffrances <\/b>que chacun porte en lui.<\/p>\n<p class=\" wall-content\">Le deuxi\u00e8me Entre deux mondes, entre deux silences retrace deux ann\u00e9es de confidences partag\u00e9es avec un ami d\u00e9sormais r\u00e9fugi\u00e9 en France. On y d\u00e9couvre son enfance, l\u2019accueil en France. On peut y lire sur la quatri\u00e8me de couverture\u2009: \u00ab\u2009Si son pr\u00e9sent est plus s\u00fbr, son avenir reste incertain, suspendu \u00e0 des d\u00e9cisions administratives et \u00e0 un pass\u00e9 qui ne s\u2019efface pas.\u2009\u00bb<\/p>\n<p class=\" wall-content\">Le dernier<b> <\/b>Enayatullah aux fronti\u00e8res d\u2019un homme en ruine raconte l\u2019histoire d\u2019un exil\u00e9 bris\u00e9 par la solitude et l\u2019absence de langage. Exil\u00e9 en Irlande, il est devenu \u00ab\u2009fou\u2009\u00bb, il passe son temps \u00e0 ramasser des papiers et des canettes pour s\u2019occuper. Pourtant, dans \u00ab\u2009la jungle\u2009\u00bb, il avait su se forger un r\u00f4le social qui lui permettait de tenir.<\/p>\n<p class=\" wall-content\">Ces livres sont pour ceux qui ont envie de d\u00e9couvrir les histoires d\u2019hommes et de femmes qui ont tout quitt\u00e9, avec des<b> parcours difficiles <\/b>et une<b> vie \u00e0 reconstruire<\/b>.<\/p>\n<p class=\" wall-content\">Personnalisez votre actualit\u00e9 en ajoutant vos villes et m\u00e9dias en favori avec <a href=\"https:\/\/moncompte.actu.fr\" title=\"D\u00e9couvez Mon Actu\" rel=\"nofollow noopener\" data-trk=\"{&quot;cta&quot;:{&quot;action&quot;:&quot;https:\\\/\\\/moncompte.actu.fr&quot;,&quot;category&quot;:&quot;mon compte&quot;,&quot;from&quot;:&quot;article footer&quot;,&quot;name&quot;:&quot;Mon actu&quot;,&quot;type&quot;:&quot;cta&quot;}}\" target=\"_blank\">Mon Actu<\/a>.<\/p>\n","protected":false},"excerpt":{"rendered":"Par Sarah Tytgat Publi\u00e9 le 25 ao\u00fbt 2025 \u00e0 12h51 Elle a pris des notes durant six ans&hellip;\n","protected":false},"author":2,"featured_media":342652,"comment_status":"","ping_status":"","sticky":false,"template":"","format":"standard","meta":{"footnotes":""},"categories":[1357],"tags":[1379,3168,58,59,1011,27,1380,1251,104],"class_list":{"0":"post-342651","1":"post","2":"type-post","3":"status-publish","4":"format-standard","5":"has-post-thumbnail","7":"category-livres","8":"tag-books","9":"tag-cotentin","10":"tag-divertissement","11":"tag-entertainment","12":"tag-fr","13":"tag-france","14":"tag-livres","15":"tag-migrants","16":"tag-societe"},"share_on_mastodon":{"url":"https:\/\/pubeurope.com\/@fr\/115089089780891268","error":""},"_links":{"self":[{"href":"https:\/\/www.europesays.com\/fr\/wp-json\/wp\/v2\/posts\/342651","targetHints":{"allow":["GET"]}}],"collection":[{"href":"https:\/\/www.europesays.com\/fr\/wp-json\/wp\/v2\/posts"}],"about":[{"href":"https:\/\/www.europesays.com\/fr\/wp-json\/wp\/v2\/types\/post"}],"author":[{"embeddable":true,"href":"https:\/\/www.europesays.com\/fr\/wp-json\/wp\/v2\/users\/2"}],"replies":[{"embeddable":true,"href":"https:\/\/www.europesays.com\/fr\/wp-json\/wp\/v2\/comments?post=342651"}],"version-history":[{"count":0,"href":"https:\/\/www.europesays.com\/fr\/wp-json\/wp\/v2\/posts\/342651\/revisions"}],"wp:featuredmedia":[{"embeddable":true,"href":"https:\/\/www.europesays.com\/fr\/wp-json\/wp\/v2\/media\/342652"}],"wp:attachment":[{"href":"https:\/\/www.europesays.com\/fr\/wp-json\/wp\/v2\/media?parent=342651"}],"wp:term":[{"taxonomy":"category","embeddable":true,"href":"https:\/\/www.europesays.com\/fr\/wp-json\/wp\/v2\/categories?post=342651"},{"taxonomy":"post_tag","embeddable":true,"href":"https:\/\/www.europesays.com\/fr\/wp-json\/wp\/v2\/tags?post=342651"}],"curies":[{"name":"wp","href":"https:\/\/api.w.org\/{rel}","templated":true}]}}