{"id":342653,"date":"2025-08-25T11:08:09","date_gmt":"2025-08-25T11:08:09","guid":{"rendered":"https:\/\/www.europesays.com\/fr\/342653\/"},"modified":"2025-08-25T11:08:09","modified_gmt":"2025-08-25T11:08:09","slug":"ecran-noir-silence-gene-bonjour-interrompu-a-cause-dune-panne-sur-tf1","status":"publish","type":"post","link":"https:\/\/www.europesays.com\/fr\/342653\/","title":{"rendered":"\u00e9cran noir, silence g\u00ean\u00e9\u2026 \u00ab\u00a0Bonjour !\u00a0\u00bb interrompu \u00e0 cause d&rsquo;une panne sur TF1"},"content":{"rendered":"<p>            Par<br \/>\n        <strong><br \/>\n            <a href=\"https:\/\/actu.fr\/auteur\/redaction-actu\" title=\"Consulter tous les articles de R\u00e9daction Actu\" target=\"_blank\" rel=\"noopener\">R\u00e9daction Actu<\/a><br \/>\n        <\/strong><\/p>\n<p>        Publi\u00e9 le<\/p>\n<p>            25 ao\u00fbt 2025 \u00e0 11h46        <\/p>\n<p>\u00c9cran noir et silence g\u00ean\u00e9 \u00e0 l\u2019antenne. Alors que Bruce Toussaint et son \u00e9quipe retrouvaient les Fran\u00e7ais ce lundi 25\u00a0ao\u00fbt sur TF1 dans <a href=\"https:\/\/actu.fr\/societe\/chroniqueurs-bruce-toussaint-plateau-ce-que-l-on-sait-de-bonjour-la-future-matinale-de-tf1_60494396.html\" target=\"_blank\" rel=\"noopener\">la matinale \u00ab\u2009Bonjour\u2009!\u2009\u00bb<\/a>, ils ont \u00e9t\u00e9 contraints de suspendre l\u2019\u00e9mission en raison d\u2019une coupure de courant.<\/p>\n<p class=\" wall-content\">\n<p>Une longue page de pubs<\/p>\n<p class=\" wall-content\">En plein direct, pendant que <a href=\"https:\/\/actu.fr\/politique\/gouvernement-barnier-qui-est-laurent-saint-martin-nouveau-ministre-du-budget_61633919.html\" target=\"_blank\" rel=\"noopener\">Laurent Saint-Martin<\/a>, le ministre d\u00e9l\u00e9gu\u00e9 charg\u00e9 du commerce ext\u00e9rieur, \u00e9tait interview\u00e9 sur le plateau, <strong>la lumi\u00e8re s\u2019est \u00e9teinte<\/strong>. Le son, lui, semblait toujours fonctionner.<\/p>\n<p class=\" wall-content\">\u00ab\u2009On a un petit souci sur le plateau. Je ne sais m\u00eame si on est encore \u00e0 l\u2019antenne\u2026 J\u2019esp\u00e8re que oui, a lanc\u00e9 amus\u00e9 Bruce Toussaint. Mon oreillette ne fonctionne plus non plus.\u2009\u00bb<\/p>\n<p class=\" wall-content\">La s\u00e9quence a \u00e9t\u00e9 suivie par <strong>une longue coupure publicitaire<\/strong>, le temps de trouver une solution et de reprendre le cours normal de l\u2019\u00e9mission.<\/p>\n<p class=\" wall-content\">\n<p class=\" wall-content\">\u00ab\u2009Incident technique \u00e0 TF1. <strong>Impossible de reprendre en direct<\/strong> Bonjour\u2009! pour le moment. On vous donne des nouvelles d\u00e8s que possible\u2009! D\u00e9sol\u00e9 pour ce d\u00e9sagr\u00e9ment\u2009\u00bb, a twitt\u00e9 Bruce Toussaint sur X.<\/p>\n<p class=\" wall-content\">Les \u00e9quipes de LCI, qui partagent les m\u00eames studios, ont \u00e9galement \u00e9t\u00e9 touch\u00e9es par cette coupure d\u2019\u00e9lectricit\u00e9. La matinale de Jean-Baptiste Boursier n\u2019a pu reprendre qu\u2019au bout de <strong>dix minutes<\/strong>.<\/p>\n<p class=\" wall-content\">Personnalisez votre actualit\u00e9 en ajoutant vos villes et m\u00e9dias en favori avec <a href=\"https:\/\/moncompte.actu.fr\" title=\"D\u00e9couvez Mon Actu\" rel=\"nofollow noopener\" data-trk=\"{&quot;cta&quot;:{&quot;action&quot;:&quot;https:\\\/\\\/moncompte.actu.fr&quot;,&quot;category&quot;:&quot;mon compte&quot;,&quot;from&quot;:&quot;article footer&quot;,&quot;name&quot;:&quot;Mon actu&quot;,&quot;type&quot;:&quot;cta&quot;}}\" target=\"_blank\">Mon Actu<\/a>.<\/p>\n","protected":false},"excerpt":{"rendered":"Par R\u00e9daction Actu Publi\u00e9 le 25 ao\u00fbt 2025 \u00e0 11h46 \u00c9cran noir et silence g\u00ean\u00e9 \u00e0 l\u2019antenne. Alors&hellip;\n","protected":false},"author":2,"featured_media":342654,"comment_status":"","ping_status":"","sticky":false,"template":"","format":"standard","meta":{"footnotes":""},"categories":[1356],"tags":[58,59,1011,27,500,104,252,1364],"class_list":{"0":"post-342653","1":"post","2":"type-post","3":"status-publish","4":"format-standard","5":"has-post-thumbnail","7":"category-television","8":"tag-divertissement","9":"tag-entertainment","10":"tag-fr","11":"tag-france","12":"tag-medias","13":"tag-societe","14":"tag-television","15":"tag-tv"},"share_on_mastodon":{"url":"https:\/\/pubeurope.com\/@fr\/115089093678629763","error":""},"_links":{"self":[{"href":"https:\/\/www.europesays.com\/fr\/wp-json\/wp\/v2\/posts\/342653","targetHints":{"allow":["GET"]}}],"collection":[{"href":"https:\/\/www.europesays.com\/fr\/wp-json\/wp\/v2\/posts"}],"about":[{"href":"https:\/\/www.europesays.com\/fr\/wp-json\/wp\/v2\/types\/post"}],"author":[{"embeddable":true,"href":"https:\/\/www.europesays.com\/fr\/wp-json\/wp\/v2\/users\/2"}],"replies":[{"embeddable":true,"href":"https:\/\/www.europesays.com\/fr\/wp-json\/wp\/v2\/comments?post=342653"}],"version-history":[{"count":0,"href":"https:\/\/www.europesays.com\/fr\/wp-json\/wp\/v2\/posts\/342653\/revisions"}],"wp:featuredmedia":[{"embeddable":true,"href":"https:\/\/www.europesays.com\/fr\/wp-json\/wp\/v2\/media\/342654"}],"wp:attachment":[{"href":"https:\/\/www.europesays.com\/fr\/wp-json\/wp\/v2\/media?parent=342653"}],"wp:term":[{"taxonomy":"category","embeddable":true,"href":"https:\/\/www.europesays.com\/fr\/wp-json\/wp\/v2\/categories?post=342653"},{"taxonomy":"post_tag","embeddable":true,"href":"https:\/\/www.europesays.com\/fr\/wp-json\/wp\/v2\/tags?post=342653"}],"curies":[{"name":"wp","href":"https:\/\/api.w.org\/{rel}","templated":true}]}}